{"id":41004,"date":"2019-06-16T14:18:02","date_gmt":"2019-06-16T18:18:02","guid":{"rendered":"https:\/\/linitiative.ca\/International\/examens-scolaires-en-cote-divoire-1-289-603-candidats-en-lice\/"},"modified":"2019-06-16T14:18:02","modified_gmt":"2019-06-16T18:18:02","slug":"examens-scolaires-en-cote-divoire-1-289-603-candidats-en-lice","status":"publish","type":"post","link":"https:\/\/linitiative.ca\/International\/examens-scolaires-en-cote-divoire-1-289-603-candidats-en-lice\/","title":{"rendered":"Examens scolaires en C\u00f4te d\u2019Ivoire: 1 289 603 candidats en lice"},"content":{"rendered":"<div readability=\"32\">\n<p>Publi\u00e9 le 16.06.2019 \u00e0 19h18 par APA News<\/p>\n<\/div>\n<div readability=\"64\">\n<p>Au total, 1 289 603 candidats composeront \u00e0 la session 2019 des diff\u00e9rents examens scolaires en C\u00f4te d\u2019Ivoire, a appris APA samedi \u00e0 Abidjan.L\u2019information a \u00e9t\u00e9 r\u00e9v\u00e9l\u00e9e lors du lancement des examens \u00e0 grands tirages, \u00a0pr\u00e9sid\u00e9 par le ministre de l\u2019Education nationale de l\u2019Enseignement technique et de \u00a0la Formation professionnelle, Kandia Camara.<\/p>\n<p>\u00ab La r\u00e9partition (des candidats) par examen donne les chiffres suivants : le Certificat d\u2019\u00e9tudes primaires \u00e9l\u00e9mentaires (CEPE) CEPE (552.115 \u00a0candidats) , brevet d\u2019\u00e9tudes du premier cycle (BEPC) \u00a0: 439 529 candidats, Test d\u2019Orientation en classe de seconde (25 564 candidats) et Baccalaur\u00e9at : 273 348 candidats \u00bb, a expliqu\u00e9 la ministre, soulignant qu\u2019il y a 3214 centres d\u2019examen.<\/p>\n<p>Le programme des examens indique que les \u00e9preuves du BEPC et test d\u2019orientation qui ont d\u00e9but\u00e9 par les oraux \u00a0(du mardi 11 au vendredi 14 juin) se poursuivront avec les \u00e9preuves \u00e9crites lundi prochain jusqu\u2019au vendredi 21 juin.<\/p>\n<p>Au niveau du \u00a0CEPE, les \u00e9l\u00e8ves composeront le mardi 01 juillet.<\/p>\n<p>Quand au Baccalaur\u00e9at, il est pr\u00e9vu du mardi 25 juin au vendredi 05 juillet \u00a0les \u00e9preuves orales, suivies des \u00e9preuves \u00e9crites du lundi 08 au vendredi 12 juillet.<\/p>\n<p>\u00a0Les r\u00e9sultats seront proclam\u00e9s le mardi 09 juillet (BEPC) , samedi 15 juillet (CEPE) et le lundi 29 juillet (BAC) .<\/p>\n<\/div>\n<p>Auteur: APA News<br \/>\n<a href=\"https:\/\/www.journalducameroun.com\/examens-scolaires-en-cote-divoire-1-289-603-candidats-en-lice\/\">Cliquez ici pour lire l&rsquo;article depuis sa source.<\/a><\/p>\n","protected":false},"excerpt":{"rendered":"<p>Publi\u00e9 le 16.06.2019 \u00e0 19h18 par APA News Au total, 1 289 603 candidats composeront \u00e0 la session 2019 des diff\u00e9rents examens scolaires en C\u00f4te d\u2019Ivoire, a appris APA samedi \u00e0 Abidjan.L\u2019information a \u00e9t\u00e9 r\u00e9v\u00e9l\u00e9e lors du lancement des examens \u00e0 grands tirages, \u00a0pr\u00e9sid\u00e9 par le ministre de l\u2019Education nationale de l\u2019Enseignement technique et de [&hellip;]<\/p>\n","protected":false},"author":1965,"featured_media":0,"comment_status":"closed","ping_status":"closed","sticky":false,"template":"","format":"standard","meta":{"fifu_image_url":"","fifu_image_alt":"","footnotes":""},"categories":[73,82],"tags":[],"class_list":["post-41004","post","type-post","status-publish","format-standard","hentry","category-actualite","category-cameroun"],"_links":{"self":[{"href":"https:\/\/linitiative.ca\/International\/wp-json\/wp\/v2\/posts\/41004","targetHints":{"allow":["GET"]}}],"collection":[{"href":"https:\/\/linitiative.ca\/International\/wp-json\/wp\/v2\/posts"}],"about":[{"href":"https:\/\/linitiative.ca\/International\/wp-json\/wp\/v2\/types\/post"}],"author":[{"embeddable":true,"href":"https:\/\/linitiative.ca\/International\/wp-json\/wp\/v2\/users\/1965"}],"replies":[{"embeddable":true,"href":"https:\/\/linitiative.ca\/International\/wp-json\/wp\/v2\/comments?post=41004"}],"version-history":[{"count":0,"href":"https:\/\/linitiative.ca\/International\/wp-json\/wp\/v2\/posts\/41004\/revisions"}],"wp:attachment":[{"href":"https:\/\/linitiative.ca\/International\/wp-json\/wp\/v2\/media?parent=41004"}],"wp:term":[{"taxonomy":"category","embeddable":true,"href":"https:\/\/linitiative.ca\/International\/wp-json\/wp\/v2\/categories?post=41004"},{"taxonomy":"post_tag","embeddable":true,"href":"https:\/\/linitiative.ca\/International\/wp-json\/wp\/v2\/tags?post=41004"}],"curies":[{"name":"wp","href":"https:\/\/api.w.org\/{rel}","templated":true}]}}