{"id":41007,"date":"2019-06-16T16:50:02","date_gmt":"2019-06-16T20:50:02","guid":{"rendered":"https:\/\/linitiative.ca\/International\/israel-sara-netanyahu-reconnue-coupable-de-mauvais-usage-de-fonds-publics\/"},"modified":"2019-06-16T16:50:02","modified_gmt":"2019-06-16T20:50:02","slug":"israel-sara-netanyahu-reconnue-coupable-de-mauvais-usage-de-fonds-publics","status":"publish","type":"post","link":"https:\/\/linitiative.ca\/International\/israel-sara-netanyahu-reconnue-coupable-de-mauvais-usage-de-fonds-publics\/","title":{"rendered":"Isra\u00ebl: Sara Netanyahu reconnue coupable de mauvais usage de fonds publics"},"content":{"rendered":"<div readability=\"32\">\n<p>Publi\u00e9 le 16.06.2019 \u00e0 21h50 par AFP<\/p>\n<\/div>\n<div readability=\"157\">\n<p>L\u2019\u00e9pouse du Premier ministre isra\u00e9lien Benjamin Netanyahu, Sara, a \u00e9t\u00e9 reconnue coupable dimanche de mauvais usage de fonds publics pour payer des repas dans le cadre d\u2019un accord accept\u00e9 par la justice et pr\u00e9voyant un all\u00e8gement des charges \u00e0 son encontre.<\/p>\n<p>Ce proc\u00e8s ne conclut pas les ennuis judiciaires de la famille Netanyahu, le Premier ministre \u00e9tant susceptible d\u2019\u00eatre inculp\u00e9 dans trois autres affaires pour corruption, fraude et abus de confiance dans les prochains mois.<\/p>\n<p>avait \u00e9t\u00e9 inculp\u00e9e de fraude et d\u2019abus de confiance en juin 2018 pour avoir fait passer pour pr\u00e8s de 100.000 dollars (environ 85.000 euros) de repas aux frais du contribuable en affirmant, faussement, qu\u2019il n\u2019y avait pas de cuisinier \u00e0 la r\u00e9sidence officielle du Premier ministre.<\/p>\n<p>Son proc\u00e8s s\u2019\u00e9tait ouvert en octobre 2018.<\/p>\n<p>Mme Netanyahu a conclu un accord avec le procureur et reconnu avoir d\u00e9pens\u00e9 pour 175.000 shekels (environ 44.000 euros) sans autorisation.<\/p>\n<p>Selon les termes de l\u2019accord approuv\u00e9 par un tribunal de J\u00e9rusalem, elle a accept\u00e9 de rembourser \u00e0 l\u2019Etat 45.000 shekels (soit 11.170 euros) et de payer 10.000 shekels (soit 2.480 euros) d\u2019amende.<\/p>\n<p>En contrepartie, les charges de fraude aux d\u00e9pens de l\u2019Etat, pouvant entra\u00eener une plus lourde sanction, ont \u00e9t\u00e9 abandonn\u00e9es pour celle, plus l\u00e9g\u00e8re, d\u2019avoir tir\u00e9 profit des erreurs des comptables pour outrepasser les restrictions budg\u00e9taires impos\u00e9es \u00e0 la r\u00e9sidence du Premier ministre.<\/p>\n<p>\u2013 \u00ab\u00a0Traque surr\u00e9aliste\u00a0\u00bb \u2013<\/p>\n<p>\u00ab\u00a0L\u2019accord sign\u00e9 entre les deux parties est valable et prend en compte de mani\u00e8re appropri\u00e9e ses actes et leur gravit\u00e9 sur le plan p\u00e9nal\u00a0\u00bb, a affirm\u00e9 le juge Avital Chen dans son verdict.<\/p>\n<p>Bien que M. Netanyahu soit millionnaire, son \u00e9pouse a demand\u00e9 \u00e0 ce que le paiement soit diff\u00e9r\u00e9 et le juge l\u2019a autoris\u00e9 \u00e0 r\u00e9gler les remboursements et l\u2019amende sous forme de paiements mensuels qui prendront effet \u00e0 partir de septembre.<\/p>\n<p>Selon l\u2019acte d\u2019accusation, Sara Netanyahu, 60 ans, \u00e9tait soup\u00e7onn\u00e9e d\u2019avoir command\u00e9 entre septembre 2010 et mars 2013, pour elle-m\u00eame, les membres de sa famille et des invit\u00e9s, des centaines de repas \u00e0 diff\u00e9rents \u00e9tablissements r\u00e9put\u00e9s de J\u00e9rusalem.<\/p>\n<p>Mme Netanyahu a ni\u00e9 tout acte r\u00e9pr\u00e9hensible tout au long de la proc\u00e9dure.<\/p>\n<p>Un recours contre cet accord de plaider-coupable avait \u00e9t\u00e9 d\u00e9pos\u00e9 devant la Cour supr\u00eame par un journaliste du quotidien Haaretz.<\/p>\n<p>\u00ab\u00a0Comme dans tout accord de plaider-coupable, chaque partie fait des concessions, parfois de difficiles concessions\u00a0\u00bb, a d\u00e9clar\u00e9 le procureur Erez Padan. \u00ab\u00a0Il est juste et dans l\u2019int\u00e9r\u00eat public de mettre fin \u00e0 ce dossier\u00a0\u00bb.<\/p>\n<p>\u00ab\u00a0Aujourd\u2019hui a pris fin une traque surr\u00e9aliste pour des histoires de plateaux-repas et de nourriture\u00a0\u00bb a d\u00e9clar\u00e9 dans une vid\u00e9o Benjamin Netanyahu.<\/p>\n<p>\u00ab\u00a0Je vous le dis, s\u2019il ne s\u2019agissait pas de ma femme, il n\u2019y aurait pas eu d\u2019enqu\u00eate\u00a0\u00bb, a-t-il ajout\u00e9.<\/p>\n<p>\u2013 \u00ab\u00a0Nerfs d\u2019acier\u00a0\u00bb \u2013<\/p>\n<p>Pointant le \u00ab\u00a0d\u00e9nigrement\u00a0\u00bb de sa cliente dans la presse depuis le d\u00e9but de l\u2019affaire, l\u2019avocat de Mme Netanyahu, Yossi Cohen, a estim\u00e9 que \u00ab\u00a0personne d\u2019autre n\u2019aurait tenu dans ces conditions, cette femme a des nerfs d\u2019acier\u00a0\u00bb.<\/p>\n<p>Selon Jenny Avni, qui assiste M. Padan, \u00ab\u00a0ce verdict signifie que tout personne ayant acc\u00e8s \u00e0 des fonds publics, si haut plac\u00e9e soit elle, ne peut pas les utiliser \u00e0 des fins personnelles\u00a0\u00bb sans \u00ab\u00a0condamnation et une p\u00e9nalit\u00e9 financi\u00e8re r\u00e9elle\u00a0\u00bb.<\/p>\n<p>Sara Netanyahu a par le pass\u00e9 fait face \u00e0 d\u2019autres accusations. En 2016, un tribunal de J\u00e9rusalem avait accord\u00e9 des dommages et int\u00e9r\u00eats \u00e0 un ancien majordome de Benjamin Netanyahu qui avait accus\u00e9 le couple de mauvais traitements.<\/p>\n<p>Le Premier ministre, 69 ans dont 13 ann\u00e9es au pouvoir, doit lui \u00eatre entendu en octobre pour r\u00e9pondre d\u2019accusations de corruption, fraude et abus de confiance, dans trois affaires de dons re\u00e7us de la part de milliardaires, d\u2019\u00e9changes de bons proc\u00e9d\u00e9s entre gouvernants et patrons, et de tentatives de collusion avec la presse.<\/p>\n<p>Il proclame son innocence et d\u00e9nonce une \u00ab\u00a0chasse aux sorci\u00e8res\u00a0\u00bb contre lui et les siens.<\/p>\n<p>M. Netanyahu est en lice pour un cinqui\u00e8me mandat, apr\u00e8s avoir \u00e9chou\u00e9 \u00e0 former une coalition \u00e0 l\u2019issue des l\u00e9gislatives en avril. Le prochain scrutin aura lieu le 17 septembre.<\/p>\n<p>M\u00eame inculp\u00e9, il ne serait l\u00e9galement pas contraint de d\u00e9missionner avant d\u2019avoir \u00e9t\u00e9 reconnu coupable et d\u2019avoir \u00e9puis\u00e9 toutes les proc\u00e9dures en appel, ce qui pourrait prendre des ann\u00e9es, selon les analystes.<\/p>\n<\/div>\n<p>Auteur: AFP<br \/>\n<a href=\"https:\/\/www.journalducameroun.com\/israel-sara-netanyahu-reconnue-coupable-de-mauvais-usage-de-fonds-publics-3\/\">Cliquez ici pour lire l&rsquo;article depuis sa source.<\/a><\/p>\n","protected":false},"excerpt":{"rendered":"<p>Publi\u00e9 le 16.06.2019 \u00e0 21h50 par AFP L\u2019\u00e9pouse du Premier ministre isra\u00e9lien Benjamin Netanyahu, Sara, a \u00e9t\u00e9 reconnue coupable dimanche de mauvais usage de fonds publics pour payer des repas dans le cadre d\u2019un accord accept\u00e9 par la justice et pr\u00e9voyant un all\u00e8gement des charges \u00e0 son encontre. Ce proc\u00e8s ne conclut pas les ennuis [&hellip;]<\/p>\n","protected":false},"author":1965,"featured_media":0,"comment_status":"closed","ping_status":"closed","sticky":false,"template":"","format":"standard","meta":{"fifu_image_url":"","fifu_image_alt":"","footnotes":""},"categories":[73,82],"tags":[],"class_list":["post-41007","post","type-post","status-publish","format-standard","hentry","category-actualite","category-cameroun"],"_links":{"self":[{"href":"https:\/\/linitiative.ca\/International\/wp-json\/wp\/v2\/posts\/41007","targetHints":{"allow":["GET"]}}],"collection":[{"href":"https:\/\/linitiative.ca\/International\/wp-json\/wp\/v2\/posts"}],"about":[{"href":"https:\/\/linitiative.ca\/International\/wp-json\/wp\/v2\/types\/post"}],"author":[{"embeddable":true,"href":"https:\/\/linitiative.ca\/International\/wp-json\/wp\/v2\/users\/1965"}],"replies":[{"embeddable":true,"href":"https:\/\/linitiative.ca\/International\/wp-json\/wp\/v2\/comments?post=41007"}],"version-history":[{"count":0,"href":"https:\/\/linitiative.ca\/International\/wp-json\/wp\/v2\/posts\/41007\/revisions"}],"wp:attachment":[{"href":"https:\/\/linitiative.ca\/International\/wp-json\/wp\/v2\/media?parent=41007"}],"wp:term":[{"taxonomy":"category","embeddable":true,"href":"https:\/\/linitiative.ca\/International\/wp-json\/wp\/v2\/categories?post=41007"},{"taxonomy":"post_tag","embeddable":true,"href":"https:\/\/linitiative.ca\/International\/wp-json\/wp\/v2\/tags?post=41007"}],"curies":[{"name":"wp","href":"https:\/\/api.w.org\/{rel}","templated":true}]}}