{"id":41028,"date":"2019-06-16T10:45:38","date_gmt":"2019-06-16T14:45:38","guid":{"rendered":"https:\/\/linitiative.ca\/International\/lonu-prevoit-une-hausse-en-besoin-humanitaire-au-cameroun-en-2019\/"},"modified":"2019-06-16T10:45:38","modified_gmt":"2019-06-16T14:45:38","slug":"lonu-prevoit-une-hausse-en-besoin-humanitaire-au-cameroun-en-2019","status":"publish","type":"post","link":"https:\/\/linitiative.ca\/International\/lonu-prevoit-une-hausse-en-besoin-humanitaire-au-cameroun-en-2019\/","title":{"rendered":"L\u2019ONU pr\u00e9voit une hausse en besoin humanitaire au Cameroun en 2019"},"content":{"rendered":"<div class=\"featured-area featured-area-inner\"><img loading=\"lazy\" decoding=\"async\" width=\"678\" height=\"381\" src=\"https:\/\/i0.wp.com\/ecomatin.net\/wp-content\/uploads\/2019\/06\/ecomatin.net-securite-au-cameroun-lonu-prevoit-une-hausse-en-besoin-humanitaire-en-2019-humanitaire.jpg?resize=678%2C381&#038;ssl=1&#038;is-pending-load=1\" class=\"attachment-jannah-image-post size-jannah-image-post wp-post-image jetpack-lazy-image\" alt=\"\" data-attachment-id=\"9030\" data-permalink=\"https:\/\/ecomatin.net\/securite-au-cameroun-lonu-prevoit-une-hausse-en-besoin-humanitaire-en-2019\/humanitaire\/\" data-orig-file=\"https:\/\/i0.wp.com\/ecomatin.net\/wp-content\/uploads\/2019\/06\/ecomatin.net-securite-au-cameroun-lonu-prevoit-une-hausse-en-besoin-humanitaire-en-2019-humanitaire.jpg?fit=678%2C381&#038;ssl=1\" data-orig-size=\"678,381\" data-comments-opened=\"0\" data-image-meta=\"{\"aperture\":\"0\",\"credit\":\"\",\"camera\":\"\",\"caption\":\"\",\"created_timestamp\":\"0\",\"copyright\":\"\",\"focal_length\":\"0\",\"iso\":\"0\",\"shutter_speed\":\"0\",\"title\":\"\",\"orientation\":\"0\"}\" data-image-title=\"humanitaire\" data-image-description=\"\" data-medium-file=\"https:\/\/i0.wp.com\/ecomatin.net\/wp-content\/uploads\/2019\/06\/ecomatin.net-securite-au-cameroun-lonu-prevoit-une-hausse-en-besoin-humanitaire-en-2019-humanitaire.jpg?fit=300%2C169&#038;ssl=1\" data-large-file=\"https:\/\/i0.wp.com\/ecomatin.net\/wp-content\/uploads\/2019\/06\/ecomatin.net-securite-au-cameroun-lonu-prevoit-une-hausse-en-besoin-humanitaire-en-2019-humanitaire.jpg?fit=678%2C381&#038;ssl=1\" data-lazy-srcset=\"https:\/\/i0.wp.com\/ecomatin.net\/wp-content\/uploads\/2019\/06\/ecomatin.net-securite-au-cameroun-lonu-prevoit-une-hausse-en-besoin-humanitaire-en-2019-humanitaire.jpg?w=678&#038;ssl=1 678w, https:\/\/i0.wp.com\/ecomatin.net\/wp-content\/uploads\/2019\/06\/ecomatin.net-securite-au-cameroun-lonu-prevoit-une-hausse-en-besoin-humanitaire-en-2019-humanitaire.jpg?resize=300%2C169&#038;ssl=1 300w, https:\/\/i0.wp.com\/ecomatin.net\/wp-content\/uploads\/2019\/06\/ecomatin.net-securite-au-cameroun-lonu-prevoit-une-hausse-en-besoin-humanitaire-en-2019-humanitaire.jpg?resize=390%2C220&#038;ssl=1 390w\" data-lazy-sizes=\"(max-width: 678px) 100vw, 678px\" srcset=\"data:image\/gif;base64,R0lGODlhAQABAIAAAAAAAP\/\/\/yH5BAEAAAAALAAAAAABAAEAAAIBRAA7\"\/><\/div>\n<div class=\"entry-content entry clearfix\" readability=\"57.2459016393\">\n<p>Dans son r\u00e9cent rapport publi\u00e9 fin mai, le Bureau r\u00e9gional des Nations unies pour l\u2019Afrique centrale (<strong>Unoca<\/strong>) observe qu\u2019au Cameroun, les besoins humanitaires ont fortement augment\u00e9 au premier trimestre de 2019.<\/p>\n<p>L\u2019organisme souligne qu\u2019au cours des quatre premiers mois, le Cameroun compte <strong>263\u2009000 personnes<\/strong> d\u00e9plac\u00e9es dans la r\u00e9gion de l\u2019Extr\u00eame-Nord et abrite <strong>278\u2009884 r\u00e9fugi\u00e9s<\/strong> de la R\u00e9publique centrafricaine dans la r\u00e9gion de l\u2019Est. \u00ab\u2009<em>Outre les cons\u00e9quences de la crise du bassin du lac Tchad dans la r\u00e9gion de l\u2019Extr\u00eame-Nord, plus de <strong>1,3 million de personnes<\/strong> avaient besoin d\u2019une aide humanitaire dans les r\u00e9gions du Nord-Ouest et du Sud-Ouest en raison de la persistance des violences<\/em>\u2009\u00bb, affirme l\u2019Unoca.<\/p>\n<hr\/>\n<h4><strong>>> Lire aussi \u2013 <a title=\"Nord-Ouest\/Sud-Ouest : le Plan d\u2019assistance humanitaire d\u2019urgence dans l\u2019impasse\" href=\"https:\/\/ecomatin.net\/nord-ouest-sud-ouest-le-plan-dassistance-humanitaire-durgence-dans-limpasse\/\" target=\"_blank\" rel=\"noopener noreferrer\">Nord-Ouest\/Sud-Ouest : le Plan d\u2019assistance humanitaire d\u2019urgence dans l\u2019impasse<\/a><br \/><\/strong><\/h4>\n<hr\/>\n<p>Toujours en avril 2019, indique <strong>l\u2019Unoca<\/strong>, plus de <strong>530\u2009000 personnes<\/strong> ont \u00e9t\u00e9 d\u00e9plac\u00e9es dans les deux r\u00e9gions anglophones du Cameroun et dans les r\u00e9gions du Littoral et de l\u2019Ouest, et <strong>35\u2009858<\/strong> <strong>personnes<\/strong> ont cherch\u00e9 asile au Nig\u00e9ria. <em>\u00ab\u2009Les fermetures d\u2019\u00e9coles, les nombreux enl\u00e8vements d\u2019\u00e9l\u00e8ves et d\u2019enseignants, les restrictions \u00e0 la libert\u00e9 de circulation et les cas de violence sexuelle et fond\u00e9e sur le genre ont contribu\u00e9 \u00e0 instaurer un climat de peur et d\u2019intimidation. Ce qui a eu des r\u00e9percussions pr\u00e9judiciables \u00e0 l\u2019\u00e9conomie locale et \u00e0 l\u2019acc\u00e8s aux services sociaux de base et augment\u00e9 consid\u00e9rablement les risques en mati\u00e8re de protection\u2009\u00bb,<\/em> d\u00e9plore Bureau r\u00e9gional des Nations unies pour l\u2019Afrique centrale.<\/p>\n<hr\/>\n<h4><strong>>> Lire aussi \u2013 <a title=\"R\u00e9solution de la crise anglophone: le gouvernement revendique plus de 60 milliards de d\u00e9penses budg\u00e9taires\" href=\"https:\/\/ecomatin.net\/resolution-de-la-crise-anglophone-le-gouvernement-revendique-plus-de-60-milliards-de-depenses-budgetaires\/\" target=\"_blank\" rel=\"noopener noreferrer\">R\u00e9solution de la crise anglophone: le gouvernement revendique plus de 60 milliards de d\u00e9penses budg\u00e9taires<\/a><br \/><\/strong><\/h4>\n<hr\/>\n<p>Dans la prospective, l\u2019organisme onusien pr\u00e9voit que le nombre de personnes qui auront besoin d\u2019une aide humanitaire au Cameroun en 2019 s\u2019\u00e9l\u00e8vera \u00e0 environ <strong>4,3 millions<\/strong>, soit une augmentation de <strong>30 %<\/strong> par rapport \u00e0 2018.<\/p>\n<div class=\"about-author about-author-box container-wrapper\">\n<div class=\"author-avatar\">\n<p><img decoding=\"async\" src=\"http:\/\/\" alt=\"\"\/><\/p>\n<\/div>\n<p><h4>La R\u00e9daction EcoMatin<\/h4>\n<\/p>\n<\/div>\n<div class=\"awac-wrapper awac widget blog_subscription-2\">\n<h4 class=\"widget-title\">Abonnez-vous \u00e0 notre lettre d&rsquo;information<\/h4>\n<\/div>\n<\/div>\n<div class=\"toggle-post-content clearfix\"><a id=\"toggle-post-button\" class=\"button\" href=\"#\">Afficher plus <\/a><\/div>\n<p>Auteur: EcoMatin<br \/>\n<a href=\"https:\/\/ecomatin.net\/securite-au-cameroun-lonu-prevoit-une-hausse-en-besoin-humanitaire-en-2019\/\">Cliquez ici pour lire l&rsquo;article depuis sa source.<\/a><\/p>\n","protected":false},"excerpt":{"rendered":"<p>Dans son r\u00e9cent rapport publi\u00e9 fin mai, le Bureau r\u00e9gional des Nations unies pour l\u2019Afrique centrale (Unoca) observe qu\u2019au Cameroun, les besoins humanitaires ont fortement augment\u00e9 au premier trimestre de 2019. L\u2019organisme souligne qu\u2019au cours des quatre premiers mois, le Cameroun compte 263\u2009000 personnes d\u00e9plac\u00e9es dans la r\u00e9gion de l\u2019Extr\u00eame-Nord et abrite 278\u2009884 r\u00e9fugi\u00e9s de [&hellip;]<\/p>\n","protected":false},"author":1969,"featured_media":0,"comment_status":"closed","ping_status":"closed","sticky":false,"template":"","format":"standard","meta":{"fifu_image_url":"","fifu_image_alt":"","footnotes":""},"categories":[82,78],"tags":[],"class_list":["post-41028","post","type-post","status-publish","format-standard","hentry","category-cameroun","category-economie"],"_links":{"self":[{"href":"https:\/\/linitiative.ca\/International\/wp-json\/wp\/v2\/posts\/41028","targetHints":{"allow":["GET"]}}],"collection":[{"href":"https:\/\/linitiative.ca\/International\/wp-json\/wp\/v2\/posts"}],"about":[{"href":"https:\/\/linitiative.ca\/International\/wp-json\/wp\/v2\/types\/post"}],"author":[{"embeddable":true,"href":"https:\/\/linitiative.ca\/International\/wp-json\/wp\/v2\/users\/1969"}],"replies":[{"embeddable":true,"href":"https:\/\/linitiative.ca\/International\/wp-json\/wp\/v2\/comments?post=41028"}],"version-history":[{"count":0,"href":"https:\/\/linitiative.ca\/International\/wp-json\/wp\/v2\/posts\/41028\/revisions"}],"wp:attachment":[{"href":"https:\/\/linitiative.ca\/International\/wp-json\/wp\/v2\/media?parent=41028"}],"wp:term":[{"taxonomy":"category","embeddable":true,"href":"https:\/\/linitiative.ca\/International\/wp-json\/wp\/v2\/categories?post=41028"},{"taxonomy":"post_tag","embeddable":true,"href":"https:\/\/linitiative.ca\/International\/wp-json\/wp\/v2\/tags?post=41028"}],"curies":[{"name":"wp","href":"https:\/\/api.w.org\/{rel}","templated":true}]}}