{"id":41029,"date":"2019-06-16T11:20:19","date_gmt":"2019-06-16T15:20:19","guid":{"rendered":"https:\/\/linitiative.ca\/International\/telecoms-lart-va-en-guerre-contre-les-equipements-non-homologues\/"},"modified":"2019-06-16T11:20:19","modified_gmt":"2019-06-16T15:20:19","slug":"telecoms-lart-va-en-guerre-contre-les-equipements-non-homologues","status":"publish","type":"post","link":"https:\/\/linitiative.ca\/International\/telecoms-lart-va-en-guerre-contre-les-equipements-non-homologues\/","title":{"rendered":"Telecoms : l\u2019ART va en guerre contre les \u00e9quipements non homologu\u00e9s"},"content":{"rendered":"<p>Le directeur g\u00e9n\u00e9ral de l\u2019Agence de r\u00e9gulation des\u00a0 t\u00e9l\u00e9communications (<strong>ART<\/strong>), <strong>Phil\u00e9mon Zoo Zame<\/strong> informe l\u2019ensemble des professionnels, importateurs et revendeurs de mat\u00e9riels et \u00e9quipements terminaux de t\u00e9l\u00e9communications que <em>\u00ab tout \u00e9quipement terminal destin\u00e9 \u00e0 \u00eatre connect\u00e9, directement ou indirectement, \u00e0 un r\u00e9seau ouvert au public ne peut \u00eatre mis sur le march\u00e9 camerounais qu\u2019apr\u00e8s homologation\u00bb.<\/em><\/p>\n<p>Dans son communiqu\u00e9 rendu publique le 31 mai 2019, <strong>Phil\u00e9mon Zoo Zame<\/strong> pr\u00e9cise que cette homologation est \u00e9galement exig\u00e9e pr\u00e9alablement \u00e0 la mise sur le march\u00e9 dudit \u00e9quipement, quelle que soit sa destination. L\u2019homologation vise \u00e0 garantir le respect de la conformit\u00e9 des \u00e9quipements aux normes et sp\u00e9cifications techniques conventionnelles.<\/p>\n<p>Les \u00e9quipements concern\u00e9s par cette certification sont les <strong>t\u00e9l\u00e9phones<\/strong>, <strong>Smartphones<\/strong>, <strong>tablettes num\u00e9riques<\/strong>, <strong>\u00e9metteurs de radiodiffusion<\/strong>, <strong>\u00e9metteurs TV<\/strong>. On compte \u00e9galement sur la m\u00eame liste, les <strong>\u00e9quipements station terrienne<\/strong>, \u00e9quipements <strong>t\u00e9l\u00e9matiques<\/strong>, <strong>\u00e9quipements Wi-Fi<\/strong>, <strong>d\u00e9codeurs<\/strong>.<\/p>\n<p>Toujours dans la m\u00eame veine, le DG de l\u2019ART annonce aux op\u00e9rateurs des r\u00e9seaux de t\u00e9l\u00e9communications ouverts ou non au public, installateurs, importateurs, distributeurs et revendeurs d\u2019\u00e9quipements terminaux non homologu\u00e9s,\u00a0 qu\u2019il va faire proc\u00e9der dans les <em>\u00ab prochains jours \u00bb<\/em> une campagne de recensement des \u00e9quipements et mat\u00e9riels de t\u00e9l\u00e9communications.<\/p>\n<p>Cette campagne permettra notamment de lutter contre la pr\u00e9sence sur le march\u00e9 int\u00e9rieur des t\u00e9l\u00e9phones non homologu\u00e9s et de ma\u00eetriser le volume de ces \u00e9quipements en circulation sur le territoire national. Il s\u2019agit aussi de prot\u00e9ger les op\u00e9rateurs \u00e9conomiques locaux contre la concurrence d\u00e9loyale des importateurs ill\u00e9gaux et d\u2019endiguer l\u2019importation des t\u00e9l\u00e9phones contrefaits et des risques qu\u2019ils repr\u00e9sentent pour l\u2019utilisateur. Il est aussi question de lutter contre les terminaux contrefaits. <em>\u00abChaque t\u00e9l\u00e9phone a un code unique, c\u2019est le code Imei utilis\u00e9 en cas de recherche de perte, de vol ou identification d\u2019un t\u00e9l\u00e9phone par le r\u00e9seau de l\u2019op\u00e9rateur. Mais il se trouve que sur le march\u00e9, il y a des centaines de t\u00e9l\u00e9phones qui ont le m\u00eame Imei. En cas de probl\u00e8me, ce\u00a0 n\u2019est pas facile de proc\u00e9der \u00e0 toutes ces v\u00e9rifications\u00bb<\/em>, avait expliqu\u00e9 <strong>Mengang Bekono<\/strong>, directeur technique de l\u2019Agence de r\u00e9gulation des t\u00e9l\u00e9communications dans un entretien \u00e0 Cameroon\u00a0 Tribune.<\/p>\n<div class=\"about-author about-author-box container-wrapper\">\n<div class=\"author-avatar\">\n<p><img decoding=\"async\" src=\"http:\/\/\" alt=\"\"\/><\/p>\n<\/div>\n<p><h4>La R\u00e9daction EcoMatin<\/h4>\n<\/p>\n<\/div>\n<div class=\"awac-wrapper awac widget blog_subscription-2\">\n<h4 class=\"widget-title\">Abonnez-vous \u00e0 notre lettre d&rsquo;information<\/h4>\n<\/div>\n<p>Auteur: EcoMatin<br \/>\n<a href=\"https:\/\/ecomatin.net\/telecoms-les-equipements-non-homologues-dans-le-viseur-de-lart\/\">Cliquez ici pour lire l&rsquo;article depuis sa source.<\/a><\/p>\n","protected":false},"excerpt":{"rendered":"<p>Le directeur g\u00e9n\u00e9ral de l\u2019Agence de r\u00e9gulation des\u00a0 t\u00e9l\u00e9communications (ART), Phil\u00e9mon Zoo Zame informe l\u2019ensemble des professionnels, importateurs et revendeurs de mat\u00e9riels et \u00e9quipements terminaux de t\u00e9l\u00e9communications que \u00ab tout \u00e9quipement terminal destin\u00e9 \u00e0 \u00eatre connect\u00e9, directement ou indirectement, \u00e0 un r\u00e9seau ouvert au public ne peut \u00eatre mis sur le march\u00e9 camerounais qu\u2019apr\u00e8s homologation\u00bb. [&hellip;]<\/p>\n","protected":false},"author":1969,"featured_media":0,"comment_status":"closed","ping_status":"closed","sticky":false,"template":"","format":"standard","meta":{"fifu_image_url":"","fifu_image_alt":"","footnotes":""},"categories":[82,78],"tags":[],"class_list":["post-41029","post","type-post","status-publish","format-standard","hentry","category-cameroun","category-economie"],"_links":{"self":[{"href":"https:\/\/linitiative.ca\/International\/wp-json\/wp\/v2\/posts\/41029","targetHints":{"allow":["GET"]}}],"collection":[{"href":"https:\/\/linitiative.ca\/International\/wp-json\/wp\/v2\/posts"}],"about":[{"href":"https:\/\/linitiative.ca\/International\/wp-json\/wp\/v2\/types\/post"}],"author":[{"embeddable":true,"href":"https:\/\/linitiative.ca\/International\/wp-json\/wp\/v2\/users\/1969"}],"replies":[{"embeddable":true,"href":"https:\/\/linitiative.ca\/International\/wp-json\/wp\/v2\/comments?post=41029"}],"version-history":[{"count":0,"href":"https:\/\/linitiative.ca\/International\/wp-json\/wp\/v2\/posts\/41029\/revisions"}],"wp:attachment":[{"href":"https:\/\/linitiative.ca\/International\/wp-json\/wp\/v2\/media?parent=41029"}],"wp:term":[{"taxonomy":"category","embeddable":true,"href":"https:\/\/linitiative.ca\/International\/wp-json\/wp\/v2\/categories?post=41029"},{"taxonomy":"post_tag","embeddable":true,"href":"https:\/\/linitiative.ca\/International\/wp-json\/wp\/v2\/tags?post=41029"}],"curies":[{"name":"wp","href":"https:\/\/api.w.org\/{rel}","templated":true}]}}