{"id":41030,"date":"2019-06-16T11:28:27","date_gmt":"2019-06-16T15:28:27","guid":{"rendered":"https:\/\/linitiative.ca\/International\/geants-du-cacao-la-cote-divoire-et-le-ghana-suspendent-leurs-ventes\/"},"modified":"2019-06-16T11:28:27","modified_gmt":"2019-06-16T15:28:27","slug":"geants-du-cacao-la-cote-divoire-et-le-ghana-suspendent-leurs-ventes","status":"publish","type":"post","link":"https:\/\/linitiative.ca\/International\/geants-du-cacao-la-cote-divoire-et-le-ghana-suspendent-leurs-ventes\/","title":{"rendered":"G\u00e9ants du cacao, la C\u00f4te d\u2019Ivoire et le Ghana suspendent leurs ventes"},"content":{"rendered":"<p><strong>2\u2009600 dollars<\/strong>\u00a0et pas un de moins. C\u2019est le prix planch\u00e9 \u00e0 la tonne (<strong>2\u2009300 euros<\/strong>, soit environ\u00a0<strong>1,507 millions FCFA<\/strong>) que souhaitent appliquer \u00e0 l\u2019international les deux premiers pourvoyeurs mondiaux de cacao. L\u2019accord entre les g\u00e9ants ghan\u00e9en et ivoirien, g\u00e9ographiquement voisins, qui concerne la production de la campagne 2020\/2021, a \u00e9t\u00e9 sign\u00e9 ce mercredi 12 juin \u00e0 Accra, la capitale du Ghana. L\u2019objectif affich\u00e9 des deux pays ouest-africains, fournisseurs des deux tiers de la production de f\u00e8ves de cacao au niveau mondial, est de peser sur les march\u00e9s afin de mieux r\u00e9mun\u00e9rer les agriculteurs locaux. Le cours du cacao est actuellement bas, juge les observateurs. Et sur les\u00a0<strong>100 milliards de dollars<\/strong>\u00a0\u00a0(plus de\u00a0<strong>58 000 milliards de francs CFA<\/strong>) que repr\u00e9sente le march\u00e9 mondial du chocolat, seuls\u00a0<strong>6 milliards<\/strong>\u00a0<strong>dollars (plus de 3400 milliards FCFA)\u00a0<\/strong>reviennent aujourd\u2019hui aux agriculteurs.<\/p>\n<hr\/>\n<h4><strong>>> Lire aussi \u2013 <a title=\"Cacao-caf\u00e9: une niche de m\u00e9tiers sous-explor\u00e9e au Cameroun\" href=\"https:\/\/ecomatin.net\/cacao-cafe-une-niche-de-metiers-sous-exploree-au-cameroun\/\" target=\"_blank\" rel=\"noopener noreferrer\">Cacao-caf\u00e9: une niche de m\u00e9tiers sous-explor\u00e9e au Cameroun<\/a><br \/><\/strong><\/h4>\n<hr\/>\n<p><em>\u00ab\u00a0Depuis que le pays s\u2019est lanc\u00e9 dans la production de cacao au XVIIIe si\u00e8cle, c\u2019est la premi\u00e8re fois qu\u2019un prix minimal va \u00eatre fix\u00e9\u00a0\u00bb,<\/em>explique une presse locale ghan\u00e9enne. Dans les ann\u00e9es 80, la C\u00f4te d\u2019Ivoire avait tent\u00e9 d\u00e9j\u00e0 de le faire seule, en stockant les f\u00e8ves, mais comme elles ne se conservent pas ind\u00e9finiment, le pr\u00e9sident\u00a0<strong>F\u00e9lix Houphouet Boigny<\/strong>\u00a0avait fini par c\u00e9der et les cours s\u2019\u00e9taient effondr\u00e9s.<\/p>\n<p>A\u00a0\u00a0l\u2019heure actuelle, le march\u00e9 va mieux, la demande de cacao est forte, la r\u00e9colte risque d\u2019\u00eatre inf\u00e9rieure en Afrique de l\u2019Ouest d\u00e8s octobre prochain, les cours sont donc plut\u00f4t bons en ce moment. Et l\u2019industrie chocolati\u00e8re reconna\u00eet elle-m\u00eame que les producteurs devraient \u00eatre mieux pay\u00e9s. Le Ghana et la C\u00f4te d\u2019Ivoire aimeraient que ce niveau se maintienne encore l\u2019ann\u00e9e suivante pour pouvoir payer correctement les producteurs \u00e0 partir de 2020. D\u2019autant plus que, les producteurs sont victimes de la chute des cours ant\u00e9rieurs.<\/p>\n<hr\/>\n<h4><strong>>> Lire aussi \u2013 <a title=\"Le Cameroun vise un taux transformation du cacao de 50% en 2020\" href=\"https:\/\/ecomatin.net\/le-cameroun-vise-un-taux-transformation-du-cacao-de-50-en-2020\/\" target=\"_blank\" rel=\"noopener noreferrer\">Le Cameroun vise un taux transformation du cacao de 50% en 2020<\/a><br \/><\/strong><\/h4>\n<hr\/>\n<p>Au Cameroun,\u00a0<strong>Luc Magloire Mbarga Atangana,<\/strong>\u00a0ministre du Commerce (<strong>Mincommerce<\/strong>) s\u2019\u00e9tait particuli\u00e8rement montr\u00e9 virulent devant les acteurs du commerce international de la f\u00e8ve en avril 2017 lors d\u2019une conf\u00e9rence \u00e0 Berlin.\u00a0<em>\u00ab\u00a0Nos producteurs n\u2019en peuvent plus. Ils meurent \u00e0 petit feu, accul\u00e9s par des prix aussi bas, qui frisent l\u2019esclavagisme. Et dire que nous sommes au 21\u00e8me si\u00e8cle ! Je me r\u00e9p\u00e8te volontiers en insistant sur le fait que le niveau actuel des cours est tout simplement insupportable, des cours qui menacent la survie m\u00eame de la frange la plus importante de nos populations\u00bb,<\/em>\u00a0avait-il dit.<\/p>\n<div class=\"about-author about-author-box container-wrapper\">\n<div class=\"author-avatar\">\n<p><img decoding=\"async\" src=\"http:\/\/\" alt=\"\"\/><\/p>\n<\/div>\n<p><h4>La R\u00e9daction EcoMatin<\/h4>\n<\/p>\n<\/div>\n<div class=\"awac-wrapper awac widget blog_subscription-2\">\n<h4 class=\"widget-title\">Abonnez-vous \u00e0 notre lettre d&rsquo;information<\/h4>\n<\/div>\n<p>Auteur: EcoMatin<br \/>\n<a href=\"https:\/\/ecomatin.net\/geants-du-cacao-la-cote-divoire-et-le-ghana-suspendent-leurs-ventes\/\">Cliquez ici pour lire l&rsquo;article depuis sa source.<\/a><\/p>\n","protected":false},"excerpt":{"rendered":"<p>2\u2009600 dollars\u00a0et pas un de moins. C\u2019est le prix planch\u00e9 \u00e0 la tonne (2\u2009300 euros, soit environ\u00a01,507 millions FCFA) que souhaitent appliquer \u00e0 l\u2019international les deux premiers pourvoyeurs mondiaux de cacao. L\u2019accord entre les g\u00e9ants ghan\u00e9en et ivoirien, g\u00e9ographiquement voisins, qui concerne la production de la campagne 2020\/2021, a \u00e9t\u00e9 sign\u00e9 ce mercredi 12 juin [&hellip;]<\/p>\n","protected":false},"author":1969,"featured_media":0,"comment_status":"closed","ping_status":"closed","sticky":false,"template":"","format":"standard","meta":{"fifu_image_url":"","fifu_image_alt":"","footnotes":""},"categories":[82,78],"tags":[],"class_list":["post-41030","post","type-post","status-publish","format-standard","hentry","category-cameroun","category-economie"],"_links":{"self":[{"href":"https:\/\/linitiative.ca\/International\/wp-json\/wp\/v2\/posts\/41030","targetHints":{"allow":["GET"]}}],"collection":[{"href":"https:\/\/linitiative.ca\/International\/wp-json\/wp\/v2\/posts"}],"about":[{"href":"https:\/\/linitiative.ca\/International\/wp-json\/wp\/v2\/types\/post"}],"author":[{"embeddable":true,"href":"https:\/\/linitiative.ca\/International\/wp-json\/wp\/v2\/users\/1969"}],"replies":[{"embeddable":true,"href":"https:\/\/linitiative.ca\/International\/wp-json\/wp\/v2\/comments?post=41030"}],"version-history":[{"count":0,"href":"https:\/\/linitiative.ca\/International\/wp-json\/wp\/v2\/posts\/41030\/revisions"}],"wp:attachment":[{"href":"https:\/\/linitiative.ca\/International\/wp-json\/wp\/v2\/media?parent=41030"}],"wp:term":[{"taxonomy":"category","embeddable":true,"href":"https:\/\/linitiative.ca\/International\/wp-json\/wp\/v2\/categories?post=41030"},{"taxonomy":"post_tag","embeddable":true,"href":"https:\/\/linitiative.ca\/International\/wp-json\/wp\/v2\/tags?post=41030"}],"curies":[{"name":"wp","href":"https:\/\/api.w.org\/{rel}","templated":true}]}}