{"id":41031,"date":"2019-06-17T06:00:31","date_gmt":"2019-06-17T10:00:31","guid":{"rendered":"https:\/\/linitiative.ca\/International\/le-dispositif-du-logement-dedie-a-la-classe-moyenne-fin-pret\/"},"modified":"2019-06-17T06:00:31","modified_gmt":"2019-06-17T10:00:31","slug":"le-dispositif-du-logement-dedie-a-la-classe-moyenne-fin-pret","status":"publish","type":"post","link":"https:\/\/linitiative.ca\/International\/le-dispositif-du-logement-dedie-a-la-classe-moyenne-fin-pret\/","title":{"rendered":"Le dispositif du logement d\u00e9di\u00e9  \u00e0 la classe moyenne fin pr\u00eat"},"content":{"rendered":"<p><img decoding=\"async\" class=\"post_layout_5_img\" src=\"http:\/\/aujourdhui.ma\/wp-content\/uploads\/2019\/06\/Immobilier-logement-classe-moyenne-1.jpg?x29840\" alt=\"Le dispositif du logement d\u00e9di\u00e9 \u00e0 la classe moyenne fin pr\u00eat\"\/><\/p>\n<p class=\"p1\"><span class=\"c4\"><strong><span class=\"s1\"><em>L\u2019annonce a \u00e9t\u00e9 faite en marge du SMAP Paris<\/em><\/span><\/strong><\/span><span id=\"more-313058\"\/><\/p>\n<div class=\"base-box mom_box_sc_custom mom_box_sc clear c5\" readability=\"9\">\n<p class=\"p1\">L\u2019escale parisienne est un rendez-vous phare aussi bien pour les professionnels que des visiteurs qui affluent<span class=\"Apple-converted-space\">\u00a0<\/span> le temps d\u2019un week-end \u00e0 Paris pour prospecter l\u2019achat d\u2019un bien immobilier au bercail. Le choix des visiteurs\u00a0tend plus\u00a0vers les r\u00e9sidences secondaires.<\/p>\n<\/div>\n<p class=\"p1\"><span class=\"s1\">R\u00e9adaptation et r\u00e9orientation de l\u2019offre immobili\u00e8re. Ce sont l\u00e0 les principales urgences sur lesquelles se penche la tutelle. L\u2019accent est essentiellement mis sur le monde rural et la classe moyenne. Ces nouvelles cibles manquent jusque-l\u00e0 d\u2019un produit immobilier qui r\u00e9pond \u00e0 leur attente. Pour combler ce besoin, la tutelle en concertation avec les professionnels et Al Omrane, met les derni\u00e8res touches au dispositif consacr\u00e9 \u00e0 la classe moyenne.<\/span><\/p>\n<p class=\"p1\"><span class=\"s1\">L\u2019annonce a \u00e9t\u00e9 faite par Abdelahad Fassi Fihri, ministre de l\u2019am\u00e9nagement du territoire national, de l\u2019urbanisme, de l\u2019habitat et de la politique de la ville en marge du SMAP qui s\u2019est d\u00e9roul\u00e9 du 14 au 16 juin \u00e0 Paris. La nouvelle approche adopt\u00e9e par la tutelle vise en effet \u00e0 capitaliser les acquis des premi\u00e8res actions engag\u00e9es et \u00e0 mettre sur le march\u00e9 de nouvelles offres abordables qui r\u00e9pondent \u00e0 toutes les attentes. \u00ab<em>Nous encourageons l\u2019ensemble des acteurs \u00e0 faire preuve de cr\u00e9ativit\u00e9 et d\u2019innovation pour proposer un produit qui correspond au besoin de ces cibles. Il est de notre ressort de trouver les formes d\u2019accompagnement en termes de foncier et de facilit\u00e9 urbanistique pour que ces projets en direction de la classe moyenne et milieu rural soient profitables et correspondent au besoin de la population\u00bb,<\/em> souligne le ministre.<\/span><\/p>\n<p class=\"p1\"><span class=\"s1\">Ces orientations s\u2019inscrivent dans un contexte marqu\u00e9 par une tendance forte \u00e0 l\u2019urbanisation<span class=\"Apple-converted-space\">\u00a0<\/span> ainsi qu\u2019une reprise du march\u00e9. Apr\u00e8s le boom enregistr\u00e9 en 2012 et l\u2019essoufflement qui a suivi, le secteur de l\u2019immobilier marocain reprend.<\/span><\/p>\n<p class=\"p1\"><span class=\"s1\">Une inversion de tendance est observ\u00e9e au premier trimestre de l\u2019ann\u00e9e en cours. Ceci s\u2019illustre par une augmentation des ventes de ciment de 8% ainsi que par une forte progression des mises en chantier et une acc\u00e9l\u00e9ration des produits immobiliers.<\/span><\/p>\n<p class=\"p1\"><span class=\"s1\">Autant d\u2019indicateurs qui donnent<span class=\"Apple-converted-space\">\u00a0<\/span> de l\u2019optimisme aux op\u00e9rateurs. Cette dynamique fait rena\u00eetre l\u2019espoir chez les<span class=\"Apple-converted-space\">\u00a0<\/span> promoteurs. Les \u00e9changes que nous avons eus avec les participants du SMAP confirment la reprise du secteur.<span class=\"Apple-converted-space\">\u00a0<\/span> Ce qui les encourage \u00e0 renforcer leurs offres. Tous les segments du secteur ont \u00e9t\u00e9 repr\u00e9sent\u00e9s \u00e0 cette manifestation qui marque cette ann\u00e9e la premi\u00e8re \u00e9tape du SMAP Road Show 2019. L\u2019escale parisienne est un rendez-vous phare aussi bien pour les professionnels que des visiteurs qui affluent<span class=\"Apple-converted-space\">\u00a0<\/span> le temps d\u2019un week-end \u00e0 Paris pour prospecter l\u2019achat d\u2019un bien immobilier au bercail. Le choix des visiteurs tend plus vers les r\u00e9sidences secondaires.<\/span><\/p>\n<p class=\"p1\"><span class=\"s1\">Le baln\u00e9aire est le premier segment demand\u00e9. D\u2019autres choisissent d\u2019investir dans le locatif meubl\u00e9. Se r\u00e9f\u00e9rant aux organisateurs, le SMAP est une promotion intelligente du secteur. Tous les acteurs sont repr\u00e9sent\u00e9s allant des promoteurs aux banques, jusqu\u2019aux notaires. Tout le process de la transaction immobili\u00e8re est amorc\u00e9 au SMAP encourageant ainsi les futurs acqu\u00e9reurs \u00e0<span class=\"Apple-converted-space\">\u00a0<\/span> r\u00e9server<span class=\"Apple-converted-space\">\u00a0<\/span> le bien de leur choix.<\/span><\/p>\n<p class=\"p1\"><span class=\"s1\">Le SMAP Immo Paris est arriv\u00e9 cette ann\u00e9e \u00e0 sa 16\u00e8me \u00e9dition, laquelle a connu la participation de pr\u00e8s de 70 exposants repr\u00e9sentant 58 villes marocaines.<span class=\"Apple-converted-space\">\u00a0<\/span> La manifestation a mis \u00e0 l\u2019honneur cette ann\u00e9e Rabat-Sal\u00e9-K\u00e9nitra. Une r\u00e9gion qui arrive deuxi\u00e8me en termes d\u2019affluence au Salon apr\u00e8s Casablanca.<\/span><\/p>\n<p class=\"p1\"><span class=\"s1\">A travers cet hommage r\u00e9gional, le SMAP contribue \u00e0 la promotion du<span class=\"Apple-converted-space\">\u00a0<\/span> potentiel \u00e9conomique des r\u00e9gions marocaines en mettant en exergue leurs atouts touristiques. L\u2019occasion \u00e9tant \u00e9galement de nouer des contacts professionnels entre les repr\u00e9sentants des forces vives de la r\u00e9gion et des op\u00e9rateurs de la diaspora ou \u00e9trangers.\u00a0<\/span><\/p>\n<p>Auteur: Kawtar Tali<br \/>\n<a href=\"http:\/\/aujourdhui.ma\/economie\/immobilier\/le-dispositif-du-logement-dedie-a-la-classe-moyenne-fin-pret\">Cliquez ici pour lire l&rsquo;article depuis sa source.<\/a><\/p>\n","protected":false},"excerpt":{"rendered":"<p>L\u2019annonce a \u00e9t\u00e9 faite en marge du SMAP Paris L\u2019escale parisienne est un rendez-vous phare aussi bien pour les professionnels que des visiteurs qui affluent\u00a0 le temps d\u2019un week-end \u00e0 Paris pour prospecter l\u2019achat d\u2019un bien immobilier au bercail. Le choix des visiteurs\u00a0tend plus\u00a0vers les r\u00e9sidences secondaires. R\u00e9adaptation et r\u00e9orientation de l\u2019offre immobili\u00e8re. Ce sont [&hellip;]<\/p>\n","protected":false},"author":1759,"featured_media":0,"comment_status":"closed","ping_status":"closed","sticky":false,"template":"","format":"standard","meta":{"fifu_image_url":"","fifu_image_alt":"","footnotes":""},"categories":[73,54],"tags":[],"class_list":["post-41031","post","type-post","status-publish","format-standard","hentry","category-actualite","category-maroc"],"_links":{"self":[{"href":"https:\/\/linitiative.ca\/International\/wp-json\/wp\/v2\/posts\/41031","targetHints":{"allow":["GET"]}}],"collection":[{"href":"https:\/\/linitiative.ca\/International\/wp-json\/wp\/v2\/posts"}],"about":[{"href":"https:\/\/linitiative.ca\/International\/wp-json\/wp\/v2\/types\/post"}],"author":[{"embeddable":true,"href":"https:\/\/linitiative.ca\/International\/wp-json\/wp\/v2\/users\/1759"}],"replies":[{"embeddable":true,"href":"https:\/\/linitiative.ca\/International\/wp-json\/wp\/v2\/comments?post=41031"}],"version-history":[{"count":0,"href":"https:\/\/linitiative.ca\/International\/wp-json\/wp\/v2\/posts\/41031\/revisions"}],"wp:attachment":[{"href":"https:\/\/linitiative.ca\/International\/wp-json\/wp\/v2\/media?parent=41031"}],"wp:term":[{"taxonomy":"category","embeddable":true,"href":"https:\/\/linitiative.ca\/International\/wp-json\/wp\/v2\/categories?post=41031"},{"taxonomy":"post_tag","embeddable":true,"href":"https:\/\/linitiative.ca\/International\/wp-json\/wp\/v2\/tags?post=41031"}],"curies":[{"name":"wp","href":"https:\/\/api.w.org\/{rel}","templated":true}]}}