{"id":41033,"date":"2019-06-17T06:03:51","date_gmt":"2019-06-17T10:03:51","guid":{"rendered":"https:\/\/linitiative.ca\/International\/trophee-international-mohammed-vi-de-polo-le-maroc-sillustre-et-remporte-le-titre\/"},"modified":"2019-06-17T06:03:51","modified_gmt":"2019-06-17T10:03:51","slug":"trophee-international-mohammed-vi-de-polo-le-maroc-sillustre-et-remporte-le-titre","status":"publish","type":"post","link":"https:\/\/linitiative.ca\/International\/trophee-international-mohammed-vi-de-polo-le-maroc-sillustre-et-remporte-le-titre\/","title":{"rendered":"Troph\u00e9e International Mohammed VI de Polo : Le Maroc s\u2019illustre et remporte  le titre"},"content":{"rendered":"<p><img decoding=\"async\" class=\"post_layout_5_img\" src=\"http:\/\/aujourdhui.ma\/wp-content\/uploads\/2019\/06\/Sar-le-prince-Moulay-Rachid-Trophe%CC%81e-International-Mohammed-VI-de-Polo-.jpg?x29840\" alt=\"Troph\u00e9e International Mohammed VI de Polo : Le Maroc s\u2019illustre et remporte le titre\"\/><\/p>\n<p class=\"p1\"><span class=\"c4\"><strong><span class=\"s1\">La s\u00e9lection marocaine (A) a remport\u00e9 samedi la 3\u00e8 \u00e9dition du Troph\u00e9e International Mohammed VI de Polo, organis\u00e9e par la Garde Royale du 9 au 15 juin, sous le Haut patronage de SM le Roi Mohammed VI.<\/span><\/strong><\/span><\/p>\n<p class=\"p1\"><span class=\"s1\">Repr\u00e9sent\u00e9e par l\u2019\u00e9quipe de la Garde Royale, la s\u00e9lection nationale a \u00e9t\u00e9 sacr\u00e9e championne de cette \u00e9dition apr\u00e8s avoir remport\u00e9 la finale, qui s\u2019est d\u00e9roul\u00e9e au Polo Club Souissi, contre l\u2019\u00e9quipe du Portugal sur le score 7 \u00e0 4.<\/span><\/p>\n<p class=\"p1\"><span class=\"s1\">L\u2019\u00e9quipe marocaine a r\u00e9ussi \u00e0 prendre le contr\u00f4le au d\u00e9but de la premi\u00e8re manche avec un score de 5-0 et a continu\u00e9 \u00e0 briller lors de la deuxi\u00e8me (6-1) et troisi\u00e8me manche (7-3). Devant un large public, la domination marocaine s\u2019est poursuivie lors de la quatri\u00e8me et derni\u00e8re manche permettant \u00e0 la s\u00e9lection nationale de remporter la finale sur le score de 7 \u00e0 4 et d\u00e9crocher le titre de la 3\u00e8 \u00e9dition de la comp\u00e9tition.<\/span><\/p>\n<p class=\"p1\"><span class=\"s1\">Lors du match d\u2019ouverture, l\u2019\u00e9quipe marocaine avait battu le Nigeria (9-6), puis la France (7-5) lors de la deuxi\u00e8me rencontre comptant pour le groupe (A). De son c\u00f4t\u00e9, l\u2019\u00e9quipe portugaise a atteint la finale apr\u00e8s avoir battu, lors des matchs comptant pour le groupe (B), l\u2019\u00e9quipe nationale (B) repr\u00e9sent\u00e9e par le Club Nakhil (5-4) et la s\u00e9lection \u00e9gyptienne (2-2).<\/span><\/p>\n<p class=\"p1\"><span class=\"s1\">A l\u2019issue du match de classement qui s\u2019est d\u00e9roul\u00e9 avant la finale, l\u2019\u00e9quipe marocaine (B) a termin\u00e9 troisi\u00e8me du classement dans la comp\u00e9tition en venant \u00e0 bout de la s\u00e9lection fran\u00e7aise (8-6).<\/span><\/p>\n<p class=\"p1\"><span class=\"s1\">Organis\u00e9e sous l\u2019\u00e9gide de la F\u00e9d\u00e9ration royale marocaine de polo, l\u2019\u00e9dition de cette ann\u00e9e a r\u00e9uni des \u00e9quipes repr\u00e9sentant la France, le Portugal, le Nigeria, l\u2019\u00c9gypte et le pays h\u00f4te, le Maroc, qui a particip\u00e9 avec deux \u00e9quipes, \u00e0 savoir l\u2019\u00e9quipe nationale (A) repr\u00e9sent\u00e9e par la Garde Royale et l\u2019\u00e9quipe nationale (B) repr\u00e9sent\u00e9e par le Club Nakhil.<\/span><\/p>\n<p class=\"p1\"><span class=\"s1\">Les \u00e9quipes participantes \u00e0 cet \u00e9v\u00e9nement sportif international ont \u00e9t\u00e9 divis\u00e9es en deux groupes, le premier comprenant le Maroc (A), le Nigeria et la France, tandis que le second est compos\u00e9 de l\u2019\u00e9quipe nationale (B), du Portugal et de l\u2019\u00c9gypte.<\/span><\/p>\n<p class=\"p1\"><span class=\"s1\">A noter que les parties de Polo se d\u00e9roulent en plusieurs manches (de 4 \u00e0 8), d\u2019une dur\u00e9e de 7 minutes et demie chacune, avec des pauses de 3 minutes permettant aux joueurs de changer de cheval.<\/span><\/p>\n<p class=\"p1\"><span class=\"s1\">Si les deux \u00e9quipes sont \u00e0 \u00e9galit\u00e9 \u00e0 la fin de la rencontre, un temps additionnel est accord\u00e9 permettant \u00e0 l\u2019\u00e9quipe qui inscrit le premier but de remporter le match. La rencontre est offici\u00e9e par deux arbitres sur le terrain. En l\u2019absence d\u2019un accord sur une d\u00e9cision sp\u00e9cifique, ils recourent au troisi\u00e8me arbitre observant le match de l\u2019ext\u00e9rieur du terrain.<\/span><\/p>\n<p>Auteur: ALM<br \/>\n<a href=\"http:\/\/aujourdhui.ma\/sports\/trophee-international-mohammed-vi-de-polo-le-maroc-sillustre-et-remporte-le-titre\">Cliquez ici pour lire l&rsquo;article depuis sa source.<\/a><\/p>\n","protected":false},"excerpt":{"rendered":"<p>La s\u00e9lection marocaine (A) a remport\u00e9 samedi la 3\u00e8 \u00e9dition du Troph\u00e9e International Mohammed VI de Polo, organis\u00e9e par la Garde Royale du 9 au 15 juin, sous le Haut patronage de SM le Roi Mohammed VI. Repr\u00e9sent\u00e9e par l\u2019\u00e9quipe de la Garde Royale, la s\u00e9lection nationale a \u00e9t\u00e9 sacr\u00e9e championne de cette \u00e9dition apr\u00e8s [&hellip;]<\/p>\n","protected":false},"author":1759,"featured_media":0,"comment_status":"closed","ping_status":"closed","sticky":false,"template":"","format":"standard","meta":{"fifu_image_url":"","fifu_image_alt":"","footnotes":""},"categories":[73,54],"tags":[],"class_list":["post-41033","post","type-post","status-publish","format-standard","hentry","category-actualite","category-maroc"],"_links":{"self":[{"href":"https:\/\/linitiative.ca\/International\/wp-json\/wp\/v2\/posts\/41033","targetHints":{"allow":["GET"]}}],"collection":[{"href":"https:\/\/linitiative.ca\/International\/wp-json\/wp\/v2\/posts"}],"about":[{"href":"https:\/\/linitiative.ca\/International\/wp-json\/wp\/v2\/types\/post"}],"author":[{"embeddable":true,"href":"https:\/\/linitiative.ca\/International\/wp-json\/wp\/v2\/users\/1759"}],"replies":[{"embeddable":true,"href":"https:\/\/linitiative.ca\/International\/wp-json\/wp\/v2\/comments?post=41033"}],"version-history":[{"count":0,"href":"https:\/\/linitiative.ca\/International\/wp-json\/wp\/v2\/posts\/41033\/revisions"}],"wp:attachment":[{"href":"https:\/\/linitiative.ca\/International\/wp-json\/wp\/v2\/media?parent=41033"}],"wp:term":[{"taxonomy":"category","embeddable":true,"href":"https:\/\/linitiative.ca\/International\/wp-json\/wp\/v2\/categories?post=41033"},{"taxonomy":"post_tag","embeddable":true,"href":"https:\/\/linitiative.ca\/International\/wp-json\/wp\/v2\/tags?post=41033"}],"curies":[{"name":"wp","href":"https:\/\/api.w.org\/{rel}","templated":true}]}}