{"id":41034,"date":"2019-06-17T06:10:03","date_gmt":"2019-06-17T10:10:03","guid":{"rendered":"https:\/\/linitiative.ca\/International\/can-2019-ce-que-prevoit-la-ram-pour-les-supporters-du-maroc\/"},"modified":"2019-06-17T06:10:03","modified_gmt":"2019-06-17T10:10:03","slug":"can-2019-ce-que-prevoit-la-ram-pour-les-supporters-du-maroc","status":"publish","type":"post","link":"https:\/\/linitiative.ca\/International\/can-2019-ce-que-prevoit-la-ram-pour-les-supporters-du-maroc\/","title":{"rendered":"CAN-2019 : Ce que pr\u00e9voit la RAM pour les supporters du Maroc"},"content":{"rendered":"<p><img decoding=\"async\" class=\"post_layout_5_img\" src=\"http:\/\/aujourdhui.ma\/wp-content\/uploads\/2019\/06\/Faouzi-Lekjaa-FRMF-et-Rachid-Talbi-Alami-et-Abdelhamid-Addou-RAM.jpg?x29840\" alt=\"CAN-2019 : Ce que pr\u00e9voit la RAM pour les supporters du Maroc\"\/><\/p>\n<p class=\"p1\"><span class=\"s1\"><span class=\"c4\"><strong>A l\u2019approche de la Coupe d\u2019Afrique des Nations, chaque institution cherche \u00e0 apporter sa pierre \u00e0 l\u2019\u00e9difice contribuant ainsi au soutien de la s\u00e9lection nationale.<\/strong><\/span><\/span> <span id=\"more-313087\"\/><\/p>\n<p class=\"p1\"><span class=\"s1\">Ainsi, une convention de partenariat a \u00e9t\u00e9 sign\u00e9e, vendredi \u00e0 Rabat, entre le minist\u00e8re de la jeunesse et des sports, la F\u00e9d\u00e9ration royale marocaine de football (FRMF) et la Royal Air Maroc (RAM) pour la mise en place d\u2019un programme de vols entre Casablanca et Le Caire \u00e0 cette occasion. Sign\u00e9e par le ministre de la jeunesse et des sports, Rachid Talbi Alami, le pr\u00e9sident de la FRMF, Faouzi Lekjaa, et le pr\u00e9sident-directeur g\u00e9n\u00e9ral de la RAM, Abdelhamid Addou, cette convention permettra aux supporters de se rendre en \u00c9gypte pour encourager l\u2019\u00e9quipe nationale lors de la CAN-2019 qui aura lieu du 21 juin au 19 juillet.<br \/>Aux termes de cette convention, la RAM programmera plus de 82 vols durant le premier tour de cette comp\u00e9tition pour permettre \u00e0 plus de 7.500 passagers d\u2019accompagner les Lions de l\u2019Atlas en \u00c9gypte.<\/span><\/p>\n<p class=\"p1\"><span class=\"s1\">La RAM mobilisera plus de 54 vols suppl\u00e9mentaires qui renforceront ses 18 vols r\u00e9guliers. La compagnie propose ces vols suppl\u00e9mentaires \u00e0 deux niveaux de tarifs fixes couvrant le transport \u00e0 l\u2019aller et au retour, \u00e0 savoir 3.000 DH et 4.000 DH.<\/span><\/p>\n<p class=\"p1\"><span class=\"s1\">Ainsi, les vols programm\u00e9s pour permettre aux supporters d\u2019assister au match et de faire le retour apr\u00e8s la fin de la rencontre, sont commercialis\u00e9s au prix fixe de 3.000 DH. Quant aux vols permettant aux supporters d\u2019assister \u00e0 plus d\u2019un match, ils sont propos\u00e9s au prix fixe de 4.000 DH. L\u2019offre sera propos\u00e9e \u00e0 la vente \u00e0 partir de samedi 15 juin \u00e0 travers les canaux de commercialisation de la compagnie (agences commerciales, site internet et centres d\u2019appels), ainsi qu\u2019\u00e0 travers le r\u00e9seau national des agences de voyages.<br \/>Ce nouveau partenariat intervient quelques mois apr\u00e8s deux initiatives similaires entreprises par les trois parties. A cet effet, la RAM avait mobilis\u00e9, en mai et juin 2018, quelque 13 avions pour permettre \u00e0 pr\u00e8s de 2.500 passagers d\u2019accompagner les Lions de l\u2019Atlas au Mondial de Russie. Ces vols suppl\u00e9mentaires avaient \u00e9t\u00e9 propos\u00e9s au prix fixe subventionn\u00e9 de 5.000 DH (aller et retour).<\/span><\/p>\n<p class=\"p1\"><span class=\"s1\">De m\u00eame, en novembre 2017, la RAM avait affr\u00e9t\u00e9 18 vols exceptionnels reliant Casablanca \u00e0 Abidjan pour permettre \u00e0 3.000 supporters d\u2019assister au match d\u00e9cisif opposant les Lions de l\u2019Atlas \u00e0 la C\u00f4te d\u2019Ivoire dans le cadre des qualifications pour la Coupe du monde de Russie, pour le prix fixe de 2.000 DH comprenant l\u2019aller et le retour.<\/span><\/p>\n<p>Auteur: ALM<br \/>\n<a href=\"http:\/\/aujourdhui.ma\/sports\/can-2019-ce-que-prevoit-la-ram-pour-les-supporters-du-maroc\">Cliquez ici pour lire l&rsquo;article depuis sa source.<\/a><\/p>\n","protected":false},"excerpt":{"rendered":"<p>A l\u2019approche de la Coupe d\u2019Afrique des Nations, chaque institution cherche \u00e0 apporter sa pierre \u00e0 l\u2019\u00e9difice contribuant ainsi au soutien de la s\u00e9lection nationale. Ainsi, une convention de partenariat a \u00e9t\u00e9 sign\u00e9e, vendredi \u00e0 Rabat, entre le minist\u00e8re de la jeunesse et des sports, la F\u00e9d\u00e9ration royale marocaine de football (FRMF) et la Royal [&hellip;]<\/p>\n","protected":false},"author":1759,"featured_media":0,"comment_status":"closed","ping_status":"closed","sticky":false,"template":"","format":"standard","meta":{"fifu_image_url":"","fifu_image_alt":"","footnotes":""},"categories":[73,54],"tags":[],"class_list":["post-41034","post","type-post","status-publish","format-standard","hentry","category-actualite","category-maroc"],"_links":{"self":[{"href":"https:\/\/linitiative.ca\/International\/wp-json\/wp\/v2\/posts\/41034","targetHints":{"allow":["GET"]}}],"collection":[{"href":"https:\/\/linitiative.ca\/International\/wp-json\/wp\/v2\/posts"}],"about":[{"href":"https:\/\/linitiative.ca\/International\/wp-json\/wp\/v2\/types\/post"}],"author":[{"embeddable":true,"href":"https:\/\/linitiative.ca\/International\/wp-json\/wp\/v2\/users\/1759"}],"replies":[{"embeddable":true,"href":"https:\/\/linitiative.ca\/International\/wp-json\/wp\/v2\/comments?post=41034"}],"version-history":[{"count":0,"href":"https:\/\/linitiative.ca\/International\/wp-json\/wp\/v2\/posts\/41034\/revisions"}],"wp:attachment":[{"href":"https:\/\/linitiative.ca\/International\/wp-json\/wp\/v2\/media?parent=41034"}],"wp:term":[{"taxonomy":"category","embeddable":true,"href":"https:\/\/linitiative.ca\/International\/wp-json\/wp\/v2\/categories?post=41034"},{"taxonomy":"post_tag","embeddable":true,"href":"https:\/\/linitiative.ca\/International\/wp-json\/wp\/v2\/tags?post=41034"}],"curies":[{"name":"wp","href":"https:\/\/api.w.org\/{rel}","templated":true}]}}