{"id":41035,"date":"2019-06-17T06:16:25","date_gmt":"2019-06-17T10:16:25","guid":{"rendered":"https:\/\/linitiative.ca\/International\/25eme-festival-de-fes-des-musiques-sacrees-du-monde-sami-yusuf-spiritualise-bab-el-makina\/"},"modified":"2019-06-17T06:16:25","modified_gmt":"2019-06-17T10:16:25","slug":"25eme-festival-de-fes-des-musiques-sacrees-du-monde-sami-yusuf-spiritualise-bab-el-makina","status":"publish","type":"post","link":"https:\/\/linitiative.ca\/International\/25eme-festival-de-fes-des-musiques-sacrees-du-monde-sami-yusuf-spiritualise-bab-el-makina\/","title":{"rendered":"25\u00e8me Festival de F\u00e8s des musiques sacr\u00e9es du monde : Sami Yusuf spiritualise Bab El Makina"},"content":{"rendered":"<p><img decoding=\"async\" class=\"post_layout_5_img\" src=\"http:\/\/aujourdhui.ma\/wp-content\/uploads\/2019\/06\/SAR-la-Princesse-Lalla-Hasnaa-25e%CC%80me-Festival-de-Fe%CC%80s-des-musiques-sacre%CC%81es-du-monde.jpg?x29840\" alt=\"25\u00e8me Festival de F\u00e8s des musiques sacr\u00e9es du monde : Sami Yusuf spiritualise Bab El Makina\"\/><\/p>\n<p class=\"p1\"><span class=\"c4\"><strong><em>L\u2019une des surprises de la soir\u00e9e \u00e9tait l\u2019interpr\u00e9tation du single \u00abAna Mani fyach\u00bb en anglais et en arabe. Une performance qui a \u00e9t\u00e9 du go\u00fbt du public lequel s\u2019est lanc\u00e9 en youyous.<\/em><\/strong><\/span> <span id=\"more-313091\"\/><\/p>\n<p class=\"p1\"><span class=\"s1\">Apr\u00e8s une ouverture majestueuse, vendredi, du 25\u00e8me Festival de F\u00e8s des musiques sacr\u00e9es du monde, qui se tient, sous le Haut patronage de SM le Roi Mohammed VI jusqu\u2019au 21 juin, par SAR la Princesse Lalla Hasnaa, qui a vu d\u00e9filer des artistes de diff\u00e9rentes nationalit\u00e9s, c\u2019\u00e9tait \u00e0 la star Sami Yusuf de spiritualiser, samedi, Bab El Makina. D\u00e8s qu\u2019il monte sur sc\u00e8ne, il interpr\u00e8te une chanson d\u00e9di\u00e9e au Proph\u00e8te sidna Mohammed. Apr\u00e8s quoi, il adresse un salam au public qui le lui rend bien.<\/span><\/p>\n<p class=\"p1\"><span class=\"s1\"><em>\u00abN<\/em>ous <em>sommes fiers de votre pr\u00e9sence et d\u2019\u00eatre avec vous. C\u2019est aussi un plaisir de performer ici pour la deuxi\u00e8me fois dans ce festival\u00bb<\/em>, s\u2019exprime le chanteur britannique musulman n\u00e9 \u00e0 T\u00e9h\u00e9ran en f\u00e9licitant les organisateurs. Avant d\u2019entrer dans le vif du concert, l\u2019artiste pr\u00e9cise qu\u2019il y pr\u00e9sentera de nouveaux singles et d\u2019autres anciens. <em>\u00abCertains musiciens qui m\u2019accompagnent aujourd\u2019hui ont fait un long voyage pour venir ici. Ils viennent de Londres, de Turquie et de l\u2019Iran \u00bb,<\/em> encha\u00eene le chanteur. L\u2019une des surprises de la soir\u00e9e \u00e9tant la performance du groupe marocain de Sidi Ismael aux c\u00f4t\u00e9s de Sami Yusuf. <em>\u00abNous allons pr\u00e9senter des po\u00e8mes, rythmes et m\u00e9lodies<span class=\"Apple-converted-space\">\u00a0<\/span> mystiques h\u00e9rit\u00e9es d\u2019anciennes g\u00e9n\u00e9rations que nous avons compos\u00e9s en musique contemporaine\u00bb,<\/em> pr\u00e9cise l\u2019artiste. Il s\u2019exprime \u00e9galement sur les musiques sacr\u00e9es qui sont, \u00e0 ses yeux, \u00abl\u2019\u00e9chelle de la terre vers le ciel\u00bb.<\/span><\/p>\n<p><a href=\"http:\/\/aujourdhui.ma\/wp-content\/uploads\/2019\/06\/Sami-yussef-25e%CC%80me-Festival-de-Fe%CC%80s-des-musiques-sacre%CC%81es-du-monde.jpg?x29840\"><img loading=\"lazy\" decoding=\"async\" class=\"size-full wp-image-313092 aligncenter\" src=\"http:\/\/aujourdhui.ma\/wp-content\/uploads\/2019\/06\/Sami-yussef-25e%CC%80me-Festival-de-Fe%CC%80s-des-musiques-sacre%CC%81es-du-monde.jpg?x29840\" alt=\"\" width=\"495\" height=\"570\" srcset=\"http:\/\/aujourdhui.ma\/wp-content\/uploads\/2019\/06\/Sami-yussef-25e\u0300me-Festival-de-Fe\u0300s-des-musiques-sacre\u0301es-du-monde.jpg 495w, http:\/\/aujourdhui.ma\/wp-content\/uploads\/2019\/06\/Sami-yussef-25e\u0300me-Festival-de-Fe\u0300s-des-musiques-sacre\u0301es-du-monde-261x300.jpg 261w\" sizes=\"auto, (max-width: 495px) 100vw, 495px\"\/><\/a><\/p>\n<p class=\"p1\"><span class=\"s1\">La star ne manque pas de s\u2019adresser \u00e9galement au public. <em>\u00abLa beaut\u00e9 de la musique, de ces po\u00e8mes et de ce rassemblement est faite gr\u00e2ce \u00e0 vous\u00bb,<\/em> indique-t-il. L\u2019artiste pr\u00e9cise \u00e9galement au d\u00e9but de son concert que le groupe qui l\u2019accompagne performera en kurde, selon la tariqa qadiria, en iranien et en arabe. Apr\u00e8s quoi, il c\u00e8de la place \u00e0 sa musique en interpr\u00e9tant un single en maqam \u00abSiga\u00bb. <em>\u00abC\u2019est une nouvelle partition qui fera partie de mon nouvel album intitul\u00e9 \u00abExtase\u00bb\u00bb,<\/em> d\u00e9taille-t-il avant de chanter un po\u00e8me soufi turc interpr\u00e9t\u00e9 \u00e9galement \u00e0 la mani\u00e8re de la tariqa qadiria. L\u2019autre surprise de la soir\u00e9e \u00e9tait l\u2019interpr\u00e9tation du single \u00abAna Mani fyach\u00bb en anglais et en arabe.<\/span><\/p>\n<p class=\"p1\"><span class=\"s1\">Une performance qui a \u00e9t\u00e9 du go\u00fbt du public lequel s\u2019est lanc\u00e9 en youyous. <em>\u00abCette fois-ci, j\u2019interpr\u00e9terai \u00abSalla Allah ala Taha\u00bb en maqam Bayati. C\u2019est une chanson que je n\u2019ai jamais chant\u00e9e\u00bb,<\/em> lance-t-il en demandant au grand public de s\u2019associer \u00e0 lui. Apr\u00e8s quoi, il interpr\u00e8te une nouvelle composition, inspir\u00e9e de la hadra de Mekn\u00e8s, qui fera partie \u00e9galement de son nouvel album, avant de clore son concert par le single \u00abYa mawlana\u00bb pour \u00eatre clam\u00e9 par le public. Un appel auquel l\u2019artiste r\u00e9pond en revenant sur sc\u00e8ne pour interpr\u00e9ter \u00abAna Mani fyach\u00bb encore une fois. De quoi en faire un concert m\u00e9morable pour les fans de Sami Yusuf.<\/span><\/p>\n<p>Auteur: Salima Guisser<br \/>\n<a href=\"http:\/\/aujourdhui.ma\/culture\/musique\/25eme-festival-de-fes-des-musiques-sacrees-du-monde-sami-yusuf-spiritualise-bab-el-makina\">Cliquez ici pour lire l&rsquo;article depuis sa source.<\/a><\/p>\n","protected":false},"excerpt":{"rendered":"<p>L\u2019une des surprises de la soir\u00e9e \u00e9tait l\u2019interpr\u00e9tation du single \u00abAna Mani fyach\u00bb en anglais et en arabe. Une performance qui a \u00e9t\u00e9 du go\u00fbt du public lequel s\u2019est lanc\u00e9 en youyous. Apr\u00e8s une ouverture majestueuse, vendredi, du 25\u00e8me Festival de F\u00e8s des musiques sacr\u00e9es du monde, qui se tient, sous le Haut patronage de [&hellip;]<\/p>\n","protected":false},"author":1759,"featured_media":0,"comment_status":"closed","ping_status":"closed","sticky":false,"template":"","format":"standard","meta":{"fifu_image_url":"","fifu_image_alt":"","footnotes":""},"categories":[73,54],"tags":[],"class_list":["post-41035","post","type-post","status-publish","format-standard","hentry","category-actualite","category-maroc"],"_links":{"self":[{"href":"https:\/\/linitiative.ca\/International\/wp-json\/wp\/v2\/posts\/41035","targetHints":{"allow":["GET"]}}],"collection":[{"href":"https:\/\/linitiative.ca\/International\/wp-json\/wp\/v2\/posts"}],"about":[{"href":"https:\/\/linitiative.ca\/International\/wp-json\/wp\/v2\/types\/post"}],"author":[{"embeddable":true,"href":"https:\/\/linitiative.ca\/International\/wp-json\/wp\/v2\/users\/1759"}],"replies":[{"embeddable":true,"href":"https:\/\/linitiative.ca\/International\/wp-json\/wp\/v2\/comments?post=41035"}],"version-history":[{"count":0,"href":"https:\/\/linitiative.ca\/International\/wp-json\/wp\/v2\/posts\/41035\/revisions"}],"wp:attachment":[{"href":"https:\/\/linitiative.ca\/International\/wp-json\/wp\/v2\/media?parent=41035"}],"wp:term":[{"taxonomy":"category","embeddable":true,"href":"https:\/\/linitiative.ca\/International\/wp-json\/wp\/v2\/categories?post=41035"},{"taxonomy":"post_tag","embeddable":true,"href":"https:\/\/linitiative.ca\/International\/wp-json\/wp\/v2\/tags?post=41035"}],"curies":[{"name":"wp","href":"https:\/\/api.w.org\/{rel}","templated":true}]}}