{"id":41037,"date":"2019-06-17T07:23:34","date_gmt":"2019-06-17T11:23:34","guid":{"rendered":"https:\/\/linitiative.ca\/International\/smap-immo-a-paris-comme-si-vous-y-etiez\/"},"modified":"2019-06-17T07:23:34","modified_gmt":"2019-06-17T11:23:34","slug":"smap-immo-a-paris-comme-si-vous-y-etiez","status":"publish","type":"post","link":"https:\/\/linitiative.ca\/International\/smap-immo-a-paris-comme-si-vous-y-etiez\/","title":{"rendered":"\u00abSMAP Immo\u00bb \u00e0 Paris : Comme si vous y \u00e9tiez!"},"content":{"rendered":"<header>\n<\/header>\n<div class=\"entry-content clearfix\" readability=\"56\">\n<p class=\"p1\"><em><span class=\"c4\"><strong>Le rideau est tomb\u00e9 hier dimanche sur le Salon de l\u2019immobilier \u00abSMAP Immo\u00bb.<\/strong><\/span><\/em> <span id=\"more-313057\"\/><\/p>\n<p class=\"p1\"><em>Apr\u00e8s trois jours d\u2019expositions, cette manifestation qui s\u2019est ouverte vendredi matin, avec comme invit\u00e9e d\u2019honneur la r\u00e9gion de Rabat-Sal\u00e9-K\u00e9nitra, a propos\u00e9 durant trois jours, aux r\u00e9sidents marocains en France et dans d\u2019autres pays d\u2019Europe, ainsi qu\u2019aux visiteurs fran\u00e7ais et europ\u00e9ens de d\u00e9couvrir les nouveaut\u00e9s sur le march\u00e9 immobilier marocain.<\/em><\/p>\n<p class=\"p1\"><em>Ainsi et sur 10.000 m<sup>2<\/sup> de surface d\u2019exposition, les visiteurs se sont inform\u00e9s sur l\u2019offre immobili\u00e8re \u00abla plus compl\u00e8te et la plus diversifi\u00e9e du march\u00e9 \u00bb marocain et des projets immobiliers propos\u00e9s par une centaine d\u2019exposants de toutes les r\u00e9gions du Maroc.<\/em><\/p>\n<p class=\"p1\"><em>Repr\u00e9sentant une grande vitrine de l\u2019immobilier marocain hors du Royaume et un v\u00e9ritable barom\u00e8tre des investissements immobiliers \u00e9trangers vers le Maroc, SMAP Immo est organis\u00e9 avec le soutien du minist\u00e8re de l\u2019am\u00e9nagement du territoire national, de l\u2019urbanisme, de l\u2019habitat et de la politique de la ville, en partenariat avec la F\u00e9d\u00e9ration nationale des promoteurs immobiliers marocains (FNPI).<\/em><\/p>\n<\/div>\n<p>Auteur: ALM<br \/>\n<a href=\"http:\/\/aujourdhui.ma\/en-images\/smap-immo-a-paris-comme-si-vous-y-etiez\">Cliquez ici pour lire l&rsquo;article depuis sa source.<\/a><\/p>\n","protected":false},"excerpt":{"rendered":"<p>Le rideau est tomb\u00e9 hier dimanche sur le Salon de l\u2019immobilier \u00abSMAP Immo\u00bb. Apr\u00e8s trois jours d\u2019expositions, cette manifestation qui s\u2019est ouverte vendredi matin, avec comme invit\u00e9e d\u2019honneur la r\u00e9gion de Rabat-Sal\u00e9-K\u00e9nitra, a propos\u00e9 durant trois jours, aux r\u00e9sidents marocains en France et dans d\u2019autres pays d\u2019Europe, ainsi qu\u2019aux visiteurs fran\u00e7ais et europ\u00e9ens de d\u00e9couvrir [&hellip;]<\/p>\n","protected":false},"author":1759,"featured_media":0,"comment_status":"closed","ping_status":"closed","sticky":false,"template":"","format":"standard","meta":{"fifu_image_url":"","fifu_image_alt":"","footnotes":""},"categories":[73,54],"tags":[],"class_list":["post-41037","post","type-post","status-publish","format-standard","hentry","category-actualite","category-maroc"],"_links":{"self":[{"href":"https:\/\/linitiative.ca\/International\/wp-json\/wp\/v2\/posts\/41037","targetHints":{"allow":["GET"]}}],"collection":[{"href":"https:\/\/linitiative.ca\/International\/wp-json\/wp\/v2\/posts"}],"about":[{"href":"https:\/\/linitiative.ca\/International\/wp-json\/wp\/v2\/types\/post"}],"author":[{"embeddable":true,"href":"https:\/\/linitiative.ca\/International\/wp-json\/wp\/v2\/users\/1759"}],"replies":[{"embeddable":true,"href":"https:\/\/linitiative.ca\/International\/wp-json\/wp\/v2\/comments?post=41037"}],"version-history":[{"count":0,"href":"https:\/\/linitiative.ca\/International\/wp-json\/wp\/v2\/posts\/41037\/revisions"}],"wp:attachment":[{"href":"https:\/\/linitiative.ca\/International\/wp-json\/wp\/v2\/media?parent=41037"}],"wp:term":[{"taxonomy":"category","embeddable":true,"href":"https:\/\/linitiative.ca\/International\/wp-json\/wp\/v2\/categories?post=41037"},{"taxonomy":"post_tag","embeddable":true,"href":"https:\/\/linitiative.ca\/International\/wp-json\/wp\/v2\/tags?post=41037"}],"curies":[{"name":"wp","href":"https:\/\/api.w.org\/{rel}","templated":true}]}}