{"id":41038,"date":"2019-06-17T08:00:17","date_gmt":"2019-06-17T12:00:17","guid":{"rendered":"https:\/\/linitiative.ca\/International\/fituc-2019-une-31eme-edition-qui-interpelle-le-theatre-et-le-changement\/"},"modified":"2019-06-17T08:00:17","modified_gmt":"2019-06-17T12:00:17","slug":"fituc-2019-une-31eme-edition-qui-interpelle-le-theatre-et-le-changement","status":"publish","type":"post","link":"https:\/\/linitiative.ca\/International\/fituc-2019-une-31eme-edition-qui-interpelle-le-theatre-et-le-changement\/","title":{"rendered":"FITUC 2019 :  Une 31\u00e8me \u00e9dition qui interpelle le th\u00e9\u00e2tre et le changement"},"content":{"rendered":"<p><img decoding=\"async\" class=\"post_layout_5_img\" src=\"http:\/\/aujourdhui.ma\/wp-content\/uploads\/2019\/06\/FITUC-2019.jpg?x29840\" alt=\"FITUC 2019 : Une 31\u00e8me \u00e9dition qui interpelle le th\u00e9\u00e2tre et le changement\"\/><\/p>\n<p><span class=\"c4\"><strong>Elle sera marqu\u00e9e par des hommages \u00e0 Bousarhane Zitouni, Zahira Sadik, Rachid Fekkak et Driss Idrissi<\/strong><\/span><br \/><span id=\"more-313032\"\/><\/p>\n<p>Le Festival international du th\u00e9\u00e2tre universitaire, initi\u00e9 par la Facult\u00e9 des lettres Ben M\u2019sik, est de retour \u00e0 Casablanca pour une 31\u00e8me \u00e9dition plus exceptionnelle. Selon les organisateurs, cette \u00e9dition accueillera la France en tant qu\u2019invit\u00e9e d\u2019honneur. Elle conna\u00eetra, en effet, la participation de 15 troupes venues de plusieurs pays, en l\u2019occurrence l\u2019Italie, la C\u00f4te d\u2019Ivoire, la Guin\u00e9e, l\u2019Egypte et la Tunisie. Ainsi, \u00e0 l\u2019instar des pr\u00e9c\u00e9dentes \u00e9ditions, des hommages seront rendus \u00e0 plusieurs figures de la sc\u00e8ne th\u00e9\u00e2trale et d\u2019autres personnalit\u00e9s issues du monde des m\u00e9dias.<\/p>\n<p>\u00abCette ann\u00e9e, le festival a choisi de rendre hommage \u00e0 Bousarhane Zitouni, metteur en sc\u00e8ne, Zahira Sadik, com\u00e9dienne, Rachid Fekkak, l\u2019un des fondateurs de ce festival, et Driss Idrissi, directeur de la production \u00e0 la SNRT\u00bb, indique Ahmed Tanich, responsable communication de ce festival. Outre les hommages et les repr\u00e9sentations th\u00e9\u00e2trales, cette \u00e9dition sera marqu\u00e9e par la publication d\u2019un ouvrage d\u00e9di\u00e9 au festival. \u00abIl s\u2019agit d\u2019un livre pr\u00e9sentant l\u2019historique de ce festival.<\/p>\n<p>Il comprend des affiches accompagn\u00e9es de textes\u00bb, ajoute M. Tanich. De plus, le programme de cette manifestation culturelle conna\u00eetra l\u2019organisation de tables rondes, d\u2019ateliers de formation encadr\u00e9s par des artistes et universitaires de renom ainsi que des conf\u00e9rences-d\u00e9bats autour de plusieurs th\u00e9matiques d\u2019actualit\u00e9. Notons que le festival sera plac\u00e9 cette ann\u00e9e sous le th\u00e8me \u00abTh\u00e9\u00e2tre et changement\u00bb. Une th\u00e9matique que les initiateurs qualifient de dynamique.<\/p>\n<p>\u00abApr\u00e8s le silence, le mouvement, l\u2019interaction comme th\u00e8mes adopt\u00e9s par les \u00e9ditions pr\u00e9c\u00e9dentes, cette ann\u00e9e on a choisi un th\u00e8me dynamique. Un changement qui est plus remarquable durant les deux derni\u00e8res d\u00e9cennies sur le plan national, arabe et international. Puis, en communiquant avec les exp\u00e9riences th\u00e9\u00e2trales et les travaux scientifiques effectu\u00e9s autour du th\u00e9\u00e2tre traditionnel, moderne ou contemporain.<\/p>\n<p>Nous voyons que le th\u00e9\u00e2tre continue le message du changement au niveau des attitudes et des mani\u00e8res de penser\u00bb, explique-t-on \u00e0 propos de ce sujet. Et d\u2019ajouter que \u00abdans le cadre de ce changement p\u00e9dagogique, artistique et sociologique, intervient l\u2019aspect acad\u00e9mique du th\u00e9\u00e2tre universitaire qui \u00e9tudie les cas pour \u00e9laborer de nouvelles perspectives, c\u2019est pour cela que la 31\u00e8me \u00e9dition du FITUC propose des probl\u00e9matiques sur le th\u00e8me. Changement, quoi ? Comment ? Et pourquoi ? Auxquelles l\u2019ensemble des activit\u00e9s, des ateliers et des tables rondes tenteront de r\u00e9pondre\u00bb.<\/p>\n<p>Auteur: Siham Jadraoui<br \/>\n<a href=\"http:\/\/aujourdhui.ma\/culture\/fituc-2019-une-31eme-edition-qui-interpelle-le-theatre-et-le-changement\">Cliquez ici pour lire l&rsquo;article depuis sa source.<\/a><\/p>\n","protected":false},"excerpt":{"rendered":"<p>Elle sera marqu\u00e9e par des hommages \u00e0 Bousarhane Zitouni, Zahira Sadik, Rachid Fekkak et Driss Idrissi Le Festival international du th\u00e9\u00e2tre universitaire, initi\u00e9 par la Facult\u00e9 des lettres Ben M\u2019sik, est de retour \u00e0 Casablanca pour une 31\u00e8me \u00e9dition plus exceptionnelle. Selon les organisateurs, cette \u00e9dition accueillera la France en tant qu\u2019invit\u00e9e d\u2019honneur. Elle conna\u00eetra, [&hellip;]<\/p>\n","protected":false},"author":1759,"featured_media":0,"comment_status":"closed","ping_status":"closed","sticky":false,"template":"","format":"standard","meta":{"fifu_image_url":"","fifu_image_alt":"","footnotes":""},"categories":[73,54],"tags":[],"class_list":["post-41038","post","type-post","status-publish","format-standard","hentry","category-actualite","category-maroc"],"_links":{"self":[{"href":"https:\/\/linitiative.ca\/International\/wp-json\/wp\/v2\/posts\/41038","targetHints":{"allow":["GET"]}}],"collection":[{"href":"https:\/\/linitiative.ca\/International\/wp-json\/wp\/v2\/posts"}],"about":[{"href":"https:\/\/linitiative.ca\/International\/wp-json\/wp\/v2\/types\/post"}],"author":[{"embeddable":true,"href":"https:\/\/linitiative.ca\/International\/wp-json\/wp\/v2\/users\/1759"}],"replies":[{"embeddable":true,"href":"https:\/\/linitiative.ca\/International\/wp-json\/wp\/v2\/comments?post=41038"}],"version-history":[{"count":0,"href":"https:\/\/linitiative.ca\/International\/wp-json\/wp\/v2\/posts\/41038\/revisions"}],"wp:attachment":[{"href":"https:\/\/linitiative.ca\/International\/wp-json\/wp\/v2\/media?parent=41038"}],"wp:term":[{"taxonomy":"category","embeddable":true,"href":"https:\/\/linitiative.ca\/International\/wp-json\/wp\/v2\/categories?post=41038"},{"taxonomy":"post_tag","embeddable":true,"href":"https:\/\/linitiative.ca\/International\/wp-json\/wp\/v2\/tags?post=41038"}],"curies":[{"name":"wp","href":"https:\/\/api.w.org\/{rel}","templated":true}]}}