{"id":41039,"date":"2019-06-17T09:00:43","date_gmt":"2019-06-17T13:00:43","guid":{"rendered":"https:\/\/linitiative.ca\/International\/malgre-les-mesures-punitives-du-gouvernement-les-etudiants-en-medecine-boycotteront-les-examens-de-rattrapage\/"},"modified":"2019-06-17T09:00:43","modified_gmt":"2019-06-17T13:00:43","slug":"malgre-les-mesures-punitives-du-gouvernement-les-etudiants-en-medecine-boycotteront-les-examens-de-rattrapage","status":"publish","type":"post","link":"https:\/\/linitiative.ca\/International\/malgre-les-mesures-punitives-du-gouvernement-les-etudiants-en-medecine-boycotteront-les-examens-de-rattrapage\/","title":{"rendered":"Malgr\u00e9 les mesures punitives du gouvernement : Les \u00e9tudiants en m\u00e9decine boycotteront les examens de rattrapage"},"content":{"rendered":"<header>\n<\/header>\n<div class=\"entry-content clearfix\" readability=\"64\"><img decoding=\"async\" class=\"post_layout_5_img\" src=\"http:\/\/aujourdhui.ma\/wp-content\/uploads\/2019\/06\/Greve-Boycotte-e%CC%81tudiants-en-me%CC%81decine.jpg?x29840\" alt=\"Malgr\u00e9 les mesures punitives du gouvernement : Les \u00e9tudiants en m\u00e9decine boycotteront les examens de rattrapage\"\/><\/p>\n<p class=\"p1\"><span class=\"s1\"><span class=\"c4\"><strong>Rien ne va plus entre les \u00e9tudiants en m\u00e9decine et le gouvernement. Les futurs m\u00e9decins sont pr\u00eats \u00e0 aller jusqu\u2019au bout pour faire valoir leurs droits malgr\u00e9 les mesures punitives du gouvernement. Ces derniers ont d\u00e9cid\u00e9 de maintenir leur mouvement de protestation.<\/strong><\/span><\/span><span id=\"more-313050\"\/><\/p>\n<p class=\"p1\"><span class=\"s1\">Ils boycotteront les examens de rattrapage apr\u00e8s avoir boycott\u00e9 ceux<span class=\"Apple-converted-space\">\u00a0<\/span> des sessions ordinaires du 10 juin. Dans un communiqu\u00e9 publi\u00e9 samedi 15 juin, la commission nationale des \u00e9tudiants en m\u00e9decine appelle le gouvernement \u00e0 un dialogue s\u00e9rieux. La commission rejette les accusations du gouvernement s\u2019agissant de l\u2019implication du mouvement Al Adl Wal Ihsane dans le boycott des examens. Celle-ci signale dans son communiqu\u00e9 que la commission est un organe ind\u00e9pendant et que toutes les d\u00e9cisions sont prises \u00e0 travers les assembl\u00e9es g\u00e9n\u00e9rales des \u00e9tudiants. La Commission soutient les \u00e9tudiants menac\u00e9s d\u2019expulsion des cit\u00e9s universitaires ainsi que les professeurs suspendus. Celle-ci s\u2019est dite <em>\u00abpr\u00eate \u00e0 mener toutes les proc\u00e9dures l\u00e9gales n\u00e9cessaires\u00bb<\/em> pour prot\u00e9ger ces personnes. Rappelons \u00e0 ce sujet que le d\u00e9partement de l\u2019enseignement sup\u00e9rieur avait d\u00e9cid\u00e9 le 12 juin de suspendre trois professeurs universitaires en m\u00e9decine au sein des facult\u00e9s de Casablanca, Marrakech et Agadir.<\/span><\/p>\n<p class=\"p1\"><span class=\"s1\">Une note du d\u00e9partement de l\u2019enseignement sup\u00e9rieur avait justifi\u00e9 cette d\u00e9cision par un <em>\u00abmanquement \u00e0 leurs engagements professionnels\u00bb.<\/em> Ce qui avait provoqu\u00e9 une vague d\u2019indignation. Pour apporter des \u00e9claircissements sur ce dossier, les repr\u00e9sentants des \u00e9tudiants ont d\u00e9cid\u00e9 d\u2019organiser une conf\u00e9rence de presse ce lundi 17 juin \u00e0 Rabat. De son c\u00f4t\u00e9, le gouvernement a pris plusieurs mesures punitives pour faire cesser ce mouvement de protestation. Il menace les \u00e9tudiants de redoublement ou d\u2019expulsion. <em>\u00abLe gouvernement r\u00e9it\u00e8re sa d\u00e9termination \u00e0 mettre en \u0153uvre les dispositions juridiques et proc\u00e9durales en vigueur dans de telles situations, y compris le redoublement de l\u2019ann\u00e9e universitaire ou la r\u00e9vocation pour les \u00e9tudiants ayant d\u00e9j\u00e0 consomm\u00e9 les ann\u00e9es de redoublement autoris\u00e9es\u00bb,<\/em> souligne un communiqu\u00e9 du gouvernement.<\/span><\/p>\n<p class=\"p1\"><span class=\"s1\">Cette d\u00e9cision concerne 18.000 \u00e9tudiants qui ont boycott\u00e9 les examens. Le gouvernement a aussi insist\u00e9 sur le fait que les examens pr\u00e9vus dans les facult\u00e9s de m\u00e9decine, de pharmacie et de m\u00e9decine dentaire resteront ouverts devant tous les \u00e9tudiants jusqu\u2019au 25 juin conform\u00e9ment au planning annonc\u00e9. Alors que le torchon br\u00fble entre le gouvernement et les \u00e9tudiants, le minist\u00e8re de l\u2019\u00e9ducation nationale a d\u00e9j\u00e0 annonc\u00e9 les dates des concours d\u2019acc\u00e8s aux facult\u00e9s de m\u00e9decine et de pharmacie et de m\u00e9decine dentaire pour l\u2019ann\u00e9e universitaire 2019-2020. Tous ces \u00e9l\u00e9ments montrent que le mouvement de col\u00e8re<span class=\"Apple-converted-space\">\u00a0<\/span> ne fait que s\u2019amplifier et que la crise est loin d\u2019\u00eatre r\u00e9solue.<\/span><\/p>\n<p class=\"p1\"><span class=\"s1\">En gr\u00e8ve depuis mi-mars, les \u00e9tudiants en m\u00e9decine protestent contre l\u2019ouverture des concours de sp\u00e9cialisation aux \u00e9tudiants des facult\u00e9s priv\u00e9es. Ces derniers<span class=\"Apple-converted-space\">\u00a0<\/span> estiment qu\u2019il n\u2019y a pas assez de postes \u00e0 l\u2019issue de ces concours. Dans leur dossier revendicatif, les \u00e9tudiants <span class=\"Apple-converted-space\">\u00a0<\/span> avaient pr\u00e9sent\u00e9 un total de 16 demandes. Les minist\u00e8res de l\u2019\u00e9ducation nationale et de la sant\u00e9 s\u2019\u00e9taient engag\u00e9s \u00e0 mettre en \u0153uvre 14 points qui ont fait l\u2019objet d\u2019un accord avec les repr\u00e9sentants des \u00e9tudiants. Les deux points restants portent sur le concours de r\u00e9sidanat et la 6\u00e8me ann\u00e9e de m\u00e9decine dentaire.<\/span><\/p>\n<\/div>\n<p>Auteur: Laila Zerrour<br \/>\n<a href=\"http:\/\/aujourdhui.ma\/societe\/malgre-les-mesures-punitives-du-gouvernement-les-etudiants-en-medecine-boycotteront-les-examens-de-rattrapage\">Cliquez ici pour lire l&rsquo;article depuis sa source.<\/a><\/p>\n","protected":false},"excerpt":{"rendered":"<p>Rien ne va plus entre les \u00e9tudiants en m\u00e9decine et le gouvernement. Les futurs m\u00e9decins sont pr\u00eats \u00e0 aller jusqu\u2019au bout pour faire valoir leurs droits malgr\u00e9 les mesures punitives du gouvernement. Ces derniers ont d\u00e9cid\u00e9 de maintenir leur mouvement de protestation. Ils boycotteront les examens de rattrapage apr\u00e8s avoir boycott\u00e9 ceux\u00a0 des sessions ordinaires [&hellip;]<\/p>\n","protected":false},"author":1759,"featured_media":0,"comment_status":"closed","ping_status":"closed","sticky":false,"template":"","format":"standard","meta":{"fifu_image_url":"","fifu_image_alt":"","footnotes":""},"categories":[73,54],"tags":[],"class_list":["post-41039","post","type-post","status-publish","format-standard","hentry","category-actualite","category-maroc"],"_links":{"self":[{"href":"https:\/\/linitiative.ca\/International\/wp-json\/wp\/v2\/posts\/41039","targetHints":{"allow":["GET"]}}],"collection":[{"href":"https:\/\/linitiative.ca\/International\/wp-json\/wp\/v2\/posts"}],"about":[{"href":"https:\/\/linitiative.ca\/International\/wp-json\/wp\/v2\/types\/post"}],"author":[{"embeddable":true,"href":"https:\/\/linitiative.ca\/International\/wp-json\/wp\/v2\/users\/1759"}],"replies":[{"embeddable":true,"href":"https:\/\/linitiative.ca\/International\/wp-json\/wp\/v2\/comments?post=41039"}],"version-history":[{"count":0,"href":"https:\/\/linitiative.ca\/International\/wp-json\/wp\/v2\/posts\/41039\/revisions"}],"wp:attachment":[{"href":"https:\/\/linitiative.ca\/International\/wp-json\/wp\/v2\/media?parent=41039"}],"wp:term":[{"taxonomy":"category","embeddable":true,"href":"https:\/\/linitiative.ca\/International\/wp-json\/wp\/v2\/categories?post=41039"},{"taxonomy":"post_tag","embeddable":true,"href":"https:\/\/linitiative.ca\/International\/wp-json\/wp\/v2\/tags?post=41039"}],"curies":[{"name":"wp","href":"https:\/\/api.w.org\/{rel}","templated":true}]}}