{"id":41043,"date":"2019-06-17T05:50:55","date_gmt":"2019-06-17T09:50:55","guid":{"rendered":"https:\/\/linitiative.ca\/International\/les-importations-des-plantes-sous-haute-surveillance\/"},"modified":"2019-06-17T05:50:55","modified_gmt":"2019-06-17T09:50:55","slug":"les-importations-des-plantes-sous-haute-surveillance","status":"publish","type":"post","link":"https:\/\/linitiative.ca\/International\/les-importations-des-plantes-sous-haute-surveillance\/","title":{"rendered":"Les importations des plantes sous haute  surveillance"},"content":{"rendered":"<p class=\"c3\"><span class=\"c2\"><strong>Bact\u00e9rie Xylella Fastidiosa<\/strong><\/span><\/p>\n<p class=\"c5\"><span class=\"c4\"><span class=\"c2\"><strong>L<\/strong><\/span>e contr\u00f4le et la vigilance sont de rigueur aujourd\u2019hui face \u00e0 la menace de la bact\u00e9rie \u00abXylella Fastidiosa\u00bb qui s\u2019attaque \u00e0 un tr\u00e8s large spectre de v\u00e9g\u00e9taux dont principalement l\u2019olivier et les agrumes. L\u2019enjeu pour le\u00a0 Maroc est capital et d\u00e9terminant puisque c\u2019est plus d\u2019un millions d\u2019hectares de plantation d\u2019olivier et pas moins de 100\u00a0000 hectares d\u2019exploitation des agrumes qui sont en jeu. La bact\u00e9rie a plusieurs h\u00f4tes qui ne touchent pas uniquement les arbres fruitiers ce qui risque de cr\u00e9er un \u00e9norme manque \u00e0 gagner pour l\u2019\u00e9conomie et pour l\u2019agriculture.<\/span><\/p>\n<p class=\"c5\">Certes la situation actuelle ne pr\u00e9sente aucun cas d\u2019affection ou d\u2019atteintes par cette bact\u00e9rie dangereuse et d\u00e9vastatrice de plusieurs esp\u00e8ces de plantes et v\u00e9g\u00e9taux. L\u2019ONSSA avait appel\u00e9 dans un communiqu\u00e9 \u00e0 la vigilance et au contr\u00f4le renforc\u00e9 des importations des plantes de toutes esp\u00e8ces pour maintenir la situation indemne au Maroc. Les craintes sont l\u00e9gitimes\u00a0 en cette p\u00e9riode estivale qui co\u00efncide avec le retour\u00a0 massif de plusieurs millions de voyageurs de l\u2019\u00e9tranger (MRE) et de touristes. De l\u2019avis d\u2019un op\u00e9rateur agronome le risque est assez\u00a0 important et n\u00e9cessite une prise en charge s\u00e9rieuse\u00a0 car on n\u2019a pas de fronti\u00e8re opaque et que le risque z\u00e9ro n\u2019existe pas.<\/p>\n<p class=\"c5\">Notre interlocuteur rappel, que le pays n\u2019a jamais \u00e9t\u00e9 \u00e0 l\u2019abri de ces ravageurs et des mauvaises herbes et que de nouvelles esp\u00e8ces \u00a0peuvent rentr\u00e9es au Maroc malgr\u00e9 la vigilance. Cette bact\u00e9rie ayant touch\u00e9 les plantes dans plusieurs pays notamment m\u00e9diterran\u00e9ens repr\u00e9sente une grande menace pour le patrimoine v\u00e9g\u00e9tal national a indiqu\u00e9 l\u2019ONSSA.\u00a0 Du coup toute sp\u00e9culation sur les importations des plantes aux fronti\u00e8res risque d\u2019\u00eatre fatale pour les diff\u00e9rentes cultures agricoles et pour l\u2019\u00e9conomie en g\u00e9n\u00e9ral.<\/p>\n<p class=\"c5\">Il faut rappeler que le Plan Maroc Vert (PMV) a beaucoup investi pour l\u2019extension des superficies consacr\u00e9es \u00e0 l\u2019olivier et aux agrumes. L\u2019extension des superficies des vergers de\u00a0 l\u2019olive a \u00e9t\u00e9 port\u00e9e \u00e0 plus d\u2019un million d\u2019hectares depuis 2008, ann\u00e9e de mise en place du PMV. Les encouragements et les subventions du Plan Maroc Vert ont \u00e9t\u00e9 \u00e9largis aussi aux agrumes dont la superficie a \u00e9t\u00e9 \u00e9tendue \u00e0 plus de 100.000 hectares pour promouvoir et d\u00e9velopper l\u2019exportation de ces cultures \u00e0 l\u2019\u00e9tranger.<\/p>\n<p class=\"c5\">Il faut aussi pr\u00e9ciser que l\u2019INRA (l\u2019institut national de recherche agronome) a toujours produits et d\u00e9velopp\u00e9s de nouvelles vari\u00e9t\u00e9s de v\u00e9g\u00e9taux de bonnes qualit\u00e9 que les agriculteurs peuvent utilis\u00e9s localement sans recourir forc\u00e9ment \u00e0 l\u2019importation de chez l\u2019Italie ou encore l\u2019Espagne. Des vari\u00e9t\u00e9s jug\u00e9es r\u00e9sistante et mieux adapt\u00e9e\u2026 Il est peut \u00eatre temps de donner la priorit\u00e9 \u00e0 nos produits locaux et de valoriser notre recherche agronomique\u00a0!!!<\/p>\n<p class=\"c6\"><strong>Fairouz El Mouden<\/strong><\/p>\n<p class=\"c3\"><span class=\"c2\"><strong>***<\/strong><\/span><\/p>\n<h6 class=\"c8\"><span class=\"c7\"><strong>La bact\u00e9rie Xylella fastidiosa, transmise et v\u00e9hicul\u00e9e par des insectes vecteurs, s\u2019attaque \u00e0 un tr\u00e8s large spectre de v\u00e9g\u00e9taux: vignes, oliviers, arbres fruitiers (Prunus), agrumes, caf\u00e9iers, ch\u00eanes, luzerne, etc. La gravit\u00e9 de ses impacts varie selon la souche, le v\u00e9g\u00e9tal et l\u2019\u00e9cosyst\u00e8me concern\u00e9.<\/strong><\/span><\/h6>\n<h6 class=\"c8\"><span class=\"c7\"><strong>Aux \u00c9tats-Unis, la bact\u00e9rie est connue comme l\u2019agent de la maladie de Pierce qui a fortement touch\u00e9 les vignobles californiens \u00e0 la fin du 19\u00e8me si\u00e8cle. Elle est \u00e9galement responsable de la chlorose vari\u00e9gu\u00e9e des agrumes au Br\u00e9sil depuis la fin des ann\u00e9es 1980. Depuis 2013, Xylella fastidiosa est responsable du complexe de dess\u00e9chement rapide de l\u2019olivier (CoDiRO) en Italie (r\u00e9gion des Pouilles).<\/strong><\/span><\/h6>\n<h6 class=\"c8\"><span class=\"c7\"><strong>A ce jour, six sous-esp\u00e8ces de Xylella fastidiosa ont \u00e9t\u00e9 identifi\u00e9es dans le monde : multiplex, pauca, fastidiosa, sandyi, morus, tashke. Chacune de ces sous-esp\u00e8ces pr\u00e9sente un spectre de souches et de plantes h\u00f4tes sp\u00e9cifiques.<\/strong><\/span><\/h6>\n<h6 class=\"c8\"><span class=\"c7\"><strong>Bact\u00e9rie Xylella fastidiosa emp\u00eache la plante de s\u2019alimenter en g\u00eanant les mouvements de la s\u00e8vre brute. Les sympt\u00f4mes de ses manifestations sont peu sp\u00e9cifiques (fl\u00e9trissement, br\u00fblures foliaires).<\/strong><\/span><\/h6>\n<h6 class=\"c8\"><span class=\"c7\"><strong>Malheureusement, il n\u2019existe pas de moyens curatifs pour lutter contre cette bact\u00e9rie. La d\u00e9cision europ\u00e9enne, visant \u00e0 emp\u00eacher l\u2019introduction et la propagation de la bact\u00e9rie sur le territoire, pr\u00e9conise l\u2019arrachage et la destruction des plants contamin\u00e9s. Source alimagri.<\/strong><\/span><\/h6>\n<p class=\"c3\"><span class=\"c2\"><strong>***<\/strong><\/span><\/p>\n<h6 class=\"c8\"><span class=\"c4\"><strong>\u00abXylella fastidiosa\u00bb est une bact\u00e9rie nuisible pour plus de 350 esp\u00e8ces v\u00e9g\u00e9tales (olivier, rosac\u00e9es \u00e0 noyau, agrumes, vigne, ch\u00eanes, etc). C\u2019est une maladie bact\u00e9rienne fortement \u00e9pid\u00e9mique pouvant \u00eatre transmise par le mat\u00e9riel v\u00e9g\u00e9tal et par des insectes vecteurs.<\/strong><\/span><\/h6>\n<p>Auteur: rahal mehamed<br \/>\n<a href=\"http:\/\/albayane.press.ma\/les-importations-des-plantes-sous-haute-surveillance.html\">Cliquez ici pour lire l&rsquo;article depuis sa source.<\/a><\/p>\n","protected":false},"excerpt":{"rendered":"<p>Bact\u00e9rie Xylella Fastidiosa Le contr\u00f4le et la vigilance sont de rigueur aujourd\u2019hui face \u00e0 la menace de la bact\u00e9rie \u00abXylella Fastidiosa\u00bb qui s\u2019attaque \u00e0 un tr\u00e8s large spectre de v\u00e9g\u00e9taux dont principalement l\u2019olivier et les agrumes. L\u2019enjeu pour le\u00a0 Maroc est capital et d\u00e9terminant puisque c\u2019est plus d\u2019un millions d\u2019hectares de plantation d\u2019olivier et pas [&hellip;]<\/p>\n","protected":false},"author":1760,"featured_media":0,"comment_status":"closed","ping_status":"closed","sticky":false,"template":"","format":"standard","meta":{"fifu_image_url":"","fifu_image_alt":"","footnotes":""},"categories":[73,54],"tags":[],"class_list":["post-41043","post","type-post","status-publish","format-standard","hentry","category-actualite","category-maroc"],"_links":{"self":[{"href":"https:\/\/linitiative.ca\/International\/wp-json\/wp\/v2\/posts\/41043","targetHints":{"allow":["GET"]}}],"collection":[{"href":"https:\/\/linitiative.ca\/International\/wp-json\/wp\/v2\/posts"}],"about":[{"href":"https:\/\/linitiative.ca\/International\/wp-json\/wp\/v2\/types\/post"}],"author":[{"embeddable":true,"href":"https:\/\/linitiative.ca\/International\/wp-json\/wp\/v2\/users\/1760"}],"replies":[{"embeddable":true,"href":"https:\/\/linitiative.ca\/International\/wp-json\/wp\/v2\/comments?post=41043"}],"version-history":[{"count":0,"href":"https:\/\/linitiative.ca\/International\/wp-json\/wp\/v2\/posts\/41043\/revisions"}],"wp:attachment":[{"href":"https:\/\/linitiative.ca\/International\/wp-json\/wp\/v2\/media?parent=41043"}],"wp:term":[{"taxonomy":"category","embeddable":true,"href":"https:\/\/linitiative.ca\/International\/wp-json\/wp\/v2\/categories?post=41043"},{"taxonomy":"post_tag","embeddable":true,"href":"https:\/\/linitiative.ca\/International\/wp-json\/wp\/v2\/tags?post=41043"}],"curies":[{"name":"wp","href":"https:\/\/api.w.org\/{rel}","templated":true}]}}