{"id":41044,"date":"2019-06-17T06:10:56","date_gmt":"2019-06-17T10:10:56","guid":{"rendered":"https:\/\/linitiative.ca\/International\/le-pps-et-le-pcv-conviennent-de-developper-davantage-leurs-relations\/"},"modified":"2019-06-17T06:10:56","modified_gmt":"2019-06-17T10:10:56","slug":"le-pps-et-le-pcv-conviennent-de-developper-davantage-leurs-relations","status":"publish","type":"post","link":"https:\/\/linitiative.ca\/International\/le-pps-et-le-pcv-conviennent-de-developper-davantage-leurs-relations\/","title":{"rendered":"Le PPS et le PCV conviennent de d\u00e9velopper davantage leurs relations"},"content":{"rendered":"<p class=\"c4\"><strong><span class=\"c2\"><img loading=\"lazy\" decoding=\"async\" class=\" wp-image-79420 alignright\" src=\"http:\/\/albayane.press.ma\/wp-content\/uploads\/PPS-PC-Vietnamien-230x130.jpg\" alt=\"\" width=\"225\" height=\"127\"\/>L<\/span><span class=\"c3\">e Secr\u00e9taire g\u00e9n\u00e9ral du Parti du progr\u00e8s et du socialisme, Mohamed Nabil Benabdallah, entour\u00e9 d\u2019une importante d\u00e9l\u00e9gation, a re\u00e7u, vendredi au si\u00e8ge national du parti \u00e0 Rabat, une d\u00e9l\u00e9gation du Parti communiste du Vietnam (PCV), conduite par Vo Van Thuong, membre du Bureau politique, membre du secr\u00e9tariat et pr\u00e9sident de la commission de l\u2019information et de la communication du CC du PCV.<\/span><\/strong><\/p>\n<p class=\"c4\">Au cours de cette rencontre, les deux parties ont insist\u00e9 sur l\u2019excellence des relations historiques entre les deux partis politiques tout en soulignant la n\u00e9cessit\u00e9 d\u2019\u0153uvrer pour rechercher les moyens de les d\u00e9velopper et de les renforcer davantage aussi bien entre les deux formations politiques qu\u2019entre les deux pays.<\/p>\n<p class=\"c4\">Pour le SG du PPS, les deux partis politiques entretiennent effectivement d\u2019excellentes relations s\u00e9culaires qui remontent \u00e0 la p\u00e9riode de lutte de lib\u00e9ration nationale du Vietnam, men\u00e9e par tout un peuple sous la conduite du leader communiste Ho Chi Minh. Il a rappel\u00e9 \u00e0 cette occasion que les rencontres et les \u00e9changes entre l\u2019ancien SG du parti (PCM \u00e0 l\u2019\u00e9poque), feu Ali Yata et le leader communiste Ho Chi Minh constituent une source de fiert\u00e9 historique pour le PPS et ses jeunes. Le PCM avait fait, \u00e0 l\u2019\u00e9poque, du soutien de la lutte de lib\u00e9ration du Vietnam, une priorit\u00e9, a indiqu\u00e9 Benabdallah, qui a demand\u00e9 \u00e0 la direction nationale du parti de faire parvenir \u00e0 la d\u00e9l\u00e9gation vietnamienne des archives du PPS une photo montrant le camarade Ali Yata en pleine discussion avec le camarade Ho Chi Minh.<\/p>\n<p class=\"c4\">Il a \u00e9galement fait savoir que sa derni\u00e8re visite au Vietnam en 2014, lui avait permis de s\u2019entretenir avec les responsables du pays dont le SG du PCV et de constater de visu les progr\u00e8s et les d\u00e9veloppements r\u00e9alis\u00e9s aux niveaux \u00e9conomique et social avec des taux de croissance de 7%, tout en saluant la nouvelle approche adopt\u00e9e pour ce faire par le PCV.<\/p>\n<p class=\"c4\">Evoquant les r\u00e9alisations accomplies au Maroc, il a indiqu\u00e9 que le PPS participe depuis une vingtaine d\u2019ann\u00e9es aux diff\u00e9rents\u00a0 gouvernements de coalition qui s\u2019y sont succ\u00e9d\u00e9, dans le but pr\u00e9cis\u00e9ment de contribuer au renforcement du processus d\u00e9mocratique et \u00e0 la mise en \u0153uvre des dispositions de la Constitution pour renforcer l\u2019Etat de Droit, de la d\u00e9mocratie et de la justice sociale, \u00e0 travers notamment le respect des libert\u00e9s individuelles et collectives, les droits humains et en particulier les droits des femmes et l\u2019\u00e9galit\u00e9 homme-femme. Cet engagement du parti au sein du gouvernement vise aussi \u00e0 la r\u00e9alisation de taux de croissance \u00e9conomique plus \u00e9lev\u00e9s sans occulter la promotion du champ culturel et surtout la d\u00e9fense de la souverainet\u00e9 et l\u2019int\u00e9grit\u00e9 territoriales du pays.<\/p>\n<p class=\"c4\">Apr\u00e8s avoir exprim\u00e9 ses remerciements au PPS pour le soutien qu\u2019il a apport\u00e9 \u00e0 son pays durant toute la lutte de lib\u00e9ration nationale,\u00a0 le chef de la d\u00e9l\u00e9gation du PCV \u00e0 indiqu\u00e9 que\u00a0 les deux partis politiques sont aujourd\u2019hui appel\u00e9s \u00e0 \u0153uvrer pour d\u00e9velopper encore plus leurs relations \u00e0 travers notamment la multiplication des \u00e9changes de visites et d\u2019exp\u00e9riences et en particulier des jeunes dans le but d\u2019\u00e9tablir des rapports durables. Il a \u00e9galement fait savoir que son parti serait dispos\u00e9 \u00e0 jouer le r\u00f4le de passerelle entre le PPS et d\u2019autres partis politiques dans le Sud-est asiatique et ailleurs avant d\u2019inviter le SG du PPS \u00e0 effectuer une nouvelle visite au Vietnam, apr\u00e8s celle de 2014.<\/p>\n<p class=\"c4\">Abordant la situation dans son pays, il a indiqu\u00e9 que le PCV, qui dirige seul le pays, poursuit au cours des derni\u00e8res ann\u00e9es une action visant \u00e0 r\u00e9nover et \u00e0 assainir ses structures. Au niveau \u00e9conomique, la politique poursuivie dans le pays lui a permis de r\u00e9aliser des taux de croissance encourageants, qui tournent autour de 7% et de faire passer l\u2019esp\u00e9rance de vie de 62 ans en 1990 \u00e0 73 ans en 2019, tout en poursuivant la lutte contre la pauvret\u00e9 et les famines.<\/p>\n<p class=\"c4\">Il a par ailleurs fait savoir que le PCV entretient des relations avec 245 partis politiques dans le monde et qu\u2019il poursuit sa politique d\u2019ouverture pour pouvoir devenir un membre influent au sein de la communaut\u00e9 internationale.<\/p>\n<p class=\"c4\">Faisaient partie de la d\u00e9l\u00e9gation du PCV, M. Vo Van Thuong, membre du Bureau politique, membre du secr\u00e9tariat et pr\u00e9sident de la commission de l\u2019information et de la communication du CC du PCV,\u00a0 M. Tran Quoc Thuy, ambassadeur extraordinaire et pl\u00e9nipotentiaire du Vietnam au Maroc, M. Tran Viet Truong, membre du comit\u00e9 ex\u00e9cutif municipal du parti, chef de la commission municipale de l\u2019information et de la communication de Can Tho, M. Tran Van Hiep, membre du Comit\u00e9 ex\u00e9cutif provincial du parti, chef de la commission provinciale de l\u2019information et de la communication de Lam Dong, Mme Tran Thi Thank Thuy, membre du comit\u00e9 ex\u00e9cutif provincial du parti, chef de la commission de la commission provinciale de l\u2019information et de la communication de Hung Yen, M. Le Huy Nam, r\u00e9dacteur en chef de la revue de l\u2019information et de la communication, commission de l\u2019information et de la communication du CC du PCV, M. Vu Trung My, directeur adjoint du d\u00e9partement du Moyen Orient, de l\u2019Afrique et de l\u2019Am\u00e9rique Latine, Commission des relations ext\u00e9rieures du CC du PCV, Mme Do Phuong Thao, directrice adjointe du d\u00e9partement de l\u2019information ext\u00e9rieure et des coop\u00e9rations internationales, commission de l\u2019information et de la communication du CC du PCV, M. Nguyen Ngoc Vinh, chef adjoint du service du protocole, d\u00e9partement du protocole et de l\u2019administration, commission des relations ext\u00e9rieures du CC du PCV, Mme Pham Ngoc Linh, experte du d\u00e9partement du Moyen Orient de l\u2019Afrique et de l\u2019Am\u00e9rique Latine, commission des relations ext\u00e9rieures du CC du PCV et Mme Do Ha Thao, experte, interpr\u00e8te du Centre national de la traduction et de l\u2019interpr\u00e9tation, minist\u00e8re des affaires \u00e9trang\u00e8res.<\/p>\n<p class=\"c4\">Quant \u00e0 la d\u00e9l\u00e9gation du PPS, elle \u00e9tait compos\u00e9e de Charafat Afailal, Azzouz Sanhaji, Fatima Zahra Barassat, Khadija El Baz et Driss Redouani, tous membres du BP du PPS ainsi que de Abderrahmane Bellimam,\u00a0 membre du Comit\u00e9 central et directeur du si\u00e8ge central du parti.<\/p>\n<p class=\"c5\"><strong>M\u2019Barek Tafsi<\/strong><\/p>\n<p>Auteur: rahal mehamed<br \/>\n<a href=\"http:\/\/albayane.press.ma\/le-pps-et-le-pcv-conviennent-de-developper-davantage-leurs-relations.html\">Cliquez ici pour lire l&rsquo;article depuis sa source.<\/a><\/p>\n","protected":false},"excerpt":{"rendered":"<p>Le Secr\u00e9taire g\u00e9n\u00e9ral du Parti du progr\u00e8s et du socialisme, Mohamed Nabil Benabdallah, entour\u00e9 d\u2019une importante d\u00e9l\u00e9gation, a re\u00e7u, vendredi au si\u00e8ge national du parti \u00e0 Rabat, une d\u00e9l\u00e9gation du Parti communiste du Vietnam (PCV), conduite par Vo Van Thuong, membre du Bureau politique, membre du secr\u00e9tariat et pr\u00e9sident de la commission de l\u2019information et [&hellip;]<\/p>\n","protected":false},"author":1760,"featured_media":41045,"comment_status":"closed","ping_status":"closed","sticky":false,"template":"","format":"standard","meta":{"fifu_image_url":"","fifu_image_alt":"","footnotes":""},"categories":[73,54],"tags":[],"class_list":["post-41044","post","type-post","status-publish","format-standard","has-post-thumbnail","hentry","category-actualite","category-maroc"],"_links":{"self":[{"href":"https:\/\/linitiative.ca\/International\/wp-json\/wp\/v2\/posts\/41044","targetHints":{"allow":["GET"]}}],"collection":[{"href":"https:\/\/linitiative.ca\/International\/wp-json\/wp\/v2\/posts"}],"about":[{"href":"https:\/\/linitiative.ca\/International\/wp-json\/wp\/v2\/types\/post"}],"author":[{"embeddable":true,"href":"https:\/\/linitiative.ca\/International\/wp-json\/wp\/v2\/users\/1760"}],"replies":[{"embeddable":true,"href":"https:\/\/linitiative.ca\/International\/wp-json\/wp\/v2\/comments?post=41044"}],"version-history":[{"count":0,"href":"https:\/\/linitiative.ca\/International\/wp-json\/wp\/v2\/posts\/41044\/revisions"}],"wp:featuredmedia":[{"embeddable":true,"href":"https:\/\/linitiative.ca\/International\/wp-json\/"}],"wp:attachment":[{"href":"https:\/\/linitiative.ca\/International\/wp-json\/wp\/v2\/media?parent=41044"}],"wp:term":[{"taxonomy":"category","embeddable":true,"href":"https:\/\/linitiative.ca\/International\/wp-json\/wp\/v2\/categories?post=41044"},{"taxonomy":"post_tag","embeddable":true,"href":"https:\/\/linitiative.ca\/International\/wp-json\/wp\/v2\/tags?post=41044"}],"curies":[{"name":"wp","href":"https:\/\/api.w.org\/{rel}","templated":true}]}}