{"id":41046,"date":"2019-06-17T06:20:18","date_gmt":"2019-06-17T10:20:18","guid":{"rendered":"https:\/\/linitiative.ca\/International\/la-culture-au-sein-des-perceptions-et-des-programmes-des-intervenants-publics\/"},"modified":"2019-06-17T06:20:18","modified_gmt":"2019-06-17T10:20:18","slug":"la-culture-au-sein-des-perceptions-et-des-programmes-des-intervenants-publics","status":"publish","type":"post","link":"https:\/\/linitiative.ca\/International\/la-culture-au-sein-des-perceptions-et-des-programmes-des-intervenants-publics\/","title":{"rendered":"La culture au sein des perceptions et des programmes des intervenants publics"},"content":{"rendered":"<p class=\"c3\"><span class=\"c2\"><strong>Journ\u00e9e d\u2019\u00e9tude\u00a0:<\/strong><\/span><\/p>\n<p class=\"c5\"><em><span class=\"c4\">\u00ab<span class=\"c2\">L<\/span>a culture au sein des perceptions et des programmes des intervenants et acteurs publics\u00bb est le th\u00e8me de la journ\u00e9e d\u2019\u00e9tude organis\u00e9e, samedi 15 juin \u00e0 Sal\u00e9, par la Fondation de Sal\u00e9 pour la Culture et les arts, en partenariat avec la Commune de Sal\u00e9. Cette rencontre \u00e9tait l\u2019occasion de se pencher sur la politique culturelle dans la ville de Sal\u00e9 et sa place dans les politiques publiques. La culture \u00e9tant un domaine transversal, les initiateurs de cet \u00e9v\u00e9nement en ont fait la tribune pour \u00e9changer les visions et expertises afin d\u2019\u00e9riger la culture en levier de d\u00e9veloppement.<\/span><\/em><\/p>\n<p class=\"c6\"><span class=\"c2\">***<\/span><\/p>\n<p class=\"c3\"><strong>Mohamed Lotfi Mrini<\/strong><\/p>\n<p class=\"c6\"><span class=\"c2\"><strong>\u00abLa culture est une source g\u00e9n\u00e9ratrice de revenus\u00bb<\/strong><\/span><\/p>\n<p class=\"c3\">Dans son mot d\u2019ouverture, Lotfi Mrini a mis l\u2019accent sur le contexte de l\u2019organisation de cette journ\u00e9e d\u2019\u00e9tude, tout en insistant sur l\u2019importance et la n\u00e9cessit\u00e9 du renforcement du d\u00e9bat autour de la culture dans le secteur public. \u00ab\u00a0Cette rencontre,\u00a0 qui a pour but d\u2019approfondir la r\u00e9flexion et l\u2019\u00e9tude autour de la probl\u00e9matique de la culture dans les politiques publiques, sera couronn\u00e9e par la cr\u00e9ation\u00a0 d\u2019un centre d\u2019\u00e9tudes. Le but \u00e9galement de cette journ\u00e9e est de passer de la th\u00e9orie \u00e0 la concr\u00e9tisation et la mise en \u0153uvre de nouveaux projets, des strat\u00e9gies et des visions efficaces et efficiences\u00a0\u00bb, a- t\u2019il indiqu\u00e9. Lotfi Mrini a soulign\u00e9 en outre, dans son intervention, le d\u00e9veloppement de l\u2019approche participative dans la prise de d\u00e9cision. Car, selon lui, la culture est une source g\u00e9n\u00e9ratrice de revenus. Elle est un facteur cl\u00e9 dans la cr\u00e9ation et l\u2019industrie qui contribue au d\u00e9veloppement de l\u2019\u00e9conomie nationale, a-t-il avanc\u00e9. Il a distingu\u00e9 en revanche les composantes de la culture \u00e0 la fois mat\u00e9rielles et immat\u00e9rielles. L\u2019intervenant a appel\u00e9 \u00e0 la mise en place d\u2019une nouvelle vision pour la culture avec l\u2019intervention de tous les acteurs concern\u00e9s. \u00abIl est temps de d\u00e9velopper toutes les formes artistiques, entre autres le cirque, la danse, la musique pour mieux booster le secteur culturel et le mettre sur de bons rails. En outre, il faudrait que la culture soit pr\u00e9sente dans la ville, comme la musique, les manifestations culturelles et artistiques destin\u00e9es aux jeunes afin de cr\u00e9er une dynamique \u00e0 Sal\u00e9 \u00bb, a-t-il affirm\u00e9. D\u2019apr\u00e8s lui, la ville doit s\u2019ouvrir sur le reste du monde\u00a0 en organisant une manifestation internationale.<\/p>\n<p class=\"c6\"><span class=\"c2\">***<\/span><\/p>\n<p class=\"c3\"><strong>Jama\u00e2 El Mo\u00e2tassim<\/strong><\/p>\n<p class=\"c6\"><span class=\"c2\"><strong>\u00abLa culture comme levier de d\u00e9veloppement dans la ville de Sal\u00e9\u00bb<\/strong><\/span><\/p>\n<p class=\"c3\">Le pr\u00e9sident de la commune de Sal\u00e9, Jama\u00e2 El Mo\u00e2tassim, a estim\u00e9 que cette rencontre est une occasion idoine pour communiquer avec les acteurs concern\u00e9s, tout en consid\u00e9rant la culture comme un levier de d\u00e9veloppement dans la ville de Sal\u00e9. \u00abLa culture est un facteur majeur et fort de la ville de Sal\u00e9. Elle est un carrefour de cultures, de civilisations et une ville avec un patrimoine mat\u00e9riel et immat\u00e9riel riche et diversifi\u00e9 \u00bb, a-t-il affirm\u00e9. Selon le pr\u00e9sident de la Commune de Sal\u00e9, la ville a \u00e9t\u00e9 inscrite en 2016 au Patrimoine national avec plus de 12 sites historiques et patrimoniaux. Et d\u2019ajouter : \u00ab Sal\u00e9 est une ville d\u2019intellectuels, des cr\u00e9ateurs, des biblioth\u00e8ques priv\u00e9es. C\u2019est une ville d\u2019activit\u00e9s culturelles dont le bon nombre est organis\u00e9 par le tissu associatif \u00bb, a-t-il ajout\u00e9.\u00a0 Pour lui, la soci\u00e9t\u00e9 civile est tr\u00e8s active dans le domaine. Il a soulign\u00e9 \u00e9galement que la vision pour la culture dans la ville a \u00e9t\u00e9 \u00e9labor\u00e9e par 1000 participants qui ont consid\u00e9r\u00e9 que la culture est un levier pour le d\u00e9veloppement. \u00abCe qui a \u00e9t\u00e9 r\u00e9alis\u00e9 dans le domaine de la culture reste encore limit\u00e9\u00bb, a-t-il fait savoir.\u00a0 Il a en outre mis la lumi\u00e8re sur des conventions sign\u00e9es visant l\u2019ouverture de plus de biblioth\u00e8ques, de complexes culturels, d\u2019instituts de musique et de maisons de jeunes. D\u2019apr\u00e8s lui, il faut cr\u00e9er un mus\u00e9e \u00e0 Dar El Baroud et garantir la diversit\u00e9 et la richesse de la ville en mati\u00e8re d\u2019offre artistique et culturelle. A c\u00f4t\u00e9 du soutien accord\u00e9 aux associations (1000 associations) et la proposition de 41 projets dans le domaine culturel, la ville de Sal\u00e9 a besoin d\u2019une vision renouvelable pour relancer la culture dans les veines de la ville, a t\u2019il conclu.<\/p>\n<p class=\"c6\"><span class=\"c2\">***<\/span><\/p>\n<p class=\"c3\"><strong>Mohamed Aouad<\/strong><\/p>\n<p class=\"c6\"><span class=\"c2\"><strong>\u00abSal\u00e9 est au c\u0153ur du programme du d\u00e9veloppement r\u00e9gional\u00bb<\/strong><\/span><\/p>\n<p class=\"c3\">Dans son intervention, Mohamed Aouad s\u2019est pench\u00e9 sur la part de Sal\u00e9 dans l\u2019axe culturel en ce qui concerne le d\u00e9veloppement\u00a0 r\u00e9gional. Selon lui, cette journ\u00e9e est importante, notamment dans un contexte national marqu\u00e9 par les grands chantiers culturels lanc\u00e9s par Sa Majest\u00e9 le Roi, entre autres le Programme de r\u00e9habilitation et de valorisation de l\u2019ancienne ville de Sal\u00e9 avec une enveloppe budg\u00e9taire importante.\u00a0 Il a soulign\u00e9 que le Conseil r\u00e9gional vise \u00e0 faire de la culture un levier de d\u00e9veloppement. \u00abLe\u00a0 Conseil r\u00e9gional accorde une importance \u00e0 la culture et au patrimoine de la r\u00e9gion. Il contribue \u00e0 la sauvegarde des sites patrimoniaux et historiques tout en gardant la sp\u00e9cificit\u00e9 r\u00e9gionale, ainsi qu\u2019\u00e0 l\u2019organisation des manifestions artistiques et culturelles afin d\u2019encourager le tourisme et d\u2019attirer plus d\u2019investissements pour\u00a0 la r\u00e9gion \u00bb, a-t-il indiqu\u00e9.\u00a0 Le Conseil r\u00e9gional a veill\u00e9 \u00e0 \u00e9laborer une vision dans le domaine de la culture \u00e0 travers le programme du d\u00e9veloppement r\u00e9gional.\u00a0 Selon lui, neuf grands chantiers ont \u00e9t\u00e9 ouverts pour accompagner cette dynamique qui accorde une place de choix \u00e0 la culture, la jeunesse et le sport avec un budget de 390 millions dirhams. D\u2019apr\u00e8s lui, de nombreux projets ont \u00e9t\u00e9 \u00e9labor\u00e9s ou sont en cours d\u2019\u00e9laboration. Il s\u2019agit de la construction et l\u2019\u00e9quipement du th\u00e9\u00e2tre de la ville de Sal\u00e9 auquel le Conseil contribue avec une enveloppe de 10 millions dh, la r\u00e9habilitation de l\u2019ancienne m\u00e9dina de Sal\u00e9 avec 60 millions de dh \u00e0, sans oublier le soutien aux associations organisatrices d\u2019\u00e9v\u00e9nements et manifestations culturelles et artistiques avec un budget de 8 millions de Dh.<\/p>\n<p class=\"c6\"><span class=\"c2\">***<\/span><\/p>\n<p class=\"c3\"><strong>Mohamed Es-Semmar<\/strong><\/p>\n<p class=\"c6\"><span class=\"c2\"><strong>\u00abIl n\u2019y a pas de rive droite sans la rive gauche\u00bb<\/strong><\/span><\/p>\n<p class=\"c3\">Quant \u00e0 Mohamed Es-Semmar, directeur du Patrimoine historique et arch\u00e9ologique au sein de l\u2019Agence pour l\u2019am\u00e9nagement de la vall\u00e9e du Bouregreg, il a pr\u00e9sent\u00e9 les programmes et les projets de l\u2019agence \u00e0 Sal\u00e9, notamment les grands projets du patrimoine de l\u2019aile droite de la vall\u00e9e de Bouregreg. Dans son intervention, il a braqu\u00e9 les lumi\u00e8res sur la r\u00e9habilitation et la restauration de la porte de \u00abSqala lwastiya\u00bb sur la fa\u00e7ade maritime de la m\u00e9dina de Sal\u00e9 qui a perdu, d\u2019apr\u00e8s lui presque 90% de cette porte qui a \u00e9t\u00e9 restitu\u00e9e. Selon lui, il y a un \u00e9quilibre entre la rive droite et gauche qui se voit au niveau du port et de la m\u00e9dina, au niveau des quartiers qui se regardent d\u2019un c\u00f4t\u00e9 et d\u2019un autre par rapport \u00e0 la vall\u00e9e de Bouregreg. Pour lui, il n\u2019y a pas de rive droite sans la rive gauche et vise versa. \u00abPour moi, tout ce qui se passe sur la rive droite, il doit y avoir un \u00e9quilibre sur la rive gauche et vise versa \u00bb, a-t-il indiqu\u00e9.<\/p>\n<p class=\"c6\"><strong><span class=\"c2\">***<\/span><\/strong><\/p>\n<p class=\"c3\"><strong>Mhamed Kroumbi, conservateur des monuments et des sites de Sal\u00e9<\/strong><\/p>\n<p class=\"c6\"><span class=\"c2\"><strong>\u00ab20 sites class\u00e9s comme patrimoine national \u00e0 Sal\u00e9\u00bb<\/strong><\/span><\/p>\n<p class=\"c3\">Mhamed Kroumbi, conservateur des monuments et des sites de Sal\u00e9, a mis l\u2019accent sur les interventions du secteur de la Culture dans la ville de Sal\u00e9 : la r\u00e9alit\u00e9 et les perspectives. \u00abDans la ville de Sal\u00e9, il y a 20\u00a0 sites class\u00e9s patrimoine national. La ville de Sal\u00e9 a \u00e9t\u00e9 inscrite comme patrimoine national \u00e0 partir de 2016 et ce, apr\u00e8s les efforts d\u00e9ploy\u00e9s par les institutions et les associations de la soci\u00e9t\u00e9 civile\u00bb, a-t-il fait savoir. Selon lui, la ville de Sal\u00e9 est dot\u00e9e d\u2019une infrastructure culturelle importante qui est sous la tutelle du minist\u00e8re de la Culture, entre autres le Centre culturel de Sala Al Jadida avec 24 fonctionnaires et g\u00e9r\u00e9 avec une enveloppe budg\u00e9taire de 100.000 dh, la m\u00e9dersa m\u00e9rinide, les deux biblioth\u00e8ques, notamment la biblioth\u00e8que Mohammedia\u00a0 (plus de 6000 livres) et la biblioth\u00e8que Abderrahman Hajji, l\u2019Institut de la chor\u00e9graphie et la danse (2500 \u00e9l\u00e8ves, 17 salles et une salle pour les spectacles) g\u00e9r\u00e9 avec un budget de plus de 206.000 Dh. \u00abIl y a aussi des projets en cours de construction comme le th\u00e9\u00e2tre de Bettana, le Complexe culturel et artistique de Tabriquet\u00bb, a-t-il ajout\u00e9.<\/p>\n<p class=\"c6\"><span class=\"c2\">***<\/span><\/p>\n<p class=\"c3\"><span class=\"c7\"><strong>Mohamed Amine Sbihi\u00a0:<\/strong><\/span><\/p>\n<p class=\"c6\"><span class=\"c2\"><strong>\u00abL\u2019assiette fonci\u00e8re est un probl\u00e8me qui freine le domaine culturel dans la ville\u00bb<\/strong><\/span><\/p>\n<p class=\"c3\">Mohamed Amine Sbihi a appel\u00e9 quant \u00e0 lui \u00e0 faciliter l\u2019acc\u00e8s aux domaines artistique et culturel. \u00abIl faut d\u00e9velopper l\u2019offre ainsi que l\u2019esprit de consommation des produits artistiques et ne pas se limiter uniquement \u00e0 la gratuit\u00e9 et aux invitations offertes\u00bb, a-t-il expliqu\u00e9.\u00a0 Il a soulign\u00e9 \u00e9galement la n\u00e9cessit\u00e9 de mettre en place les infrastructures n\u00e9cessaires g\u00e9r\u00e9es par des professionnels. \u00abLa ville de Sal\u00e9 a besoin d\u2019infrastructures\u00a0 culturelles\u00bb, a-t-il affirm\u00e9. Pour lui, l\u2019assiette fonci\u00e8re reste un probl\u00e8me qui freine le domaine culturel dans la ville de Sal\u00e9.<\/p>\n<p class=\"c3\">Lors de cette journ\u00e9e d\u2019\u00e9tude, de nombreux repr\u00e9sentants de la soci\u00e9t\u00e9 civile et du tissu associatif de la ville ont appel\u00e9 \u00e0 la restauration et la r\u00e9habilitation des monuments et des sites historiques de Sal\u00e9, \u00e0 donner au moussem des Cires une dimension internationale, surmonter les conflits politiques, donner une priorit\u00e9 \u00e0 la culture et l\u2019art, \u00e0 sensibiliser la population et des d\u00e9cideurs\u00a0 \u00e0 l\u2019importance du patrimoine, encourager l\u2019investissement dans le domaine des industries cr\u00e9atives, la formation dans le domaine des m\u00e9tiers artistiques , la conservation du patrimoine du Malhoun en concr\u00e9tisant l\u2019id\u00e9e de \u00abDar Al Malhoun\u00bb \u00e0 Sal\u00e9.<\/p>\n<p class=\"c5\"><strong>Mohamed Nait Youssef<\/strong><\/p>\n<p>Auteur: rahal mehamed<br \/>\n<a href=\"http:\/\/albayane.press.ma\/la-culture-au-sein-des-perceptions-et-des-programmes-des-intervenants-publics.html\">Cliquez ici pour lire l&rsquo;article depuis sa source.<\/a><\/p>\n","protected":false},"excerpt":{"rendered":"<p>Journ\u00e9e d\u2019\u00e9tude\u00a0: \u00abLa culture au sein des perceptions et des programmes des intervenants et acteurs publics\u00bb est le th\u00e8me de la journ\u00e9e d\u2019\u00e9tude organis\u00e9e, samedi 15 juin \u00e0 Sal\u00e9, par la Fondation de Sal\u00e9 pour la Culture et les arts, en partenariat avec la Commune de Sal\u00e9. Cette rencontre \u00e9tait l\u2019occasion de se pencher sur [&hellip;]<\/p>\n","protected":false},"author":1760,"featured_media":0,"comment_status":"closed","ping_status":"closed","sticky":false,"template":"","format":"standard","meta":{"fifu_image_url":"","fifu_image_alt":"","footnotes":""},"categories":[73,54],"tags":[],"class_list":["post-41046","post","type-post","status-publish","format-standard","hentry","category-actualite","category-maroc"],"_links":{"self":[{"href":"https:\/\/linitiative.ca\/International\/wp-json\/wp\/v2\/posts\/41046","targetHints":{"allow":["GET"]}}],"collection":[{"href":"https:\/\/linitiative.ca\/International\/wp-json\/wp\/v2\/posts"}],"about":[{"href":"https:\/\/linitiative.ca\/International\/wp-json\/wp\/v2\/types\/post"}],"author":[{"embeddable":true,"href":"https:\/\/linitiative.ca\/International\/wp-json\/wp\/v2\/users\/1760"}],"replies":[{"embeddable":true,"href":"https:\/\/linitiative.ca\/International\/wp-json\/wp\/v2\/comments?post=41046"}],"version-history":[{"count":0,"href":"https:\/\/linitiative.ca\/International\/wp-json\/wp\/v2\/posts\/41046\/revisions"}],"wp:attachment":[{"href":"https:\/\/linitiative.ca\/International\/wp-json\/wp\/v2\/media?parent=41046"}],"wp:term":[{"taxonomy":"category","embeddable":true,"href":"https:\/\/linitiative.ca\/International\/wp-json\/wp\/v2\/categories?post=41046"},{"taxonomy":"post_tag","embeddable":true,"href":"https:\/\/linitiative.ca\/International\/wp-json\/wp\/v2\/tags?post=41046"}],"curies":[{"name":"wp","href":"https:\/\/api.w.org\/{rel}","templated":true}]}}