{"id":41047,"date":"2019-06-17T06:29:10","date_gmt":"2019-06-17T10:29:10","guid":{"rendered":"https:\/\/linitiative.ca\/International\/une-nouvelle-dynamique-au-service-dun-partenariat-pour-lavenir\/"},"modified":"2019-06-17T06:29:10","modified_gmt":"2019-06-17T10:29:10","slug":"une-nouvelle-dynamique-au-service-dun-partenariat-pour-lavenir","status":"publish","type":"post","link":"https:\/\/linitiative.ca\/International\/une-nouvelle-dynamique-au-service-dun-partenariat-pour-lavenir\/","title":{"rendered":"Une nouvelle dynamique au service d\u2019un partenariat pour l\u2019avenir"},"content":{"rendered":"<p class=\"c4\"><span class=\"c3\"><strong><span class=\"c2\">C\u2019<\/span>est une dynamique incontestablement forte et salutaire qui vient d\u2019\u00eatre conf\u00e9r\u00e9e aux relations entre le Maroc et les pays d\u2019Am\u00e9rique Latine et des Cara\u00efbes. A la faveur du p\u00e9riple dans la r\u00e9gion du ministre des Affaires \u00e9trang\u00e8res et de la Coop\u00e9ration internationale, M. Nasser Bourita, des jalons solides ont \u00e9t\u00e9 pos\u00e9s en droite ligne de la politique \u00e9trang\u00e8re du Royaume, sous l\u2019impulsion de Sa Majest\u00e9 le Roi Mohammed VI.<\/strong><\/span><\/p>\n<p class=\"c4\">A en juger par la teneur des entretiens au plus haut niveau et la substance des d\u00e9clarations conjointes couronnant chacune des escales diplomatiques, la voie est clairement balis\u00e9e pour un partenariat encore plus dense aux plans politique, socio-\u00e9conomique et culturel, fond\u00e9 sur des liens forts d\u2019amiti\u00e9, de fraternit\u00e9 et de coop\u00e9ration, ainsi que des valeurs communes.<\/p>\n<p class=\"c4\">Des perspectives plus larges ont \u00e9t\u00e9 identifi\u00e9es, assure-t-on de part et d\u2019autres. Et la feuille de route pour atteindre ce nouvel horizon a \u00e9t\u00e9 trac\u00e9e. Elle implique, entre autres, la mise en \u0153uvre des importants accords conclus entre le Royaume et les diff\u00e9rends Etats latino-am\u00e9ricains et des Cara\u00efbes, et la promotion de davantage de flux commercial, d\u2019investissements, et d\u2019\u00e9changes culturels, le tout dans une logique de partenariat Sud-Sud sans cesse pr\u00f4n\u00e9e par le Souverain. D\u2019ailleurs, \u00e0 Brasilia comme \u00e0 Santiago, \u00e0 Saint-Domingue comme \u00e0 Paramaribo, et \u00e0 San Salvador, les marques d\u2019estime pour le Royaume et les hommages appuy\u00e9s \u00e0 la vision et au leadership de SM le Roi Mohammed VI, ont \u00e9t\u00e9 exprim\u00e9s par les hauts dirigeants de ces pays.<br \/>Au Br\u00e9sil, g\u00e9ant d\u2019Am\u00e9rique Latine et pays le plus peupl\u00e9 de la r\u00e9gion, le leadership spirituel du Souverain, Commandeur des Croyants, garant du libre exercice des cultes, a \u00e9t\u00e9 particuli\u00e8rement mis en relief par le pr\u00e9sident du S\u00e9nat f\u00e9d\u00e9ral, Davi Alcolumbre, qui a salu\u00e9 les valeurs de coexistence entre les religions qui font la sp\u00e9cificit\u00e9 de l\u2019identit\u00e9 marocaine, enrichie par ses affluents africains, andalous, h\u00e9bra\u00efques et m\u00e9diterran\u00e9ens. La m\u00eame conviction a \u00e9t\u00e9 exprim\u00e9e au Chili, pays reconnu pour son ouverture et qui fait d\u00e9sormais office de mod\u00e8le r\u00e9gional de par sa stabilit\u00e9 \u00e9conomique, politique et juridique. Le pr\u00e9sident du S\u00e9nat, Jaime Quintana a ainsi rendu hommage au leadership de Sa Majest\u00e9 dans le monde arabo-musulman et en Afrique.<\/p>\n<p class=\"c4\">En R\u00e9publique dominicaine, le pr\u00e9sident de la Chambre des d\u00e9put\u00e9s, Rhadam\u00e8s Camacho a salu\u00e9 la \u00ab\u00a0vision clairvoyante\u00a0\u00bb de Sa Majest\u00e9 le Roi pour une coop\u00e9ration sud-sud. Le gouvernement du Suriname a salu\u00e9, quant \u00e0 lui, le r\u00f4le jou\u00e9 par SM le Roi Mohammed VI en tant que leader africain, \u00ab\u00e0 travers Son engagement dans la diplomatie r\u00e9gionale tant en Afrique qu\u2019ailleurs dans le monde\u00bb.<\/p>\n<p class=\"c4\">Et \u00e0 travers la tourn\u00e9e du chef de la diplomatie marocaine, la volont\u00e9 de cimenter davantage les liens de partenariat et de coop\u00e9ration avec le Maroc n\u2019a eu d\u2019\u00e9gal, par ailleurs, que le soutien clair au Royaume dans ses efforts constants pour parvenir \u00e0 une solution r\u00e9aliste et d\u00e9finitive au diff\u00e9rend r\u00e9gional sur le Sahara marocain. Fait des plus marquants de chacune des capitales: les interlocuteurs de M. Bourita, aussi bien au niveau des gouvernements que des parlements, ont relev\u00e9 la pr\u00e9\u00e9minence de l\u2019initiative d\u2019autonomie des provinces du Sud en tant que solution politique cr\u00e9dible, viable et jouissant d\u2019un large appui aupr\u00e8s de la communaut\u00e9 internationale.<\/p>\n<p class=\"c4\">C\u2019est l\u00e0 un autre signe qui ne trompe pas du revirement total qui s\u2019est op\u00e9r\u00e9, au fil des ann\u00e9es \u00e0 la faveur d\u2019une action diplomatique officielle et parall\u00e8le tous azimuts sous la conduite de SM le Roi, et d\u2019un solide argumentaire l\u00e9gal et historique, en faveur de la position du Royaume et sa souverainet\u00e9 pleine et enti\u00e8re sur l\u2019ensemble de son territoire. L\u2019\u00e9chec de la th\u00e8se s\u00e9paratiste en Am\u00e9rique latine est de ce fait on ne peut plus patent. Depuis l\u2019an 2000, pas moins de 17 pays de la r\u00e9gion ont retir\u00e9 leur reconnaissance a l\u2019entit\u00e9 chim\u00e9rique. A l\u2019image des diff\u00e9rents coins du monde, la r\u00e9alit\u00e9 a pris le dessus. Le s\u00e9paratisme et les discours id\u00e9ologiques d\u00e9pass\u00e9s et obsol\u00e8tes sont partout bannis. Le Salvador, qui vient d\u2019\u00e9lire un nouveau pr\u00e9sident, est le dernier pays en date \u00e0 confirmer cet \u00e9lan international contre le s\u00e9paratisme, en se positionnant clairement en faveur du soutien \u00e0 la marocanit\u00e9 du Sahara.<\/p>\n<p class=\"c4\">Le Salvador a d\u00e9cid\u00e9 en effet de retirer sa reconnaissance de la pseudo \u00abRASD\u00bb, et de soutenir l\u2019int\u00e9grit\u00e9 territoriale du Maroc, a annonc\u00e9 ce samedi le gouvernement du nouveau pr\u00e9sident de ce pays, Nayib Bukele. A l\u2019issue d\u2019une phase d\u2019\u00e9valuation globale de sa politique ext\u00e9rieure, le gouvernement, investi le 1er juin courant, a pris \u00abla d\u00e9cision de retirer sa reconnaissance de la \u00abRASD\u00bb et de rompre tout contact avec cette entit\u00e9\u00bb.<\/p>\n<p class=\"c4\">Le communiqu\u00e9 conjoint scellant cette importante d\u00e9cision a \u00e9t\u00e9 sign\u00e9 par M. Nasser Bourita et son homologue salvadorienne, Alexandra Hill Tinoco, en pr\u00e9sence du Chef de l\u2019Etat, M. Bukele. Dans les autres capitales, c\u2019est le m\u00eame \u00e9lan de soutien \u00e0 la l\u00e9gitimit\u00e9 de la cause se nationale. Le ministre des Relations ext\u00e9rieures du Br\u00e9sil, Ernesto Araujo, a exprim\u00e9 le soutien de Brasilia aux efforts du Maroc pour parvenir \u00e0 \u00abune solution r\u00e9aliste\u00bb \u00e0 la question du Sahara, qui n\u2019a que trop dur\u00e9, en faisant \u00e9tat de la disposition de son pays \u00e0 contribuer aux diff\u00e9rents efforts pour parvenir \u00e0 des solutions allant \u00abau del\u00e0 de la rh\u00e9torique\u00bb.<\/p>\n<p class=\"c4\">\u00abConcernant la question du Sahara, une question vitale pour le Maroc, le Br\u00e9sil soutient les efforts du Maroc pour parvenir \u00e0 une solution r\u00e9aliste \u00e0 la question du Sahara, qui dure depuis des d\u00e9cennies\u00bb, a-t-il d\u00e9clar\u00e9.<\/p>\n<p class=\"c4\">Dans un communiqu\u00e9 conjoint sanctionnant la visite officielle de M. Bourita \u00e0 Santiago, le Chili a affirm\u00e9, \u00e0 son tour, son \u00absoutien aux efforts du Secr\u00e9taire G\u00e9n\u00e9ral des Nations Unies et de son Envoy\u00e9 Personnel, ainsi qu\u2019aux efforts s\u00e9rieux du Maroc et au Plan d\u2019autonomie en vue de parvenir \u00e0 une solution politique r\u00e9aliste, viable et d\u00e9finitive\u00bb \u00e0 la question du Sahara.<\/p>\n<p class=\"c4\">M\u00eame conviction en R\u00e9publique Dominicaine, pays qui a rejoint d\u00e9but 2019 le Conseil de s\u00e9curit\u00e9 de l\u2019ONU comme membre non permanent pour deux ans. Saint-Domingue a r\u00e9affirm\u00e9 son respect \u00e0 l\u2019int\u00e9grit\u00e9 territoriale du Maroc et sa souverainet\u00e9 nationale. La d\u00e9claration commune publi\u00e9e \u00e0 l\u2019issue de la visite de M. Bourita, met aussi en avant l\u2019appui de ce pays des Cara\u00efbes aux efforts du Maroc dans la recherche d\u2019une solution politique visant \u00e0 mettre fin au diff\u00e9rend r\u00e9gional sur le Sahara.<\/p>\n<p class=\"c4\">De mani\u00e8re claire et limpide, le Suriname a, lui, r\u00e9it\u00e9r\u00e9 sa d\u00e9cision de retirer sa reconnaissance de la fantomatique RASD, en exprimant son soutien \u00e0 une solution politique d\u00e9finitive au diff\u00e9rend r\u00e9gional sur le Sahara dans le cadre de la souverainet\u00e9 du Maroc et de son int\u00e9grit\u00e9 territoriale. \u00abLe gouvernement de la R\u00e9publique du Suriname r\u00e9it\u00e8re sa d\u00e9cision prise le 9 mars 2016 et communiqu\u00e9e aux Nations Unies, en vertu de laquelle il a retir\u00e9 sa reconnaissance de la soi-disant RASD\u00bb, lit-on dans le communiqu\u00e9 conjoint rendu public \u00e0 Paramaribo au terme des entretiens de M. Bourita avec son homologue Yldiz Pollack-Beighle.<\/p>\n<p class=\"c4\">Face aux approches obsol\u00e8tes et solutions impossibles, l\u2019initiative d\u2019autonomie pr\u00e9sent\u00e9e par le Maroc s\u2019affirme, partout, comme la seule et unique option viable pour transcender ce diff\u00e9rend artificiel. Clap de fin pour les illusions et les dogmes fig\u00e9s du s\u00e9paratisme!<\/p>\n<p class=\"c5\"><strong>Omar ACHY<\/strong> (MAP)<\/p>\n<p>Auteur: rahal mehamed<br \/>\n<a href=\"http:\/\/albayane.press.ma\/une-nouvelle-dynamique-au-service-dun-partenariat-pour-lavenir.html\">Cliquez ici pour lire l&rsquo;article depuis sa source.<\/a><\/p>\n","protected":false},"excerpt":{"rendered":"<p>C\u2019est une dynamique incontestablement forte et salutaire qui vient d\u2019\u00eatre conf\u00e9r\u00e9e aux relations entre le Maroc et les pays d\u2019Am\u00e9rique Latine et des Cara\u00efbes. A la faveur du p\u00e9riple dans la r\u00e9gion du ministre des Affaires \u00e9trang\u00e8res et de la Coop\u00e9ration internationale, M. Nasser Bourita, des jalons solides ont \u00e9t\u00e9 pos\u00e9s en droite ligne de [&hellip;]<\/p>\n","protected":false},"author":1760,"featured_media":0,"comment_status":"closed","ping_status":"closed","sticky":false,"template":"","format":"standard","meta":{"fifu_image_url":"","fifu_image_alt":"","footnotes":""},"categories":[73,54],"tags":[],"class_list":["post-41047","post","type-post","status-publish","format-standard","hentry","category-actualite","category-maroc"],"_links":{"self":[{"href":"https:\/\/linitiative.ca\/International\/wp-json\/wp\/v2\/posts\/41047","targetHints":{"allow":["GET"]}}],"collection":[{"href":"https:\/\/linitiative.ca\/International\/wp-json\/wp\/v2\/posts"}],"about":[{"href":"https:\/\/linitiative.ca\/International\/wp-json\/wp\/v2\/types\/post"}],"author":[{"embeddable":true,"href":"https:\/\/linitiative.ca\/International\/wp-json\/wp\/v2\/users\/1760"}],"replies":[{"embeddable":true,"href":"https:\/\/linitiative.ca\/International\/wp-json\/wp\/v2\/comments?post=41047"}],"version-history":[{"count":0,"href":"https:\/\/linitiative.ca\/International\/wp-json\/wp\/v2\/posts\/41047\/revisions"}],"wp:attachment":[{"href":"https:\/\/linitiative.ca\/International\/wp-json\/wp\/v2\/media?parent=41047"}],"wp:term":[{"taxonomy":"category","embeddable":true,"href":"https:\/\/linitiative.ca\/International\/wp-json\/wp\/v2\/categories?post=41047"},{"taxonomy":"post_tag","embeddable":true,"href":"https:\/\/linitiative.ca\/International\/wp-json\/wp\/v2\/tags?post=41047"}],"curies":[{"name":"wp","href":"https:\/\/api.w.org\/{rel}","templated":true}]}}