{"id":41058,"date":"2019-06-17T06:42:00","date_gmt":"2019-06-17T10:42:00","guid":{"rendered":"https:\/\/linitiative.ca\/International\/haddad-condamne-a-6-mois-de-prison-et-a-50-000-da-damende\/"},"modified":"2019-06-17T06:42:00","modified_gmt":"2019-06-17T10:42:00","slug":"haddad-condamne-a-6-mois-de-prison-et-a-50-000-da-damende","status":"publish","type":"post","link":"https:\/\/linitiative.ca\/International\/haddad-condamne-a-6-mois-de-prison-et-a-50-000-da-damende\/","title":{"rendered":"Haddad condamn\u00e9 \u00e0 6 mois de prison et \u00e0 50 000 DA d\u2019amende"},"content":{"rendered":"<div id=\"originalText\" readability=\"48\">\n<p>Le patron du groupe ERTHB, Ali Haddad, a \u00e9t\u00e9 condamn\u00e9, ce lundi, \u00e0 six mois de prison ferme et \u00e0 50.000 DA d\u2019amende, par le Tribunal de Bir Mourad Ra\u00efs.<\/p>\n<p>Le Parquet avait requis, le 03 juin dernier, 18 mois de prison et 100.000 DA d\u2019amende contre l\u2019ex-pr\u00e9sident du FCE, poursuivi pour \u00a0\u00abfaux et usage de faux\u00bb dans le cadre de l\u2019affaire des deux passeports trouv\u00e9s en sa possession, alors qu\u2019il tentait de se rendre en Tunisie, par le poste frontalier d\u2019Oum Tboul (El-Tarf).<\/p>\n<p class=\"c10\"><strong>R\u00e9daction Web<\/strong><\/p>\n<\/div>\n<div id=\"text_core\" readability=\"48\">\n<p>Le patron du groupe ERTHB, Ali Haddad, a \u00e9t\u00e9 condamn\u00e9, ce lundi, \u00e0 six mois de prison ferme et \u00e0 50.000 DA d\u2019amende, par le Tribunal de Bir Mourad Ra\u00efs.<\/p>\n<p>Le Parquet avait requis, le 03 juin dernier, 18 mois de prison et 100.000 DA d\u2019amende contre l\u2019ex-pr\u00e9sident du FCE, poursuivi pour \u00a0\u00abfaux et usage de faux\u00bb dans le cadre de l\u2019affaire des deux passeports trouv\u00e9s en sa possession, alors qu\u2019il tentait de se rendre en Tunisie, par le poste frontalier d\u2019Oum Tboul (El-Tarf).<\/p>\n<p class=\"c10\"><strong>R\u00e9daction Web<\/strong><\/p>\n<\/div>\n<p>Auteur:<br \/>\n<a href=\"https:\/\/www.liberte-algerie.com\/actualite\/haddad-condamne-a-6-mois-de-prison-et-a-50-000-da-damende-318033\">Cliquez ici pour lire l&rsquo;article depuis sa source.<\/a><\/p>\n","protected":false},"excerpt":{"rendered":"<p>Le patron du groupe ERTHB, Ali Haddad, a \u00e9t\u00e9 condamn\u00e9, ce lundi, \u00e0 six mois de prison ferme et \u00e0 50.000 DA d\u2019amende, par le Tribunal de Bir Mourad Ra\u00efs. Le Parquet avait requis, le 03 juin dernier, 18 mois de prison et 100.000 DA d\u2019amende contre l\u2019ex-pr\u00e9sident du FCE, poursuivi pour \u00a0\u00abfaux et usage [&hellip;]<\/p>\n","protected":false},"author":1742,"featured_media":0,"comment_status":"closed","ping_status":"closed","sticky":false,"template":"","format":"standard","meta":{"fifu_image_url":"","fifu_image_alt":"","footnotes":""},"categories":[73,53],"tags":[],"class_list":["post-41058","post","type-post","status-publish","format-standard","hentry","category-actualite","category-algerie"],"_links":{"self":[{"href":"https:\/\/linitiative.ca\/International\/wp-json\/wp\/v2\/posts\/41058","targetHints":{"allow":["GET"]}}],"collection":[{"href":"https:\/\/linitiative.ca\/International\/wp-json\/wp\/v2\/posts"}],"about":[{"href":"https:\/\/linitiative.ca\/International\/wp-json\/wp\/v2\/types\/post"}],"author":[{"embeddable":true,"href":"https:\/\/linitiative.ca\/International\/wp-json\/wp\/v2\/users\/1742"}],"replies":[{"embeddable":true,"href":"https:\/\/linitiative.ca\/International\/wp-json\/wp\/v2\/comments?post=41058"}],"version-history":[{"count":0,"href":"https:\/\/linitiative.ca\/International\/wp-json\/wp\/v2\/posts\/41058\/revisions"}],"wp:attachment":[{"href":"https:\/\/linitiative.ca\/International\/wp-json\/wp\/v2\/media?parent=41058"}],"wp:term":[{"taxonomy":"category","embeddable":true,"href":"https:\/\/linitiative.ca\/International\/wp-json\/wp\/v2\/categories?post=41058"},{"taxonomy":"post_tag","embeddable":true,"href":"https:\/\/linitiative.ca\/International\/wp-json\/wp\/v2\/tags?post=41058"}],"curies":[{"name":"wp","href":"https:\/\/api.w.org\/{rel}","templated":true}]}}