{"id":41060,"date":"2019-06-17T07:00:00","date_gmt":"2019-06-17T11:00:00","guid":{"rendered":"https:\/\/linitiative.ca\/International\/abdelkader-zoukh-sous-controle-judiciaire\/"},"modified":"2019-06-17T07:00:00","modified_gmt":"2019-06-17T11:00:00","slug":"abdelkader-zoukh-sous-controle-judiciaire","status":"publish","type":"post","link":"https:\/\/linitiative.ca\/International\/abdelkader-zoukh-sous-controle-judiciaire\/","title":{"rendered":"Abdelkader Zoukh sous contr\u00f4le judiciaire"},"content":{"rendered":"<div id=\"originalText\" readability=\"39\">\n<p>Le juge d&rsquo;instruction pr\u00e8s la Cour supr\u00eame a\u00a0ordonn\u00e9, lundi, la mise sous contr\u00f4le judiciaire de l&rsquo;ex-wali d&rsquo;Alger,\u00a0 Abdelkader Zoukh, apr\u00e8s son audition dans le cadre d&rsquo;une enqu\u00eate li\u00e9e \u00e0 des\u00a0 affaires de corruption, a appris l\u2019APS aupr\u00e8s de la Cour supr\u00eame.<\/p>\n<p class=\"c10\"><strong>R\u00e9daction Web<\/strong><\/p>\n<\/div>\n<div id=\"text_core\" readability=\"39\">\n<p>Le juge d&rsquo;instruction pr\u00e8s la Cour supr\u00eame a\u00a0ordonn\u00e9, lundi, la mise sous contr\u00f4le judiciaire de l&rsquo;ex-wali d&rsquo;Alger,\u00a0 Abdelkader Zoukh, apr\u00e8s son audition dans le cadre d&rsquo;une enqu\u00eate li\u00e9e \u00e0 des\u00a0 affaires de corruption, a appris l\u2019APS aupr\u00e8s de la Cour supr\u00eame.<\/p>\n<p class=\"c10\"><strong>R\u00e9daction Web<\/strong><\/p>\n<\/div>\n<p>Auteur:<br \/>\n<a href=\"https:\/\/www.liberte-algerie.com\/actualite\/abdelkader-zoukh-sous-controle-judiciaire-318034\">Cliquez ici pour lire l&rsquo;article depuis sa source.<\/a><\/p>\n","protected":false},"excerpt":{"rendered":"<p>Le juge d&rsquo;instruction pr\u00e8s la Cour supr\u00eame a\u00a0ordonn\u00e9, lundi, la mise sous contr\u00f4le judiciaire de l&rsquo;ex-wali d&rsquo;Alger,\u00a0 Abdelkader Zoukh, apr\u00e8s son audition dans le cadre d&rsquo;une enqu\u00eate li\u00e9e \u00e0 des\u00a0 affaires de corruption, a appris l\u2019APS aupr\u00e8s de la Cour supr\u00eame. R\u00e9daction Web Le juge d&rsquo;instruction pr\u00e8s la Cour supr\u00eame a\u00a0ordonn\u00e9, lundi, la mise sous [&hellip;]<\/p>\n","protected":false},"author":1742,"featured_media":0,"comment_status":"closed","ping_status":"closed","sticky":false,"template":"","format":"standard","meta":{"fifu_image_url":"","fifu_image_alt":"","footnotes":""},"categories":[73,53],"tags":[],"class_list":["post-41060","post","type-post","status-publish","format-standard","hentry","category-actualite","category-algerie"],"_links":{"self":[{"href":"https:\/\/linitiative.ca\/International\/wp-json\/wp\/v2\/posts\/41060","targetHints":{"allow":["GET"]}}],"collection":[{"href":"https:\/\/linitiative.ca\/International\/wp-json\/wp\/v2\/posts"}],"about":[{"href":"https:\/\/linitiative.ca\/International\/wp-json\/wp\/v2\/types\/post"}],"author":[{"embeddable":true,"href":"https:\/\/linitiative.ca\/International\/wp-json\/wp\/v2\/users\/1742"}],"replies":[{"embeddable":true,"href":"https:\/\/linitiative.ca\/International\/wp-json\/wp\/v2\/comments?post=41060"}],"version-history":[{"count":0,"href":"https:\/\/linitiative.ca\/International\/wp-json\/wp\/v2\/posts\/41060\/revisions"}],"wp:attachment":[{"href":"https:\/\/linitiative.ca\/International\/wp-json\/wp\/v2\/media?parent=41060"}],"wp:term":[{"taxonomy":"category","embeddable":true,"href":"https:\/\/linitiative.ca\/International\/wp-json\/wp\/v2\/categories?post=41060"},{"taxonomy":"post_tag","embeddable":true,"href":"https:\/\/linitiative.ca\/International\/wp-json\/wp\/v2\/tags?post=41060"}],"curies":[{"name":"wp","href":"https:\/\/api.w.org\/{rel}","templated":true}]}}