{"id":41061,"date":"2019-06-17T09:07:00","date_gmt":"2019-06-17T13:07:00","guid":{"rendered":"https:\/\/linitiative.ca\/International\/des-journalistes-de-lentv-observent-un-sit-in\/"},"modified":"2019-06-17T09:07:00","modified_gmt":"2019-06-17T13:07:00","slug":"des-journalistes-de-lentv-observent-un-sit-in","status":"publish","type":"post","link":"https:\/\/linitiative.ca\/International\/des-journalistes-de-lentv-observent-un-sit-in\/","title":{"rendered":"Des journalistes de l\u2019ENTV observent un sit-in"},"content":{"rendered":"<div id=\"originalText\" readability=\"40\">\n<p>Des journalistes de la t\u00e9l\u00e9vision publique observent, ce lundi, un sit-in devant le si\u00e8ge de l\u2019EPTV, pour revendiquer la \u00ablibert\u00e9 d\u2019expression\u00bb dans leur m\u00e9dia. Imen Khemici, une des journalistes de l\u2019ENTV qui a pris part au rassemblement, a d\u00e9clar\u00e9 devant les cam\u00e9ras de chaines TV priv\u00e9e \u00abon ne peut pas faire une transition d\u00e9mocratique et aspirer \u00e0 une Alg\u00e9rie nouvelle avec des m\u00e9dias musel\u00e9s\u00bb.<\/p>\n<p><iframe loading=\"lazy\" allowfullscreen=\"true\" allowtransparency=\"true\" frameborder=\"0\" height=\"315\" scrolling=\"no\" src=\"https:\/\/www.facebook.com\/plugins\/video.php?href=https%3A%2F%2Fwww.facebook.com%2Falgerieforever%2Fvideos%2F347289635934434%2F&#038;show_text=0&#038;width=560\" class=\"c10\" width=\"560\">[embedded content]<\/iframe><\/p>\n<p class=\"c11\"><strong>R\u00e9daction Web \u00a0<\/strong><\/p>\n<\/div>\n<div id=\"text_core\" readability=\"40\">\n<p>Des journalistes de la t\u00e9l\u00e9vision publique observent, ce lundi, un sit-in devant le si\u00e8ge de l\u2019EPTV, pour revendiquer la \u00ablibert\u00e9 d\u2019expression\u00bb dans leur m\u00e9dia. Imen Khemici, une des journalistes de l\u2019ENTV qui a pris part au rassemblement, a d\u00e9clar\u00e9 devant les cam\u00e9ras de chaines TV priv\u00e9e \u00abon ne peut pas faire une transition d\u00e9mocratique et aspirer \u00e0 une Alg\u00e9rie nouvelle avec des m\u00e9dias musel\u00e9s\u00bb.<\/p>\n<p><iframe loading=\"lazy\" allowfullscreen=\"true\" allowtransparency=\"true\" frameborder=\"0\" height=\"315\" scrolling=\"no\" src=\"https:\/\/www.facebook.com\/plugins\/video.php?href=https%3A%2F%2Fwww.facebook.com%2Falgerieforever%2Fvideos%2F347289635934434%2F&#038;show_text=0&#038;width=560\" class=\"c10\" width=\"560\">[embedded content]<\/iframe><\/p>\n<p class=\"c11\"><strong>R\u00e9daction Web \u00a0<\/strong><\/p>\n<\/div>\n<p>Auteur:<br \/>\n<a href=\"https:\/\/www.liberte-algerie.com\/actualite\/des-journalistes-de-lentv-observent-un-sit-in-318036\">Cliquez ici pour lire l&rsquo;article depuis sa source.<\/a><\/p>\n","protected":false},"excerpt":{"rendered":"<p>Des journalistes de la t\u00e9l\u00e9vision publique observent, ce lundi, un sit-in devant le si\u00e8ge de l\u2019EPTV, pour revendiquer la \u00ablibert\u00e9 d\u2019expression\u00bb dans leur m\u00e9dia. Imen Khemici, une des journalistes de l\u2019ENTV qui a pris part au rassemblement, a d\u00e9clar\u00e9 devant les cam\u00e9ras de chaines TV priv\u00e9e \u00abon ne peut pas faire une transition d\u00e9mocratique et [&hellip;]<\/p>\n","protected":false},"author":1742,"featured_media":0,"comment_status":"closed","ping_status":"closed","sticky":false,"template":"","format":"standard","meta":{"fifu_image_url":"","fifu_image_alt":"","footnotes":""},"categories":[73,53],"tags":[],"class_list":["post-41061","post","type-post","status-publish","format-standard","hentry","category-actualite","category-algerie"],"_links":{"self":[{"href":"https:\/\/linitiative.ca\/International\/wp-json\/wp\/v2\/posts\/41061","targetHints":{"allow":["GET"]}}],"collection":[{"href":"https:\/\/linitiative.ca\/International\/wp-json\/wp\/v2\/posts"}],"about":[{"href":"https:\/\/linitiative.ca\/International\/wp-json\/wp\/v2\/types\/post"}],"author":[{"embeddable":true,"href":"https:\/\/linitiative.ca\/International\/wp-json\/wp\/v2\/users\/1742"}],"replies":[{"embeddable":true,"href":"https:\/\/linitiative.ca\/International\/wp-json\/wp\/v2\/comments?post=41061"}],"version-history":[{"count":0,"href":"https:\/\/linitiative.ca\/International\/wp-json\/wp\/v2\/posts\/41061\/revisions"}],"wp:attachment":[{"href":"https:\/\/linitiative.ca\/International\/wp-json\/wp\/v2\/media?parent=41061"}],"wp:term":[{"taxonomy":"category","embeddable":true,"href":"https:\/\/linitiative.ca\/International\/wp-json\/wp\/v2\/categories?post=41061"},{"taxonomy":"post_tag","embeddable":true,"href":"https:\/\/linitiative.ca\/International\/wp-json\/wp\/v2\/tags?post=41061"}],"curies":[{"name":"wp","href":"https:\/\/api.w.org\/{rel}","templated":true}]}}