{"id":41065,"date":"2019-06-16T17:13:26","date_gmt":"2019-06-16T21:13:26","guid":{"rendered":"https:\/\/linitiative.ca\/International\/match-amical-le-maroc-sincline-face-a-la-zambie-2-3\/"},"modified":"2019-06-16T17:13:26","modified_gmt":"2019-06-16T21:13:26","slug":"match-amical-le-maroc-sincline-face-a-la-zambie-2-3","status":"publish","type":"post","link":"https:\/\/linitiative.ca\/International\/match-amical-le-maroc-sincline-face-a-la-zambie-2-3\/","title":{"rendered":"Match amical: Le Maroc s\u2019incline face \u00e0 la Zambie 2-3"},"content":{"rendered":"<div class=\"single-featured\"><img alt=\"\" data-src=\"http:\/\/www.mapmarrakech.ma\/map\/uploads\/2019\/06\/maroc-zambiematchamical-copier.jpg\"\/><\/div>\n<div class=\"single-post-excerpt post-excerpt-bc\" readability=\"37\">\n<p>Rabat \u2013 Le Maroc s\u2019est inclin\u00e9 face \u00e0 la Zambie 2-3, lors d\u2019un match amical disput\u00e9 dimanche au Grand stade de Marrakech, dans le cadre de la pr\u00e9paration pour la 32\u00e8me \u00e9dition de la CAN, pr\u00e9vue du 21 juin au 19 juillet prochain en Egypte.<\/p>\n<\/div>\n<div class=\"entry-content clearfix single-post-content\" readability=\"50\">\n<p>La s\u00e9lection zambienne a ouvert le score d\u00e8s la 1\u00e8re minute du jeu sur un but de Mwape Musonda, avant que l\u2019attaquant Hakim Ziyech n\u2019\u00e9galise pour l\u2019Equipe nationale \u00e0 la 24\u00e8 minute. A une minute de la mi-temps, la Zambie a pris l\u2019avantage gr\u00e2ce \u00e0 un but sign\u00e9 Kings Kangwa.<\/p>\n<p>En seconde p\u00e9riode, les Lions de l\u2019Atlas ont \u00e9galis\u00e9 sur un p\u00e9nalty transform\u00e9 par Ziyech qui signe un doubl\u00e9 lors de ce deuxi\u00e8me galop d\u2019essai avant le d\u00e9but de la CAN. La s\u00e9lection zambienne a scell\u00e9 le score \u00e0 74\u00e8 minute en inscrivant le 3\u00e8 but sign\u00e9 Enock Mwepu.<\/p>\n<p>Le Maroc s\u2019est inclin\u00e9 face \u00e0 la Gambie 1-0, lors du premier galop d\u2019essai au Grand stade de Marrakech.<\/p>\n<p>Lors de la CAN-2019, l\u2019\u00e9quipe nationale est log\u00e9e au groupe (D) aux c\u00f4t\u00e9s de la Namibie, l\u2019Afrique du Sud et la C\u00f4te d\u2019Ivoire.<\/p>\n<\/div>\n<p>Auteur: Meriem IGASS<br \/>\n<a href=\"http:\/\/www.mapmarrakech.ma\/fr\/match-amical-le-maroc-sincline-face-a-la-zambie-2-3\/\">Cliquez ici pour lire l&rsquo;article depuis sa source.<\/a><\/p>\n","protected":false},"excerpt":{"rendered":"<p>Rabat \u2013 Le Maroc s\u2019est inclin\u00e9 face \u00e0 la Zambie 2-3, lors d\u2019un match amical disput\u00e9 dimanche au Grand stade de Marrakech, dans le cadre de la pr\u00e9paration pour la 32\u00e8me \u00e9dition de la CAN, pr\u00e9vue du 21 juin au 19 juillet prochain en Egypte. La s\u00e9lection zambienne a ouvert le score d\u00e8s la 1\u00e8re [&hellip;]<\/p>\n","protected":false},"author":1788,"featured_media":41066,"comment_status":"closed","ping_status":"closed","sticky":false,"template":"","format":"standard","meta":{"fifu_image_url":"","fifu_image_alt":"","footnotes":""},"categories":[54,76],"tags":[],"class_list":["post-41065","post","type-post","status-publish","format-standard","has-post-thumbnail","hentry","category-maroc","category-regions"],"_links":{"self":[{"href":"https:\/\/linitiative.ca\/International\/wp-json\/wp\/v2\/posts\/41065","targetHints":{"allow":["GET"]}}],"collection":[{"href":"https:\/\/linitiative.ca\/International\/wp-json\/wp\/v2\/posts"}],"about":[{"href":"https:\/\/linitiative.ca\/International\/wp-json\/wp\/v2\/types\/post"}],"author":[{"embeddable":true,"href":"https:\/\/linitiative.ca\/International\/wp-json\/wp\/v2\/users\/1788"}],"replies":[{"embeddable":true,"href":"https:\/\/linitiative.ca\/International\/wp-json\/wp\/v2\/comments?post=41065"}],"version-history":[{"count":0,"href":"https:\/\/linitiative.ca\/International\/wp-json\/wp\/v2\/posts\/41065\/revisions"}],"wp:featuredmedia":[{"embeddable":true,"href":"https:\/\/linitiative.ca\/International\/wp-json\/"}],"wp:attachment":[{"href":"https:\/\/linitiative.ca\/International\/wp-json\/wp\/v2\/media?parent=41065"}],"wp:term":[{"taxonomy":"category","embeddable":true,"href":"https:\/\/linitiative.ca\/International\/wp-json\/wp\/v2\/categories?post=41065"},{"taxonomy":"post_tag","embeddable":true,"href":"https:\/\/linitiative.ca\/International\/wp-json\/wp\/v2\/tags?post=41065"}],"curies":[{"name":"wp","href":"https:\/\/api.w.org\/{rel}","templated":true}]}}