{"id":41067,"date":"2019-06-16T19:03:07","date_gmt":"2019-06-16T23:03:07","guid":{"rendered":"https:\/\/linitiative.ca\/International\/rencontre-sur-la-reforme-du-systeme-de-lenseignement\/"},"modified":"2019-06-16T19:03:07","modified_gmt":"2019-06-16T23:03:07","slug":"rencontre-sur-la-reforme-du-systeme-de-lenseignement","status":"publish","type":"post","link":"https:\/\/linitiative.ca\/International\/rencontre-sur-la-reforme-du-systeme-de-lenseignement\/","title":{"rendered":"Rencontre sur la r\u00e9forme du syst\u00e8me de l\u2019enseignement"},"content":{"rendered":"<div readability=\"37\">\n<p>Marrakech \u2013 \u00ab\u00a0La r\u00e9forme de l\u2019enseignement, une n\u00e9cessit\u00e9 pour tout v\u00e9ritable d\u00e9veloppement\u00a0\u00bb a \u00e9t\u00e9 le th\u00e8me d\u2019une rencontre organis\u00e9e, samedi \u00e0 Marrakech, avec la participation d\u2019acteurs politiques et d\u2019universitaires.<\/p>\n<\/div>\n<div readability=\"93\">\n<p>Lors de cette rencontre, initi\u00e9e par la section r\u00e9gionale du Parti du Progr\u00e8s et du Socialisme (PPS), les intervenants ont soulign\u00e9 l\u2019importance de l\u2019implication de tous les acteurs afin de favoriser l\u2019\u00e9dification d\u2019une \u00e9cole publique et soci\u00e9tale qui soit en phase avec les \u00e9volutions technologiques et scientifiques, et de contribuer \u00e0 la formation de g\u00e9n\u00e9rations capables de relever tous les d\u00e9fis.<\/p>\n<p>Dans ce cadre, M. Abdelouahed Souhail, membre du bureau politique du PPS, a expliqu\u00e9 que la question de l\u2019enseignement n\u2019est pas seulement une n\u00e9cessit\u00e9 pour assurer un v\u00e9ritable d\u00e9veloppement, mais elle est devenue aussi une n\u00e9cessit\u00e9 sociale, estimant que le Maroc a besoin, eu \u00e9gard \u00e0 ce monde en changement constant, d\u2019un enseignement qui soit en phase avec ces mutations et d\u2019une \u00e9cole publique capable d\u2019accompagner les \u00e9volutions en cours, d\u2019\u00e9largir le champ de la connaissance et d\u2019\u00e9radiquer l\u2019ignorance.<\/p>\n<p>Et d\u2019ajouter qu\u2019une r\u00e9forme globale du syst\u00e8me de l\u2019enseignement est susceptible de pr\u00e9parer les g\u00e9n\u00e9rations montantes pour vivre dans un monde ouvert sur la culture, la coexistence et les valeurs humaines et universelles que l\u2019\u00e9cole marocaine doit inculquer \u00e0 ces jeunes, soulignant qu\u2019un r\u00e9el d\u00e9veloppement socio-\u00e9conomique ne peut \u00eatre r\u00e9alis\u00e9 sans un enseignement d\u2019excellence et une \u00e9cole assurant la qualit\u00e9 en mati\u00e8re de formation.<\/p>\n<p>Il a, en outre, plaid\u00e9 pour la concr\u00e9tisation des id\u00e9es et visions du Conseil sup\u00e9rieur de l\u2019\u00e9ducation et de la formation pour le d\u00e9veloppement de la scolarisation dans le Royaume.<\/p>\n<p>De son c\u00f4t\u00e9, Mme Hasna Abouzaid, dirigeante au sein du Parti de l\u2019Union Socialiste des Forces populaires (USFP), a insist\u00e9 sur l\u2019importance de l\u2019\u00e9dification d\u2019un syst\u00e8me \u00e9ducatif capable de favoriser l\u2019\u00e9mergence d\u2019une \u00e9cole publique meilleure, soulignant la n\u00e9cessit\u00e9 de reconstruire la relation entre l\u2019\u00e9ducation et le d\u00e9veloppement dans le cadre d\u2019une r\u00e9forme globale doubl\u00e9e d\u2019une v\u00e9ritable volont\u00e9 politique.<\/p>\n<p>Elle a, dans la foul\u00e9e, appel\u00e9 \u00e0 r\u00e9orienter le d\u00e9bat sur la question de l\u2019enseignement \u00e0 la lumi\u00e8re de la vision strat\u00e9gique efficiente et des principes g\u00e9n\u00e9raux susceptibles de \u00ab\u00a0r\u00e9pondre \u00e0 notre r\u00e9alit\u00e9 et d\u2019accompagner les diff\u00e9rentes mutations, loin de toute vision unilat\u00e9rale \u00e0 l\u2019\u00e9gard de cette r\u00e9forme\u00a0\u00bb.<\/p>\n<p>Pour sa part, la secr\u00e9taire g\u00e9n\u00e9rale du Parti Socialiste Unifi\u00e9 (PSU), Nabila Maounib, a fait remarquer que la r\u00e9forme de l\u2019enseignement constitue un levier fondamental pour la r\u00e9alisation du d\u00e9veloppement dans le sillage de l\u2019\u00e9mergence de nouveaux m\u00e9tiers inh\u00e9rents \u00e0 l\u2019intelligence num\u00e9rique, mettant l\u2019accent sur l\u2019imp\u00e9ratif d\u2019\u00e9difier une \u00e9cole publique de qualit\u00e9 qui soit garante de toutes les chances de r\u00e9ussite pour les jeunes.<\/p>\n<p>Mme Mounib a \u00e9galement relev\u00e9 la n\u00e9cessit\u00e9 d\u2019engager un dialogue national autour de l\u2019\u00e9cole marocaine et de la modernisation de ses fonctions dans le contexte de la r\u00e9volution technologique mondiale et de l\u2019intelligence num\u00e9rique.<\/p>\n<\/div>\n<p>Auteur: Meriem IGASS<br \/>\n<a href=\"http:\/\/www.mapmarrakech.ma\/fr\/rencontre-sur-la-reforme-du-systeme-de-lenseignement\/\">Cliquez ici pour lire l&rsquo;article depuis sa source.<\/a><\/p>\n","protected":false},"excerpt":{"rendered":"<p>Marrakech \u2013 \u00ab\u00a0La r\u00e9forme de l\u2019enseignement, une n\u00e9cessit\u00e9 pour tout v\u00e9ritable d\u00e9veloppement\u00a0\u00bb a \u00e9t\u00e9 le th\u00e8me d\u2019une rencontre organis\u00e9e, samedi \u00e0 Marrakech, avec la participation d\u2019acteurs politiques et d\u2019universitaires. Lors de cette rencontre, initi\u00e9e par la section r\u00e9gionale du Parti du Progr\u00e8s et du Socialisme (PPS), les intervenants ont soulign\u00e9 l\u2019importance de l\u2019implication de tous [&hellip;]<\/p>\n","protected":false},"author":1788,"featured_media":0,"comment_status":"closed","ping_status":"closed","sticky":false,"template":"","format":"standard","meta":{"fifu_image_url":"","fifu_image_alt":"","footnotes":""},"categories":[54,76],"tags":[],"class_list":["post-41067","post","type-post","status-publish","format-standard","hentry","category-maroc","category-regions"],"_links":{"self":[{"href":"https:\/\/linitiative.ca\/International\/wp-json\/wp\/v2\/posts\/41067","targetHints":{"allow":["GET"]}}],"collection":[{"href":"https:\/\/linitiative.ca\/International\/wp-json\/wp\/v2\/posts"}],"about":[{"href":"https:\/\/linitiative.ca\/International\/wp-json\/wp\/v2\/types\/post"}],"author":[{"embeddable":true,"href":"https:\/\/linitiative.ca\/International\/wp-json\/wp\/v2\/users\/1788"}],"replies":[{"embeddable":true,"href":"https:\/\/linitiative.ca\/International\/wp-json\/wp\/v2\/comments?post=41067"}],"version-history":[{"count":0,"href":"https:\/\/linitiative.ca\/International\/wp-json\/wp\/v2\/posts\/41067\/revisions"}],"wp:attachment":[{"href":"https:\/\/linitiative.ca\/International\/wp-json\/wp\/v2\/media?parent=41067"}],"wp:term":[{"taxonomy":"category","embeddable":true,"href":"https:\/\/linitiative.ca\/International\/wp-json\/wp\/v2\/categories?post=41067"},{"taxonomy":"post_tag","embeddable":true,"href":"https:\/\/linitiative.ca\/International\/wp-json\/wp\/v2\/tags?post=41067"}],"curies":[{"name":"wp","href":"https:\/\/api.w.org\/{rel}","templated":true}]}}