{"id":41068,"date":"2019-06-17T09:36:00","date_gmt":"2019-06-17T13:36:00","guid":{"rendered":"https:\/\/linitiative.ca\/International\/finale-du-concours-de-videos-essaouira-fi-aynik\/"},"modified":"2019-06-17T09:36:00","modified_gmt":"2019-06-17T13:36:00","slug":"finale-du-concours-de-videos-essaouira-fi-aynik","status":"publish","type":"post","link":"https:\/\/linitiative.ca\/International\/finale-du-concours-de-videos-essaouira-fi-aynik\/","title":{"rendered":"Finale du concours de vid\u00e9os \u00ab\u00a0Essaouira fi Aynik\u00a0\u00bb"},"content":{"rendered":"<div readability=\"43\">\n<p>Essaouira \u2013 La cit\u00e9 des Aliz\u00e9s a accueilli, dimanche soir, les finales d\u2019un concours de vid\u00e9os, un \u00e9v\u00e9nement singulier intitul\u00e9 \u00ab\u00a0Essaouira fi Aynik\u00a0\u00bb (Essaouira dans tes yeux), \u00e0 travers lequel des jeunes souiris ont \u00e9t\u00e9 amen\u00e9s \u00e0 produire des s\u00e9quences vid\u00e9os pour montrer le visage de leur ville, selon leur point de vue, \u00ab\u00a0intrigante\u00a0\u00bb, \u00ab\u00a0attractive\u00a0\u00bb ou \u00ab\u00a0myst\u00e9rieuse\u00a0\u00bb, et exprimer leurs espoirs et attentes.<\/p>\n<\/div>\n<div readability=\"128\">\n<p>Dans une ambiance bon enfant, une c\u00e9r\u00e9monie riche en couleurs a \u00e9t\u00e9 organis\u00e9e \u00e0 l\u2019espace de Dar Souiri, en pr\u00e9sence d\u2019un parterre de jeunes, d\u2019acteurs associatifs et d\u2019intellectuels parmi les habitants et les visiteurs d\u2019Essaouira, le temps de visionner les diff\u00e9rentes vid\u00e9os, afin de d\u00e9partager les candidats ayant re\u00e7u le plus grand nombre de \u00ab\u00a0like\u00a0\u00bb sur les r\u00e9seaux sociaux.<\/p>\n<p>Lanc\u00e9 le 4 juin, ce concours a connu la participation de 15 jeunes qui ont \u00e9t\u00e9 invit\u00e9s \u00e0 r\u00e9aliser des vid\u00e9os portant, entre autres, sur des lieux d\u2019int\u00e9r\u00eats touristiques, des petites ruelles et les grandes murailles de l\u2019ancienne m\u00e9dina, comme sur des surfaces d\u00e9cor\u00e9es par des tapis color\u00e9s, les colonnes de barques dans le port de Mogador, la plage couverte de planches de surf, l\u2019\u00eele de pourpre patrimoniale ou encore des vid\u00e9os illustrant l\u2019accueil chaleureux de la population souirie, a confi\u00e9 \u00e0 la MAP, Otmane Mazzine, pr\u00e9sident de l\u2019Association Moga\u2019Jeunes, organisatrice du concours.<\/p>\n<p>\u00ab\u00a0Sous le Hashtague +Essaouira dans tes yeux+, on a invit\u00e9 les jeunes souiris fascin\u00e9s par la photographie et le montage des vid\u00e9os \u00e0 r\u00e9aliser une petite vid\u00e9o d\u2019une dur\u00e9e ne d\u00e9passant pas une dur\u00e9e de 1min30, en exprimant leur propre point de vue \u00e0 propos de la ville d\u2019Essaouira\u00a0\u00bb, a-t-il expliqu\u00e9.<\/p>\n<p>Ce concours, initi\u00e9 en partenariat avec l\u2019Association Essaouira-Mogador, se fixe pour objectifs d\u2019encourager les jeunes \u00e0 s\u2019exprimer et leur donner, ainsi, la parole, vu que l\u2019image vaut mille mots, \u00e0 v\u00e9hiculer une pens\u00e9e positive d\u2019appartenance et de citoyennet\u00e9 chez les jeunes Souiris et \u00e0 promouvoir l\u2019image de la ville d\u2019Essaouira en partageant les vid\u00e9os sur les r\u00e9seaux sociaux, a-t-il pr\u00e9cis\u00e9.<\/p>\n<p>Le concours \u00ab\u00a0Essaouira dans tes yeux\u00a0\u00bb a \u00e9t\u00e9 donc l\u2019occasion de donner l\u2019espoir et la chance aux jeunes de la ville d\u2019Essaouira pour \u00e9merger, briller et exprimer leur amour et passion pour la cit\u00e9 des Aliz\u00e9s.<\/p>\n<p>La journ\u00e9e de la remise des prix a \u00e9t\u00e9 l\u2019occasion d\u2019encourager les jeunes \u00e0 croire en leur ville, \u00e0 croire \u00e0 eux-m\u00eames et \u00e0 leurs comp\u00e9tences, et \u00e0 se rendre \u00e0 l\u2019\u00e9vidence qu\u2019avec des petites actions individuelles, on peut agir positivement et \u00eatre des acteurs utiles \u00e0 leur cit\u00e9 et dans la soci\u00e9t\u00e9.<\/p>\n<p>M. Ahmed Harrouz, au nom de l\u2019Association Essaouira-Mogador, s\u2019est f\u00e9licit\u00e9 de l\u2019originalit\u00e9 et de la singularit\u00e9 de ce concours con\u00e7u pour les jeunes, par des jeunes 100% dynamiques, d\u00e9termin\u00e9s et engag\u00e9s.<\/p>\n<p>\u00a0\u00bbLa soir\u00e9e de remise des prix aux diff\u00e9rents vainqueurs a \u00e9t\u00e9 un beau moment de joie et de partage, o\u00f9 les jeunes ont \u00e9t\u00e9 les vedettes, par leurs cr\u00e9ation en vid\u00e9o, et par la pr\u00e9sence sur le front de la culture et des arts \u00e0 Essaouira\u00a0\u00bb, a-t-il poursuivi.<\/p>\n<p>\u00ab\u00a0Il s\u2019agit d\u2019une soir\u00e9e qui a montr\u00e9 le c\u00f4t\u00e9 positif de l\u2019oeil des jeunes \u00e0 Essaouira, sur leur cit\u00e9 +historique et culturelle+, m\u00eame \u00e0 partir des moyens de bord, leurs simples t\u00e9l\u00e9phones portables en l\u2019occurrence, afin d\u2019exprimer leurs diverses sensibilit\u00e9s pour un d\u00e9veloppement meilleur\u00a0\u00bb, a-t-il expliqu\u00e9, avant de conclure que l\u2019Association Moga\u2019Jeunes marque ici un autre point qui porte l\u2019empreinte des jeunes et leur potentiel en cr\u00e9ativit\u00e9 artistique, avec un singulier souci de communication collective\u00a0\u00bb.<\/p>\n<p>A l\u2019issue de cette soir\u00e9e, des prix ont \u00e9t\u00e9 remis aux diff\u00e9rents vainqueurs de cette comp\u00e9tition.<\/p>\n<p>Ainsi, le premier prix a \u00e9t\u00e9 d\u00e9croch\u00e9 par Brahim Enafea, suivi en deuxi\u00e8me position par Yassine Ajgagal, Aziz Souiter (3\u00e8) et Yassir Ze (4\u00e8).<\/p>\n<\/div>\n<p>Auteur: Meriem IGASS<br \/>\n<a href=\"http:\/\/www.mapmarrakech.ma\/fr\/finale-du-concours-de-videos-essaouira-fi-aynik\/\">Cliquez ici pour lire l&rsquo;article depuis sa source.<\/a><\/p>\n","protected":false},"excerpt":{"rendered":"<p>Essaouira \u2013 La cit\u00e9 des Aliz\u00e9s a accueilli, dimanche soir, les finales d\u2019un concours de vid\u00e9os, un \u00e9v\u00e9nement singulier intitul\u00e9 \u00ab\u00a0Essaouira fi Aynik\u00a0\u00bb (Essaouira dans tes yeux), \u00e0 travers lequel des jeunes souiris ont \u00e9t\u00e9 amen\u00e9s \u00e0 produire des s\u00e9quences vid\u00e9os pour montrer le visage de leur ville, selon leur point de vue, \u00ab\u00a0intrigante\u00a0\u00bb, \u00ab\u00a0attractive\u00a0\u00bb [&hellip;]<\/p>\n","protected":false},"author":1788,"featured_media":0,"comment_status":"closed","ping_status":"closed","sticky":false,"template":"","format":"standard","meta":{"fifu_image_url":"","fifu_image_alt":"","footnotes":""},"categories":[54,76],"tags":[],"class_list":["post-41068","post","type-post","status-publish","format-standard","hentry","category-maroc","category-regions"],"_links":{"self":[{"href":"https:\/\/linitiative.ca\/International\/wp-json\/wp\/v2\/posts\/41068","targetHints":{"allow":["GET"]}}],"collection":[{"href":"https:\/\/linitiative.ca\/International\/wp-json\/wp\/v2\/posts"}],"about":[{"href":"https:\/\/linitiative.ca\/International\/wp-json\/wp\/v2\/types\/post"}],"author":[{"embeddable":true,"href":"https:\/\/linitiative.ca\/International\/wp-json\/wp\/v2\/users\/1788"}],"replies":[{"embeddable":true,"href":"https:\/\/linitiative.ca\/International\/wp-json\/wp\/v2\/comments?post=41068"}],"version-history":[{"count":0,"href":"https:\/\/linitiative.ca\/International\/wp-json\/wp\/v2\/posts\/41068\/revisions"}],"wp:attachment":[{"href":"https:\/\/linitiative.ca\/International\/wp-json\/wp\/v2\/media?parent=41068"}],"wp:term":[{"taxonomy":"category","embeddable":true,"href":"https:\/\/linitiative.ca\/International\/wp-json\/wp\/v2\/categories?post=41068"},{"taxonomy":"post_tag","embeddable":true,"href":"https:\/\/linitiative.ca\/International\/wp-json\/wp\/v2\/tags?post=41068"}],"curies":[{"name":"wp","href":"https:\/\/api.w.org\/{rel}","templated":true}]}}