{"id":41069,"date":"2019-06-17T09:54:52","date_gmt":"2019-06-17T13:54:52","guid":{"rendered":"https:\/\/linitiative.ca\/International\/ouargla-affluence-en-ete-des-apprenants-dans-les-ecoles-coraniques\/"},"modified":"2019-06-17T09:54:52","modified_gmt":"2019-06-17T13:54:52","slug":"ouargla-affluence-en-ete-des-apprenants-dans-les-ecoles-coraniques","status":"publish","type":"post","link":"https:\/\/linitiative.ca\/International\/ouargla-affluence-en-ete-des-apprenants-dans-les-ecoles-coraniques\/","title":{"rendered":"Ouargla: affluence en \u00e9t\u00e9 des apprenants dans les \u00e9coles coraniques"},"content":{"rendered":"<div>\n<div class=\"K2FeedImage\"><img decoding=\"async\" src=\"http:\/\/www.aps.dz\/media\/k2\/items\/cache\/f98cac3751c87df38dba4a82a2b11b47_S.jpg\" alt=\"Ouargla: affluence en \u00e9t\u00e9 des apprenants dans les \u00e9coles coraniques\"><\/div>\n<div class=\"K2FeedIntroText\">\n<p><strong>OUARGLA &#8211; Les \u00e9coles coraniques et mosqu\u00e9es d&rsquo;Ouargla accueillent, \u00e0 l&rsquo;av\u00e8nement de chaque \u00e9t\u00e9, de nombreux apprenants, notamment des enfants encourag\u00e9s par leurs parents, conscients des bienfaits et des valeurs de l&rsquo;apprentissage du Saint Coran.<\/strong><\/p>\n<\/div>\n<div class=\"K2FeedFullText\">\n<p>Encadr\u00e9s par des enseignants et imams, r\u00e9mun\u00e9r\u00e9s ou b\u00e9n\u00e9voles, les disciples ne tardent pas \u00e0 rallier, d\u00e8s le d\u00e9but des vacances scolaires, les \u00e9coles coraniques pour apprendre le Coran, arm\u00e9s de fournitures sp\u00e9cifiques, autres que celles adopt\u00e9es dans les \u00e9tablissements scolaires et consistant notamment en un \u00a0\u00bbLouh\u00a0\u00bb (planche en bois), la \u00a0\u00bbDouaya\u00a0\u00bb (encrier traditionnel), de Leklam (plume taill\u00e9e dans une branche de roseau).<\/p>\n<p>Ils s&#8217;emploient \u00e0 r\u00e9citer, en groupe ou individuellement, pour m\u00e9moriser les Sourate, et corriger les aspects phon\u00e9tiques et phonologiques de la r\u00e9citation, dans ses deux versions de Tartil (lecture) ou de Tajwid (psalmodie), tout en \u0153uvrant au respect de la valeur prosodique de la lecture.<\/p>\n<p>Ces apprenants sont majoritairement encourag\u00e9s par leurs parents, conscients des bienfaits et des valeurs d&rsquo;apprentissage du Coran, \u00e0 rejoindre les lieux et compl\u00e9ter leur apprentissage du Livre sacr\u00e9, \u00e0 l&rsquo;exemple de Mme Zohra, satisfaite de voir ses trois enfants retrouver, chaque \u00e9t\u00e9, l&rsquo;\u00e9cole coranique.<\/p>\n<p>Pour elle, \u00a0\u00bbnul ne peut nier les bienfaits et r\u00e9percussions positives de l&rsquo;apprentissage du Saint coran\u00a0\u00bb, illustrant son propos par l&rsquo;am\u00e9lioration de leur performance linguistique acquise en langue arabe, et de leurs capacit\u00e9s cognitives et, ainsi, l&rsquo;am\u00e9lioration de leurs niveaux scolaires.<\/p>\n<hr>\n<h3>Lire aussi:\u00a0<a href=\"http:\/\/www.aps.dz\/algerie\/88108-belmehdi-importance-du-developpement-du-systeme-d-enseignement-coranique\" target=\"_blank\" rel=\"noopener noreferrer\">Belmehdi: importance de d\u00e9velopper le syst\u00e8me d&rsquo;enseignement coranique<\/a><\/h3>\n<hr>\n<p>Pour d&rsquo;autres parents, inscrire les enfants aux \u00e9coles coraniques en \u00e9t\u00e9 d\u00e9note de leur appr\u00e9hension de voir leurs prog\u00e9nitures glisser dans les affres de l&rsquo;oisivet\u00e9, des maux sociaux et de la d\u00e9linquance.<\/p>\n<p>Approch\u00e9s par l&rsquo;APS, de nombreux disciples ont soutenu que les vacances sont \u00a0\u00bbune p\u00e9riode propice\u00a0\u00bb pour apprendre le saint Coran et les Hadiths (paroles du proph\u00e8te QSSSL) dans les meilleures conditions.<\/p>\n<p>Taleb Aziz (15 ans, lyc\u00e9en) a affirm\u00e9 ne pas pouvoir rejoindre l&rsquo;\u00e9cole coranique durant l&rsquo;ann\u00e9e scolaire, eu \u00e9gard \u00e0 la charge du programme scolaire, et profite, pour cela, des vacances scolaires pour un apprentissage int\u00e9gral du Coran.<\/p>\n<p>Meriem (14 ans), affiche, de son c\u00f4t\u00e9, une forte volont\u00e9 pour l&rsquo;apprentissage du Coran, dont elle a d&rsquo;ores et d\u00e9j\u00e0 achev\u00e9 la moiti\u00e9, disant mettre \u00e0 profit la p\u00e9riode des vacances, \u00a0\u00bblargement suffisantes, pour apprendre le Coran\u00a0\u00bb, sous l&rsquo;orientation de son enseignante.<\/p>\n<p>Cheikh Taki-Eddine, enseignant coranique \u00e0 la mosqu\u00e9e \u00a0\u00bbEl-Fedjr\u00a0\u00bb de la cit\u00e9 Ennasr (p\u00e9riph\u00e9rie d&rsquo;Ouargla), a fait part de \u00a0\u00bbl&rsquo;accueil chaque \u00e9t\u00e9 de plus de 400 apprenants, encourag\u00e9s par leurs parents qui manifestent un grand int\u00e9r\u00eat pour cet enseignement religieux\u00a0\u00bb.<\/p>\n<p>\u00a0<\/p>\n<p style=\"text-align: center;\"><strong>Des classes sp\u00e9ciales d&rsquo;enseignement coranique vivement souhait\u00e9es<\/strong><\/p>\n<p>\u00a0<\/p>\n<p>Des Imams et enseignants coraniques \u00e0 Ouargla ont sugg\u00e9r\u00e9 la cr\u00e9ation de classes sp\u00e9ciales et structur\u00e9es pour l&rsquo;apprentissage coranique durant les vacances d&rsquo;\u00e9t\u00e9, susceptibles d&rsquo;att\u00e9nuer la pression et la surcharge des \u00e9coles coraniques.<\/p>\n<p>L&rsquo;enseignant b\u00e9n\u00e9vole, Brahim Korichi, dans une \u00e9cole coranique de la commune de Rouissat, pr\u00e8s de Ouargla, a constat\u00e9 qu&rsquo;un \u00a0\u00bbgrand nombre d&rsquo;apprenants rejoint les \u00e9coles coraniques en \u00e9t\u00e9, constituant une grande charge sur les structures d&rsquo;enseignement existantes, \u00e9coles et mosqu\u00e9es\u00a0\u00bb, affirmant que son \u00e9tablissement accueille chaque \u00e9t\u00e9 plus de 80 nouveaux apprenants.<\/p>\n<p>Cet \u00e9tat de fait \u00a0\u00bbinflue n\u00e9gativement sur les conditions d&rsquo;accueil et d&rsquo;enseignement, bien que de nouveaux promus, ayant appris nouvellement et int\u00e9gralement le Coran, contribuent \u00e0 prendre en charge et combler le d\u00e9ficit en encadrement\u00a0\u00bb, a-t-il avou\u00e9.<\/p>\n<hr>\n<h3>Lire aussi:\u00a0<a href=\"http:\/\/www.aps.dz\/societe\/75622-l-enseignement-coranique-en-algerie-connait-une-renaissance\" target=\"_blank\" rel=\"noopener noreferrer\">L\u2019enseignement coranique en Alg\u00e9rie conna\u00eet une renaissance<\/a><\/h3>\n<hr>\n<p>Parmi les encadreurs b\u00e9n\u00e9voles, l&rsquo;enseignante Amina, quadrag\u00e9naire, \u00e0 la mosqu\u00e9e \u00a0\u00bbMohamed Maghraoui\u00a0\u00bb, dans le quartier de Mekhadma, qui s&#8217;emploie, depuis 12 ans, \u00e0 inculquer le Coran aux \u00e9l\u00e8ves dont le nombre d\u00e9passe chaque \u00e9t\u00e9 les 100 apprenants.<\/p>\n<p>Ces efforts en mati\u00e8re d&rsquo;enseignement coranique ont permis \u00e0 la wilaya d&rsquo;Ouargla de se hisser aux premiers rangs des r\u00e9gions d&rsquo;apprentissage du saint Coran, au regard du nombre croissant d&rsquo;apprenants.<\/p>\n<p>Le secteur des Affaires religieuses et des Wakfs compte dans la wilaya d&rsquo;Ouargla plus de 400 mosqu\u00e9es, 27 zaou\u00efas et 30 \u00e9coles coraniques.<\/p>\n<\/div>\n<\/div>\n<p>Auteur:<br \/>\n<a href=\"http:\/\/www.aps.dz\/regions\/90722-ouargla-affluence-en-ete-des-apprenants-dans-les-ecoles-coraniques\">Cliquez ici pour lire l&rsquo;article depuis sa source.<\/a><\/p>\n","protected":false},"excerpt":{"rendered":"<p>OUARGLA &#8211; Les \u00e9coles coraniques et mosqu\u00e9es d&rsquo;Ouargla accueillent, \u00e0 l&rsquo;av\u00e8nement de chaque \u00e9t\u00e9, de nombreux apprenants, notamment des enfants encourag\u00e9s par leurs parents, conscients des bienfaits et des valeurs de l&rsquo;apprentissage du Saint Coran. Encadr\u00e9s par des enseignants et imams, r\u00e9mun\u00e9r\u00e9s ou b\u00e9n\u00e9voles, les disciples ne tardent pas \u00e0 rallier, d\u00e8s le d\u00e9but des [&hellip;]<\/p>\n","protected":false},"author":1790,"featured_media":41070,"comment_status":"closed","ping_status":"closed","sticky":false,"template":"","format":"standard","meta":{"fifu_image_url":"","fifu_image_alt":"","footnotes":""},"categories":[53,76],"tags":[],"class_list":["post-41069","post","type-post","status-publish","format-standard","has-post-thumbnail","hentry","category-algerie","category-regions"],"_links":{"self":[{"href":"https:\/\/linitiative.ca\/International\/wp-json\/wp\/v2\/posts\/41069","targetHints":{"allow":["GET"]}}],"collection":[{"href":"https:\/\/linitiative.ca\/International\/wp-json\/wp\/v2\/posts"}],"about":[{"href":"https:\/\/linitiative.ca\/International\/wp-json\/wp\/v2\/types\/post"}],"author":[{"embeddable":true,"href":"https:\/\/linitiative.ca\/International\/wp-json\/wp\/v2\/users\/1790"}],"replies":[{"embeddable":true,"href":"https:\/\/linitiative.ca\/International\/wp-json\/wp\/v2\/comments?post=41069"}],"version-history":[{"count":0,"href":"https:\/\/linitiative.ca\/International\/wp-json\/wp\/v2\/posts\/41069\/revisions"}],"wp:featuredmedia":[{"embeddable":true,"href":"https:\/\/linitiative.ca\/International\/wp-json\/"}],"wp:attachment":[{"href":"https:\/\/linitiative.ca\/International\/wp-json\/wp\/v2\/media?parent=41069"}],"wp:term":[{"taxonomy":"category","embeddable":true,"href":"https:\/\/linitiative.ca\/International\/wp-json\/wp\/v2\/categories?post=41069"},{"taxonomy":"post_tag","embeddable":true,"href":"https:\/\/linitiative.ca\/International\/wp-json\/wp\/v2\/tags?post=41069"}],"curies":[{"name":"wp","href":"https:\/\/api.w.org\/{rel}","templated":true}]}}