{"id":41073,"date":"2019-06-17T10:54:28","date_gmt":"2019-06-17T14:54:28","guid":{"rendered":"https:\/\/linitiative.ca\/International\/relizane-un-incendie-detruit-cinq-hectares-de-ble\/"},"modified":"2019-06-17T10:54:28","modified_gmt":"2019-06-17T14:54:28","slug":"relizane-un-incendie-detruit-cinq-hectares-de-ble","status":"publish","type":"post","link":"https:\/\/linitiative.ca\/International\/relizane-un-incendie-detruit-cinq-hectares-de-ble\/","title":{"rendered":"Relizane : un incendie d\u00e9truit cinq hectares de bl\u00e9"},"content":{"rendered":"<div>\n<div class=\"K2FeedImage\"><img decoding=\"async\" src=\"http:\/\/www.aps.dz\/media\/k2\/items\/cache\/3711ad9f55874e9e986805fc3ce3a15b_S.jpg\" alt=\"Relizane : un incendie d\u00e9truit cinq hectares de bl\u00e9\"><\/div>\n<div class=\"K2FeedIntroText\">\n<p><strong>RELIZAN &#8211; Un incendie a d\u00e9truit cinq hectares de r\u00e9coltes agricoles dans la commune de Sidi S\u00e2ada (30 km au sud de Relizane), a-t-on appris lundi aupr\u00e8s de l\u2019unit\u00e9 principale de la protection civile.<\/strong><\/p>\n<\/div>\n<div class=\"K2FeedFullText\">\n<p>L\u2019officier de permanence de cette unit\u00e9, le lieutenant Youcef Chaib Dour, a pr\u00e9cis\u00e9 que l\u2019incendie, qui s&rsquo;\u00e9tait d\u00e9clar\u00e9 dimanche aux environs de 22 heures dans un champ du douar Ouled Sidi Ouis, relevant de Sidi S\u00e2ada, a d\u00e9truit cinq hectares (5 ha) de bl\u00e9.<\/p>\n<p>L\u2019intervention des agents de la protection civile a permis de circonscrire les flammes et d\u2019\u00e9viter leur propagation \u00e0 d\u2019autres zones sauvant ainsi 85 ha de c\u00e9r\u00e9ales.<\/p>\n<p>La lutte contre le feu a dur\u00e9 deux heures. Les pompiers ont mobilis\u00e9 d\u2019importants moyens humains et mat\u00e9riels.<\/p>\n<p>Les services de la gendarmerie nationale ont ouvert une enqu\u00eate pour d\u00e9terminer les causes exactes de ce sinistre.<\/p>\n<\/div>\n<\/div>\n<p>Auteur:<br \/>\n<a href=\"http:\/\/www.aps.dz\/regions\/90733-relizane-un-incendie-detruit-cinq-hectares-de-ble\">Cliquez ici pour lire l&rsquo;article depuis sa source.<\/a><\/p>\n","protected":false},"excerpt":{"rendered":"<p>RELIZAN &#8211; Un incendie a d\u00e9truit cinq hectares de r\u00e9coltes agricoles dans la commune de Sidi S\u00e2ada (30 km au sud de Relizane), a-t-on appris lundi aupr\u00e8s de l\u2019unit\u00e9 principale de la protection civile. L\u2019officier de permanence de cette unit\u00e9, le lieutenant Youcef Chaib Dour, a pr\u00e9cis\u00e9 que l\u2019incendie, qui s&rsquo;\u00e9tait d\u00e9clar\u00e9 dimanche aux environs [&hellip;]<\/p>\n","protected":false},"author":1790,"featured_media":41074,"comment_status":"closed","ping_status":"closed","sticky":false,"template":"","format":"standard","meta":{"fifu_image_url":"","fifu_image_alt":"","footnotes":""},"categories":[53,76],"tags":[],"class_list":["post-41073","post","type-post","status-publish","format-standard","has-post-thumbnail","hentry","category-algerie","category-regions"],"_links":{"self":[{"href":"https:\/\/linitiative.ca\/International\/wp-json\/wp\/v2\/posts\/41073","targetHints":{"allow":["GET"]}}],"collection":[{"href":"https:\/\/linitiative.ca\/International\/wp-json\/wp\/v2\/posts"}],"about":[{"href":"https:\/\/linitiative.ca\/International\/wp-json\/wp\/v2\/types\/post"}],"author":[{"embeddable":true,"href":"https:\/\/linitiative.ca\/International\/wp-json\/wp\/v2\/users\/1790"}],"replies":[{"embeddable":true,"href":"https:\/\/linitiative.ca\/International\/wp-json\/wp\/v2\/comments?post=41073"}],"version-history":[{"count":0,"href":"https:\/\/linitiative.ca\/International\/wp-json\/wp\/v2\/posts\/41073\/revisions"}],"wp:featuredmedia":[{"embeddable":true,"href":"https:\/\/linitiative.ca\/International\/wp-json\/"}],"wp:attachment":[{"href":"https:\/\/linitiative.ca\/International\/wp-json\/wp\/v2\/media?parent=41073"}],"wp:term":[{"taxonomy":"category","embeddable":true,"href":"https:\/\/linitiative.ca\/International\/wp-json\/wp\/v2\/categories?post=41073"},{"taxonomy":"post_tag","embeddable":true,"href":"https:\/\/linitiative.ca\/International\/wp-json\/wp\/v2\/tags?post=41073"}],"curies":[{"name":"wp","href":"https:\/\/api.w.org\/{rel}","templated":true}]}}