{"id":41075,"date":"2019-06-17T10:58:57","date_gmt":"2019-06-17T14:58:57","guid":{"rendered":"https:\/\/linitiative.ca\/International\/examens-de-cinquieme-plus-de-96-eleves-de-tizi-ouzou-passent-au-college\/"},"modified":"2019-06-17T10:58:57","modified_gmt":"2019-06-17T14:58:57","slug":"examens-de-cinquieme-plus-de-96-eleves-de-tizi-ouzou-passent-au-college","status":"publish","type":"post","link":"https:\/\/linitiative.ca\/International\/examens-de-cinquieme-plus-de-96-eleves-de-tizi-ouzou-passent-au-college\/","title":{"rendered":"Examens de cinqui\u00e8me : Plus de 96% \u00e9l\u00e8ves de Tizi-Ouzou passent au coll\u00e8ge"},"content":{"rendered":"<div>\n<div class=\"K2FeedImage\"><img decoding=\"async\" src=\"http:\/\/www.aps.dz\/media\/k2\/items\/cache\/9a806f2184366cbc9842199f8ebe04db_S.jpg\" alt=\"Examens de cinqui\u00e8me : Plus de 96% \u00e9l\u00e8ves de Tizi-Ouzou passent au coll\u00e8ge\"><\/div>\n<div class=\"K2FeedIntroText\">\n<p><strong>TIZI-OUZOU &#8211; Un taux de 96,64% de passage du cycle primaire vers le moyen a \u00e9t\u00e9 r\u00e9alis\u00e9 cette ann\u00e9e par les \u00e9l\u00e8ves de Tizi-Ouzou, permettant ainsi \u00e0 cette wilaya d\u2019occuper les premi\u00e8res places du classement national, a-t-on appris lundi de la direction locale de l\u2019\u00e9ducation (DE).<\/strong><\/p>\n<\/div>\n<div class=\"K2FeedFullText\">\n<p>Selon les chiffres communiqu\u00e9s par cette institution, sur le nombre des \u00e9l\u00e8ves qui passent au cycle moyen, 91,11% ont r\u00e9ussi \u00e0 l\u2019examen de cinqui\u00e8me, le passage du reste a \u00e9t\u00e9 fait sur la base de leur moyenne annuelle.<\/p>\n<p>Sur un total de 17.865 \u00e9l\u00e8ves ayant pass\u00e9 l&rsquo;examen de la cinqui\u00e8me \u00e0 Tizi Ouzou, 16.879 l&rsquo;ont d\u00e9croch\u00e9.<\/p>\n<p>En attendant la communication du classement des wilayas par le minist\u00e8re de l&rsquo;Education nationale, la DE de Tizi Ouzou a soulign\u00e9 qu\u2019elle ne pouvait affirmer, pour le moment, si la wilaya est class\u00e9e premi\u00e8re \u00e0 l\u2019\u00e9chelle nationale en terme de taux de r\u00e9ussite \u00e0 l\u2019examen de cinqui\u00e8me, mais \u00a0\u00bbil est \u00e9vident qu\u2019avec ces r\u00e9sultats elle se positionne d\u00e9j\u00e0 en haut de l\u2019\u00e9chelle\u00a0\u00bb, selon elle.<\/p>\n<p>Avec le calcul de la moyenne annuelle pour les \u00e9l\u00e8ves qui ont \u00e9t\u00e9 recal\u00e9s \u00e0 cet examen de fin d\u2019ann\u00e9e le nombre d\u2019\u00e9l\u00e8ves qui son pass\u00e9 au coll\u00e8ge est de 17.224.<\/p>\n<p>Par ailleurs, pas moins de 222 \u00e9tablissements scolaires du primaire, ont r\u00e9alis\u00e9 un taux de r\u00e9ussite de 100%, et 851 \u00e9l\u00e8ves ont obtenu la mention \u00ab\u00a0excellent\u00a0\u00bb en obtenant une moyenne de 9,5\/10 ou plus, dont 30 parmi eux ont r\u00e9alis\u00e9 une note compl\u00e8te de 10\/10, selon les m\u00eames chiffres des la DE.<\/p>\n<\/div>\n<\/div>\n<p>Auteur:<br \/>\n<a href=\"http:\/\/www.aps.dz\/regions\/90735-examens-de-cinquieme-plus-de-96-eleves-de-tizi-ouzou-passent-au-college\">Cliquez ici pour lire l&rsquo;article depuis sa source.<\/a><\/p>\n","protected":false},"excerpt":{"rendered":"<p>TIZI-OUZOU &#8211; Un taux de 96,64% de passage du cycle primaire vers le moyen a \u00e9t\u00e9 r\u00e9alis\u00e9 cette ann\u00e9e par les \u00e9l\u00e8ves de Tizi-Ouzou, permettant ainsi \u00e0 cette wilaya d\u2019occuper les premi\u00e8res places du classement national, a-t-on appris lundi de la direction locale de l\u2019\u00e9ducation (DE). Selon les chiffres communiqu\u00e9s par cette institution, sur le [&hellip;]<\/p>\n","protected":false},"author":1790,"featured_media":41076,"comment_status":"closed","ping_status":"closed","sticky":false,"template":"","format":"standard","meta":{"fifu_image_url":"","fifu_image_alt":"","footnotes":""},"categories":[53,76],"tags":[],"class_list":["post-41075","post","type-post","status-publish","format-standard","has-post-thumbnail","hentry","category-algerie","category-regions"],"_links":{"self":[{"href":"https:\/\/linitiative.ca\/International\/wp-json\/wp\/v2\/posts\/41075","targetHints":{"allow":["GET"]}}],"collection":[{"href":"https:\/\/linitiative.ca\/International\/wp-json\/wp\/v2\/posts"}],"about":[{"href":"https:\/\/linitiative.ca\/International\/wp-json\/wp\/v2\/types\/post"}],"author":[{"embeddable":true,"href":"https:\/\/linitiative.ca\/International\/wp-json\/wp\/v2\/users\/1790"}],"replies":[{"embeddable":true,"href":"https:\/\/linitiative.ca\/International\/wp-json\/wp\/v2\/comments?post=41075"}],"version-history":[{"count":0,"href":"https:\/\/linitiative.ca\/International\/wp-json\/wp\/v2\/posts\/41075\/revisions"}],"wp:featuredmedia":[{"embeddable":true,"href":"https:\/\/linitiative.ca\/International\/wp-json\/"}],"wp:attachment":[{"href":"https:\/\/linitiative.ca\/International\/wp-json\/wp\/v2\/media?parent=41075"}],"wp:term":[{"taxonomy":"category","embeddable":true,"href":"https:\/\/linitiative.ca\/International\/wp-json\/wp\/v2\/categories?post=41075"},{"taxonomy":"post_tag","embeddable":true,"href":"https:\/\/linitiative.ca\/International\/wp-json\/wp\/v2\/tags?post=41075"}],"curies":[{"name":"wp","href":"https:\/\/api.w.org\/{rel}","templated":true}]}}