{"id":41078,"date":"2019-06-17T13:21:33","date_gmt":"2019-06-17T17:21:33","guid":{"rendered":"https:\/\/linitiative.ca\/International\/coaching-territorial-la-3e-formation-internationale-lancee\/"},"modified":"2019-06-17T13:21:33","modified_gmt":"2019-06-17T17:21:33","slug":"coaching-territorial-la-3e-formation-internationale-lancee","status":"publish","type":"post","link":"https:\/\/linitiative.ca\/International\/coaching-territorial-la-3e-formation-internationale-lancee\/","title":{"rendered":"Coaching territorial: La 3\u00e8 formation internationale lanc\u00e9e"},"content":{"rendered":"<div readability=\"36\">\n<p>La troisi\u00e8me session de formation internationale sur le m\u00e9tier de coach territorial a d\u00e9marr\u00e9, lundi \u00e0 Oujda, \u00e0 l\u2019initiative de l\u2019Acad\u00e9mie africaine des collectivit\u00e9s territoriales de cit\u00e9s et gouvernements locaux unis d\u2019Afrique (CGLU-Afrique\/ALGA).<\/p>\n<\/div>\n<div readability=\"143\">\n<p>Cette session, qui a \u00e9t\u00e9 con\u00e7ue en int\u00e9grant les derni\u00e8res recherches en coaching, en accompagnement des collectivit\u00e9s territoriales, en ing\u00e9nierie territoriale, en neurosciences et en sciences du comportement humain, accueille quelque 23 participants dont 15 en provenance de 5 pays africains (Cameroun, Burundi, B\u00e9nin, Tchad et Niger) en sus de 8 autres b\u00e9n\u00e9ficiaires issus d\u2019Ha\u00efti, de la Belgique et du Maroc.<\/p>\n<p>Initi\u00e9e en partenariat avec le Conseil de la r\u00e9gion de l\u2019Oriental, l\u2019Agence de l\u2019Oriental, l\u2019ONG belge Echos communication et l\u2019Universit\u00e9 Mohammed Premier (UMP-Oujda), cette session de formation, visant la cr\u00e9ation d\u2019un pool de comp\u00e9tences africaines francophones apte \u00e0 accompagner les collectivit\u00e9s territoriales, est la troisi\u00e8me apr\u00e8s celles organis\u00e9es en 2018 au Campus Universitaire de Transfert de Comp\u00e9tences et d\u2019expertises de l\u2019UMP Oujda.<\/p>\n<p>Dans une d\u00e9claration \u00e0 la MAP, le directeur du Programme coaching territorial au sein de CGLU Afrique, Gautier Brygo, a indiqu\u00e9 que cette session, \u00e0 laquelle participent des \u00e9lus, des cadres marocains et africains et des repr\u00e9sentants d\u2019institutions locales, se poursuivra jusqu\u2019au 26 juin courant.<\/p>\n<p>S\u2019en suivra des stages pratiques de trois mois que chaque participant doit effectuer dans son pays, avant de revenir \u00e0 Oujda, en novembre prochain, pour une seconde session de certification et d\u2019habilitation de six jours, a-t-il expliqu\u00e9.<\/p>\n<p>\u00ab\u00a0En vue d\u2019\u00e9largir le r\u00e9seau de coachs territoriaux, nous comptons \u00e9galement lancer des formations anglophones, et ce \u00e0 la demande de plusieurs pays anglophones d\u2019Afrique\u00a0\u00bb, a-t-il fait savoir.<\/p>\n<p>Pour sa part, la responsable du p\u00f4le formation aupr\u00e8s de CGLU\/ALGA, Lova Ramiljaona, a affirm\u00e9 que le coaching territorial constitue sans conteste un v\u00e9ritable levier contribuant \u00e0 la mise en \u0153uvre des agendas mondiaux, notamment les Objectifs de D\u00e9veloppement Durable (ODD).<\/p>\n<p><img class=\"wp-image-12757 aligncenter\" data-src=\"http:\/\/www.mapoujda.ma\/map\/uploads\/2019\/06\/Les-participants-au-formation-du-coach-territorial-M-750\u00d7430.jpg\" alt=\"\" width=\"523\" height=\"300\" srcset=\"http:\/\/www.mapoujda.ma\/map\/uploads\/2019\/06\/Les-participants-au-formation-du-coach-territorial-M-750\u00d7430.jpg 750w, http:\/\/www.mapoujda.ma\/map\/uploads\/2019\/06\/Les-participants-au-formation-du-coach-territorial-M-750\u00d7430-300x172.jpg 300w\" sizes=\"(max-width: 523px) 100vw, 523px\"\/><\/p>\n<p>En effet, le m\u00e9tier du coach territorial, a-t-elle ajout\u00e9, est un m\u00e9tier innovant qui est de nature \u00e0 acc\u00e9l\u00e9rer la gouvernance d\u00e9mocratique au sein de territoires.<\/p>\n<p>Pour Mme Ramiljaona, ce parcours de formation vise \u00e0 donner l\u2019opportunit\u00e9 aux participants d\u2019acqu\u00e9rir des comp\u00e9tences sur le m\u00e9tier, de s\u2019approprier les concepts, principes et m\u00e9thodes du coaching territorial, de multiplier et partager les exp\u00e9riences et d\u2019appuyer l\u2019ancrage d\u2019une gouvernance locale et inclusive.<\/p>\n<p>\u00ab\u00a0J\u2019ai pris connaissance de cette formation sur le coaching territorial \u00e0 travers le journal de la CGLU\/Afrique\u00a0\u00bb, a confi\u00e9 \u00e0 la MAP, Pacis Mughisha Lynca, responsable au sein du minist\u00e8re burundais de d\u00e9centralisation et de la r\u00e9forme institutionnelle.<\/p>\n<p>\u00ab\u00a0Cette formation devrait consid\u00e9rablement renforcer mes comp\u00e9tences et m\u2019aider dans mon travail au service des acteurs locaux dans mon pays\u00a0\u00bb, a-t-elle dit.<\/p>\n<p>Quant \u00e0 Sylvester Chegue, un cadre financier camerounais, il a relev\u00e9 que cette formation lui permettra d\u2019acqu\u00e9rir de nouvelles connaissances en mati\u00e8re de coaching territorial, et partant pouvoir accompagner efficacement les actions et les programmes des collectivit\u00e9s territoriales dans son pays.<\/p>\n<p>\u00ab\u00a0La d\u00e9centralisation en Afrique est un processus relativement r\u00e9cent, d\u2019o\u00f9 l\u2019importance de b\u00e9n\u00e9ficier de cette formation et de d\u00e9velopper nos connaissances et outils afin de contribuer \u00e0 promouvoir le d\u00e9veloppement local, tout en mettant en synergie les actions des acteurs locaux\u00a0\u00bb a-t-il ajout\u00e9.<\/p>\n<p>Dans le cadre de la coop\u00e9ration entre les deux r\u00e9gions de l\u2019Oriental et de Kaolack (S\u00e9n\u00e9gal), rappelle-t-on, il a \u00e9t\u00e9 proc\u00e9d\u00e9 \u00e0 l\u2019inauguration, en f\u00e9vrier 2018 au niveau de cette r\u00e9gion s\u00e9n\u00e9galaise, d\u2019un centre de formation au m\u00e9tier de coaching territorial.<\/p>\n<p>Inspir\u00e9 du Centre d\u2019excellence du coaching territorial d\u2019Oujda, ce centre de formation a vu le jour gr\u00e2ce au soutien du Conseil r\u00e9gional de l\u2019Oriental, des Cit\u00e9s et gouvernements locaux unis d\u2019Afrique (CGLU) et l\u2019appui de l\u2019ONG Echos communication.<\/p>\n<\/div>\n<p>Auteur: Soufiane ELAHMAR<br \/>\n<a href=\"http:\/\/www.mapoujda.ma\/fr\/coaching-territorial-la-3e-formation-internationale-lancee\/\">Cliquez ici pour lire l&rsquo;article depuis sa source.<\/a><\/p>\n","protected":false},"excerpt":{"rendered":"<p>La troisi\u00e8me session de formation internationale sur le m\u00e9tier de coach territorial a d\u00e9marr\u00e9, lundi \u00e0 Oujda, \u00e0 l\u2019initiative de l\u2019Acad\u00e9mie africaine des collectivit\u00e9s territoriales de cit\u00e9s et gouvernements locaux unis d\u2019Afrique (CGLU-Afrique\/ALGA). Cette session, qui a \u00e9t\u00e9 con\u00e7ue en int\u00e9grant les derni\u00e8res recherches en coaching, en accompagnement des collectivit\u00e9s territoriales, en ing\u00e9nierie territoriale, en [&hellip;]<\/p>\n","protected":false},"author":1788,"featured_media":41079,"comment_status":"closed","ping_status":"closed","sticky":false,"template":"","format":"standard","meta":{"fifu_image_url":"","fifu_image_alt":"","footnotes":""},"categories":[54,76],"tags":[],"class_list":["post-41078","post","type-post","status-publish","format-standard","has-post-thumbnail","hentry","category-maroc","category-regions"],"_links":{"self":[{"href":"https:\/\/linitiative.ca\/International\/wp-json\/wp\/v2\/posts\/41078","targetHints":{"allow":["GET"]}}],"collection":[{"href":"https:\/\/linitiative.ca\/International\/wp-json\/wp\/v2\/posts"}],"about":[{"href":"https:\/\/linitiative.ca\/International\/wp-json\/wp\/v2\/types\/post"}],"author":[{"embeddable":true,"href":"https:\/\/linitiative.ca\/International\/wp-json\/wp\/v2\/users\/1788"}],"replies":[{"embeddable":true,"href":"https:\/\/linitiative.ca\/International\/wp-json\/wp\/v2\/comments?post=41078"}],"version-history":[{"count":0,"href":"https:\/\/linitiative.ca\/International\/wp-json\/wp\/v2\/posts\/41078\/revisions"}],"wp:featuredmedia":[{"embeddable":true,"href":"https:\/\/linitiative.ca\/International\/wp-json\/"}],"wp:attachment":[{"href":"https:\/\/linitiative.ca\/International\/wp-json\/wp\/v2\/media?parent=41078"}],"wp:term":[{"taxonomy":"category","embeddable":true,"href":"https:\/\/linitiative.ca\/International\/wp-json\/wp\/v2\/categories?post=41078"},{"taxonomy":"post_tag","embeddable":true,"href":"https:\/\/linitiative.ca\/International\/wp-json\/wp\/v2\/tags?post=41078"}],"curies":[{"name":"wp","href":"https:\/\/api.w.org\/{rel}","templated":true}]}}