{"id":41080,"date":"2019-06-17T15:14:05","date_gmt":"2019-06-17T19:14:05","guid":{"rendered":"https:\/\/linitiative.ca\/International\/equipe-dalgerie-en-amical-algerie-3-mali-2-delort-je-ny-crois-pas-encore-cest-tellement-beau\/"},"modified":"2019-06-17T15:14:05","modified_gmt":"2019-06-17T19:14:05","slug":"equipe-dalgerie-en-amical-algerie-3-mali-2-delort-je-ny-crois-pas-encore-cest-tellement-beau","status":"publish","type":"post","link":"https:\/\/linitiative.ca\/International\/equipe-dalgerie-en-amical-algerie-3-mali-2-delort-je-ny-crois-pas-encore-cest-tellement-beau\/","title":{"rendered":"Equipe d&rsquo;Alg\u00e9rie : En Amical \/ Alg\u00e9rie 3 &#8211; Mali 2 : Delort : \u00abJe n\u2019y crois pas encore, c\u2019est tellement beau !\u00bb"},"content":{"rendered":"<div readability=\"32\">\n<p>Auteur : <span>Moumen Ait Kaci Ali<\/span> <span class=\"time\">lundi 17 juin 2019 12:31<\/span><\/p>\n<\/div>\n<div id=\"post_core\" readability=\"76\">\n<p><strong>Comment vous sentez-vous maintenant que vous vous \u00eates entrain\u00e9 avec vos camarades en s\u00e9lection ?<\/strong><br \/>Je me sens tr\u00e8s bien, motiv\u00e9 et concern\u00e9. Franchement, cette convocation en Equipe nationale \u00e9tait un r\u00eave et sinc\u00e8rement je n\u2019y crois pas encore, croyez-moi, c\u2019est tellement beau, c\u2019est une fiert\u00e9 personnelle et familiale.<\/p>\n<p><strong>Justement, avez-vous eu une pens\u00e9e pour votre maman qui doit \u00eatre fi\u00e8re de vous ?<\/strong><br \/>Bien s\u00fbr, apr\u00e8s, j\u2019ai une pens\u00e9e pour mes enfants, ma m\u00e8re, mon p\u00e8re, mes grands-parents, tous mes proches et notamment ceux qui m\u2019ont soutenu. C\u2019est une \u00e9norme fiert\u00e9 de pouvoir aider l\u2019Equipe nationale, et bien entendu bien repr\u00e9senter ma famille. C\u2019est une fiert\u00e9 commune, nous sommes heureux.<\/p>\n<p><strong>Parlez-nous de l\u2019accueil des joueurs alg\u00e9riens, \u00e7a vous a lib\u00e9r\u00e9 pour bien commencer ?<\/strong><br \/>L\u2019accueil qui m\u2019a \u00e9t\u00e9 r\u00e9serv\u00e9 par mes camarades m\u2019a beaucoup touch\u00e9. C\u2019est gr\u00e2ce \u00e0 eux que j\u2019ai pu vite m\u2019adapter au groupe. Ils m\u2019ont re\u00e7u comme un fr\u00e8re, et je tiens \u00e0 les remercier ainsi que l\u2019ensemble du staff. Franchement, cet accueil m\u2019a fait chaud au c\u0153ur.\u00a0<\/p>\n<p><strong>Vous avez sacrifi\u00e9 vos vacances et travaill\u00e9 comme un forcen\u00e9 pour \u00eatre l\u00e0, le public vous a d\u00e9j\u00e0 adopt\u00e9. Un mot \u00e0 ces supporteurs ?<\/strong><br \/>Vous savez, c\u2019est gr\u00e2ce \u00e0 eux que j\u2019ai pu avoir cette \u00e9nergie positive et continuer \u00e0 bosser. A travers leur soutien, on m\u2019a transmis la valeur et le respect des couleurs, on m\u2019a aussi pouss\u00e9 \u00e0 ne jamais rien l\u00e2cher jusqu\u2019\u00e0 cette convocation.\u00a0\u00a0<\/p>\n<p><strong>Un dernier mot ?<\/strong><br \/>Je tiens \u00e0 remercier l\u2019ensemble des supporters de l\u2019Equipe nationale pour leur accueil et leur soutien. Je ferai tout pour honorer et mouiller le maillot \u00e0 la CAN. Nous sommes d\u00e9termin\u00e9s \u00e0 tout faire pour rendre heureux le peuple alg\u00e9rien. Notre public est fabuleux j\u2019ai h\u00e2te de lui procurer encore de la joie. Merci \u00e0 tous et Tahia El Djazair !\u00a0<\/p>\n<p><strong>Publi\u00e9 dans :<\/strong> <span>Delort.<\/span><\/p>\n<\/div>\n<p>Auteur:<br \/>\n<a href=\"http:\/\/www.lebuteur.com\/article\/detail?titre=en-amical-algerie-3-mali-2-delort-je-ny-crois-pas-encore-cest-tellement-beau&#038;id=89648&#038;utm_source=feedburner&#038;utm_medium=feed&#038;utm_campaign=Feed%3A+GalerieFArtciles+%28Les+derniers+articles++-+lebuteur.com%29\">Cliquez ici pour lire l&rsquo;article depuis sa source.<\/a><\/p>\n","protected":false},"excerpt":{"rendered":"<p>Auteur : Moumen Ait Kaci Ali lundi 17 juin 2019 12:31 Comment vous sentez-vous maintenant que vous vous \u00eates entrain\u00e9 avec vos camarades en s\u00e9lection ?Je me sens tr\u00e8s bien, motiv\u00e9 et concern\u00e9. Franchement, cette convocation en Equipe nationale \u00e9tait un r\u00eave et sinc\u00e8rement je n\u2019y crois pas encore, croyez-moi, c\u2019est tellement beau, c\u2019est une [&hellip;]<\/p>\n","protected":false},"author":1738,"featured_media":41081,"comment_status":"closed","ping_status":"closed","sticky":false,"template":"","format":"standard","meta":{"fifu_image_url":"","fifu_image_alt":"","footnotes":""},"categories":[53,75],"tags":[],"class_list":["post-41080","post","type-post","status-publish","format-standard","has-post-thumbnail","hentry","category-algerie","category-sport"],"_links":{"self":[{"href":"https:\/\/linitiative.ca\/International\/wp-json\/wp\/v2\/posts\/41080","targetHints":{"allow":["GET"]}}],"collection":[{"href":"https:\/\/linitiative.ca\/International\/wp-json\/wp\/v2\/posts"}],"about":[{"href":"https:\/\/linitiative.ca\/International\/wp-json\/wp\/v2\/types\/post"}],"author":[{"embeddable":true,"href":"https:\/\/linitiative.ca\/International\/wp-json\/wp\/v2\/users\/1738"}],"replies":[{"embeddable":true,"href":"https:\/\/linitiative.ca\/International\/wp-json\/wp\/v2\/comments?post=41080"}],"version-history":[{"count":0,"href":"https:\/\/linitiative.ca\/International\/wp-json\/wp\/v2\/posts\/41080\/revisions"}],"wp:featuredmedia":[{"embeddable":true,"href":"https:\/\/linitiative.ca\/International\/wp-json\/"}],"wp:attachment":[{"href":"https:\/\/linitiative.ca\/International\/wp-json\/wp\/v2\/media?parent=41080"}],"wp:term":[{"taxonomy":"category","embeddable":true,"href":"https:\/\/linitiative.ca\/International\/wp-json\/wp\/v2\/categories?post=41080"},{"taxonomy":"post_tag","embeddable":true,"href":"https:\/\/linitiative.ca\/International\/wp-json\/wp\/v2\/tags?post=41080"}],"curies":[{"name":"wp","href":"https:\/\/api.w.org\/{rel}","templated":true}]}}