{"id":41084,"date":"2019-06-17T15:14:08","date_gmt":"2019-06-17T19:14:08","guid":{"rendered":"https:\/\/linitiative.ca\/International\/equipe-dalgerie-bernaoui-ministre-de-la-jeunesse-et-des-sports-belkebla-a-demande-pardon-aux-algeriens-jespere-quil-a-bien-retenu-la-lecon\/"},"modified":"2019-06-17T15:14:08","modified_gmt":"2019-06-17T19:14:08","slug":"equipe-dalgerie-bernaoui-ministre-de-la-jeunesse-et-des-sports-belkebla-a-demande-pardon-aux-algeriens-jespere-quil-a-bien-retenu-la-lecon","status":"publish","type":"post","link":"https:\/\/linitiative.ca\/International\/equipe-dalgerie-bernaoui-ministre-de-la-jeunesse-et-des-sports-belkebla-a-demande-pardon-aux-algeriens-jespere-quil-a-bien-retenu-la-lecon\/","title":{"rendered":"Equipe d&rsquo;Alg\u00e9rie : Bernaoui (ministre de la Jeunesse et des Sports) :\u00abBelkebla a demand\u00e9 pardon aux Alg\u00e9riens, j\u2019esp\u00e8re qu\u2019il a bien retenu la le\u00e7on\u00bb"},"content":{"rendered":"<div readability=\"32\">\n<p>Auteur : <span>R. O.<\/span> <span class=\"time\">lundi 17 juin 2019 12:31<\/span><\/p>\n<\/div>\n<div id=\"post_core\" readability=\"52\">\n<p>Le ministre de la Jeunesse et des Sports, Raouf Salim Bernaoui, s\u2019est montr\u00e9 optimiste quant aux chances des Verts de relever le d\u00e9fi en Egypte et de r\u00e9aliser une bonne CAN : \u00abJe demande \u00e0 tous les Alg\u00e9riens de s\u2019unir comme un seul homme derri\u00e8re notre EN. Il faudra soutenir et encourager les Verts. On ne peut qu\u2019\u00eatre optimistes et encourager notre s\u00e9lection nationale. Personnellement, je suis tr\u00e8s optimiste de voir notre s\u00e9lection r\u00e9aliser de bons r\u00e9sultats \u00e0 la CAN, et cela par rapport \u00e0 la qualit\u00e9 technique des joueurs ou m\u00eame \u00e0 l\u2019aspect organisationnel. J\u2019esp\u00e8re que notre s\u00e9lection nationale ira le plus loin possible lors de cette CAN, une comp\u00e9tition tr\u00e8s difficile. Il faut dire que le football africain a beaucoup progress\u00e9. Mais j\u2019estime que nous avons une Equipe nationale capable de dire son mot en Coupe d\u2019Afrique des nations.\u00bb<\/p>\n<p><strong>\u00abTr\u00e8s optimiste de voir l\u2019EN r\u00e9aliser une bonne CAN\u00bb<\/strong><br \/>Dans un autre registre, le ministre de la Jeunesse et des Sports, Raouf Salim Bernaoui a \u00e9voqu\u00e9 l\u2019affaire Belkebla : \u00abAujourd\u2019hui, le monde est devenu un petit village. Notamment en raison des r\u00e9seaux sociaux qui lient le monde entier. Il ne s\u2019agit pas d\u2019un incident isol\u00e9, puisque cela s\u2019est d\u00e9j\u00e0 produit par le pass\u00e9 dans d\u2019autres pays. La sp\u00e9cificit\u00e9 r\u00e9side dans le fait que notre soci\u00e9t\u00e9 est tr\u00e8s conservatrice. En tant qu\u2019Alg\u00e9riens, il nous est tr\u00e8s difficile d\u2019accepter ou de comprendre ce genre de comportement. Le s\u00e9lectionneur a \u00e9t\u00e9 tr\u00e8s strict puisqu\u2019il doit prot\u00e9ger son \u00e9quipe. Le joueur a demand\u00e9 pardon aux Alg\u00e9riens et on peut qualifier cet incident comme une erreur de jeunesse. J\u2019esp\u00e8re qu\u2019il va retenir la le\u00e7on. Cela peut servir de le\u00e7on aux autres joueurs de la s\u00e9lection qui doivent prot\u00e9ger leur image.\u00bb<\/p>\n<p><strong>Publi\u00e9 dans :<\/strong> <span>Egypte<\/span> <span>Belkebla<\/span> <span>Bernaoui<\/span><\/p>\n<\/div>\n<p>Auteur:<br \/>\n<a href=\"http:\/\/www.lebuteur.com\/article\/detail?titre=bernaoui-ministre-de-la-jeunesse-et-des-sports-belkebla-a-demande-pardon-aux-algeriens-jespere-quil-a-bien-retenu-la-lecon&#038;id=89646&#038;utm_source=feedburner&#038;utm_medium=feed&#038;utm_campaign=Feed%3A+GalerieFArtciles+%28Les+derniers+articles++-+lebuteur.com%29\">Cliquez ici pour lire l&rsquo;article depuis sa source.<\/a><\/p>\n","protected":false},"excerpt":{"rendered":"<p>Auteur : R. O. lundi 17 juin 2019 12:31 Le ministre de la Jeunesse et des Sports, Raouf Salim Bernaoui, s\u2019est montr\u00e9 optimiste quant aux chances des Verts de relever le d\u00e9fi en Egypte et de r\u00e9aliser une bonne CAN : \u00abJe demande \u00e0 tous les Alg\u00e9riens de s\u2019unir comme un seul homme derri\u00e8re notre [&hellip;]<\/p>\n","protected":false},"author":1738,"featured_media":41085,"comment_status":"closed","ping_status":"closed","sticky":false,"template":"","format":"standard","meta":{"fifu_image_url":"","fifu_image_alt":"","footnotes":""},"categories":[53,75],"tags":[],"class_list":["post-41084","post","type-post","status-publish","format-standard","has-post-thumbnail","hentry","category-algerie","category-sport"],"_links":{"self":[{"href":"https:\/\/linitiative.ca\/International\/wp-json\/wp\/v2\/posts\/41084","targetHints":{"allow":["GET"]}}],"collection":[{"href":"https:\/\/linitiative.ca\/International\/wp-json\/wp\/v2\/posts"}],"about":[{"href":"https:\/\/linitiative.ca\/International\/wp-json\/wp\/v2\/types\/post"}],"author":[{"embeddable":true,"href":"https:\/\/linitiative.ca\/International\/wp-json\/wp\/v2\/users\/1738"}],"replies":[{"embeddable":true,"href":"https:\/\/linitiative.ca\/International\/wp-json\/wp\/v2\/comments?post=41084"}],"version-history":[{"count":0,"href":"https:\/\/linitiative.ca\/International\/wp-json\/wp\/v2\/posts\/41084\/revisions"}],"wp:featuredmedia":[{"embeddable":true,"href":"https:\/\/linitiative.ca\/International\/wp-json\/"}],"wp:attachment":[{"href":"https:\/\/linitiative.ca\/International\/wp-json\/wp\/v2\/media?parent=41084"}],"wp:term":[{"taxonomy":"category","embeddable":true,"href":"https:\/\/linitiative.ca\/International\/wp-json\/wp\/v2\/categories?post=41084"},{"taxonomy":"post_tag","embeddable":true,"href":"https:\/\/linitiative.ca\/International\/wp-json\/wp\/v2\/tags?post=41084"}],"curies":[{"name":"wp","href":"https:\/\/api.w.org\/{rel}","templated":true}]}}