{"id":41086,"date":"2019-06-17T15:14:10","date_gmt":"2019-06-17T19:14:10","guid":{"rendered":"https:\/\/linitiative.ca\/International\/equipe-dalgerie-zeffane-la-can-cest-difficile-mais-lobjectif-sera-daller-le-plus-loin-possible\/"},"modified":"2019-06-17T15:14:10","modified_gmt":"2019-06-17T19:14:10","slug":"equipe-dalgerie-zeffane-la-can-cest-difficile-mais-lobjectif-sera-daller-le-plus-loin-possible","status":"publish","type":"post","link":"https:\/\/linitiative.ca\/International\/equipe-dalgerie-zeffane-la-can-cest-difficile-mais-lobjectif-sera-daller-le-plus-loin-possible\/","title":{"rendered":"Equipe d&rsquo;Alg\u00e9rie : Zeffane : \u00abLa CAN, c\u2019est difficile, mais l\u2019objectif sera d\u2019aller le plus loin possible\u00bb"},"content":{"rendered":"<div readability=\"32\">\n<p>Auteur : <span>Sa\u00efd F.<\/span> <span class=\"time\">lundi 17 juin 2019 12:31<\/span><\/p>\n<\/div>\n<div id=\"post_core\" readability=\"111\">\n<p>Le lat\u00e9ral droit alg\u00e9rien du Stade Rennais, en l\u2019occurrence Mehdi Zeffane, a accord\u00e9 une interview au site footmercato o\u00f9 il a \u00e9voqu\u00e9 la participation \u00e0 venir de la s\u00e9lection alg\u00e9rienne \u00e0 la CAN et ses chances d\u2019aller au bout dans ce tournoi continental. Si le coach national Djamel Belmadi indique que l\u2019objectif sera d\u2019aller remporter le troph\u00e9e, l\u2019ancien Lyonnais pr\u00e9f\u00e8re quant \u00e0 lui rester prudent en assurant que l\u2019\u00e9quipe va prendre les matchs les uns apr\u00e8s les autres. \u00ab L\u2019objectif est \u00e9videmment d\u2019aller le plus loin possible en prenant les matches les uns apr\u00e8s les autres. En Afrique, le football est assez diff\u00e9rent et tr\u00e8s difficile. Il faut qu\u2019on y soit dans les t\u00eates. Dans les tournois de ce niveau-l\u00e0, on sait tr\u00e8s bien que le premier match est important. Donc on va d\u00e9j\u00e0 essayer de bien aborder cette rencontre face au Kenya. \u00bb<\/p>\n<p><strong>\u00abNos corps s\u2019habituent \u00e0 la chaleur\u00bb<\/strong><br \/>Apr\u00e8s un stage effectu\u00e9 au centre technique national de Sidi Moussa, les Verts se sont envol\u00e9s il y a 10 jours de cela \u00e0 Doha, capitale du Qatar, pour y effectuer un second stage de pr\u00e9paration qui leur permettra surtout de s\u2019acclimater \u00e0 la chaleur qui s\u00e9vit en \u00c9gypte. \u00ab Pour le moment, tout se passe bien. On a bien d\u00e9but\u00e9 le stage en Alg\u00e9rie et on le poursuit actuellement au Qatar. On a eu un match amical afin de prendre nos marques sous la chaleur puisque ce sera le m\u00eame climat en \u00c9gypte. Nos corps commencent \u00e0 s\u2019y habituer \u00bb, a d\u00e9clar\u00e9 Zeffane.<\/p>\n<p><strong>\u00abLa pression est l\u00e0, on la ressent\u00bb<\/strong><br \/>L\u2019ex-pensionnaire de l\u2019Olympique Lyonnais admet que la pression est bien l\u00e0 \u00e0 quelques jours de l\u2019entr\u00e9e en mati\u00e8re de l\u2019EN dans cette CAN, mais souligne que celle-ci n\u2019est pas forc\u00e9ment un handicap. \u00ab La pression est toujours l\u00e0. C\u2019est une Coupe d\u2019Afrique des nations. C\u2019est quelque chose d\u2019assez excitant \u00e0 jouer et c\u2019est tr\u00e8s important pour tous les joueurs, mais aussi pour notre peuple. On va y aller pour essayer de faire quelque chose de beau. On pr\u00e9pare s\u00e9rieusement notre premier match face au Kenya. \u00bb<\/p>\n<p><strong>\u00abJ\u2019aimerais avoir un r\u00f4le important au sein de la s\u00e9lection\u00bb<\/strong><br \/>\u00c0 la question : quel r\u00f4le pensez-vous avoir en s\u00e9lection ? Zeffane a r\u00e9pondu : \u00ab J\u2019arrive \u00e0 un \u00e2ge o\u00f9 j\u2019aimerais avoir un r\u00f4le important au sein de la s\u00e9lection. Apr\u00e8s, on a tous plus ou moins le m\u00eame r\u00f4le en Equipe nationale. On est tous ensemble comme des fr\u00e8res pour repr\u00e9senter notre pays et aller faire quelque chose de beau en \u00c9gypte. On est tous conscients de \u00e7a et on a tous notre r\u00f4le \u00e0 jouer. En tout cas, le r\u00f4le le plus important que je pourrais jouer est que, si on fait appel \u00e0 moi, je ferais en sorte de r\u00e9pondre pr\u00e9sent en faisant de bonnes prestations \u00bb.<\/p>\n<p><strong>\u00abLa CAN me permettra de me montrer individuellement\u00bb<\/strong><br \/>Comme il l\u2019a d\u00e9j\u00e0 d\u00e9clar\u00e9, Mehdi Zeffane a d\u00e9cid\u00e9 de quitter le Stade Rennais, lui dont le contrat expire \u00e0 la fin de ce mois-ci. Il assure que la CAN peut l\u2019aider \u00e0 se montrer sur le plan individuel. \u00ab Oui, bien s\u00fbr, c\u2019est une comp\u00e9tition qui peut me permettre de me montrer individuellement. J\u2019esp\u00e8re pouvoir le faire du mieux possible. Je suis en fin de contrat \u00e0 Rennes. J\u2019ai pass\u00e9 quatre ann\u00e9es l\u00e0-bas, avec des hauts et des bas. Mais je pense que \u00e7a m\u2019a beaucoup aid\u00e9 au niveau de la maturit\u00e9. J\u2019ai eu des discussions avec le club pour \u00e9ventuellement prolonger mon bail. Mais comme je l\u2019ai dit il y a quelques semaines, j\u2019ai envie de d\u00e9couvrir l\u2019\u00e9tranger&#8230; par curiosit\u00e9 d\u00e9j\u00e0. Ce m\u00e9tier nous offre la possibilit\u00e9 de d\u00e9couvrir d\u2019autres cultures, une autre langue, un autre football, une autre atmosph\u00e8re. Je pense avoir fait le tour \u00e0 Rennes. C\u2019est le moment de m\u2019en aller. De plus, sortir par la grande porte apr\u00e8s une saison historique et y avoir grandement contribu\u00e9 que ce soit en coupe d\u2019Europe (Ligue Europa) ou en Coupe de France en gagnant un titre apr\u00e8s quarante-huit ans, \u00e7a permet de finir sur une bonne note. \u00bb<\/p>\n<p><strong>\u00abMa belle saison m\u2019a permis d\u2019\u00eatre retenu pour la CAN\u00bb<\/strong><br \/>Zeffane s\u2019est dit heureux de la saison qu\u2019il a accomplie avec Rennes m\u00eame s\u2019il n\u2019a pas vraiment eu \u00e9norm\u00e9ment de temps de jeu. \u00ab Je suis content de ma saison. Elle a \u00e9t\u00e9 dans la continuit\u00e9 de la fin de saison pr\u00e9c\u00e9dente. J\u2019avais besoin de confirmer et je pense que c\u2019est chose faite avec l\u2019\u00e9pop\u00e9e en Ligue Europa et la victoire en Coupe de France. J\u2019ai pu participer \u00e0 toutes les comp\u00e9titions et jouer un nombre int\u00e9ressant de matches. J\u2019avais vraiment besoin de confirmer cette ann\u00e9e et je pense que c\u2019est chose faite. J\u2019en suis heureux. C\u2019est ce qui me permet aussi d\u2019\u00eatre s\u00e9lectionn\u00e9 pour participer \u00e0 la CAN aujourd\u2019hui. \u00bb<\/p>\n<p><strong>\u00abJe remercie Rennes de m\u2019avoir fait gal\u00e9rer\u00bb<\/strong><br \/>Sur le bilan qu\u2019il tire des quatre saisons pass\u00e9es \u00e0 Rennes, le joueur dira : \u00ab J\u2019ai v\u00e9cu des moments tr\u00e8s durs mais aussi de bons moments lors de mon passage \u00e0 Rennes. Il faut toujours garder le positif. Mais quand on est dans le dur et quand \u00e7a ne va pas, il faut prendre un peu de recul, \u00eatre fort mentalement. J\u2019\u00e9tais dans une situation compliqu\u00e9e. J\u2019en suis ressorti plus fort et grandi. C\u2019est un peu paradoxal ce que je vais dire, mais je remercie le club de m\u2019avoir fait gal\u00e9rer car \u00e7a m\u2019a fait prendre conscience de beaucoup de choses, notamment sur comment pouvait fonctionner le football. Je vois les choses autrement. Aujourd\u2019hui, je suis beaucoup plus fort mentalement \u00bb.<\/p>\n<p><strong>\u00abJe suis en n\u00e9gociations tr\u00e8s avanc\u00e9es avec certains clubs\u00bb<\/strong><br \/>Et de conclure concernant son avenir professionnel : \u00ab Je suis une personne qui est assez ouverte d\u2019esprit. Je ne me ferme aucune porte. Il y a des discussions avanc\u00e9es, tr\u00e8s avanc\u00e9es m\u00eame, avec certains clubs europ\u00e9ens ou autres. Je vais prendre le temps de me poser et de bien r\u00e9fl\u00e9chir pour choisir la bonne destination. Ma priorit\u00e9 est de jouer \u00e0 l\u2019\u00e9tranger. Il y a des championnats que j\u2019appr\u00e9cie beaucoup comme l\u2019Espagne, l\u2019Angleterre, l\u2019Allemagne et l\u2019Italie. Ce sont de beaux championnats. Je ne ferme toutefois pas la porte \u00e0 d\u2019autres championnats. La CAN approche, pourquoi pas avoir une id\u00e9e pr\u00e9cise avant le d\u00e9but de la comp\u00e9tition ? Ce serait bien. J\u2019aimerais avoir l\u2019esprit tranquille avant de commencer le tournoi car il faudra \u00eatre \u00e0 100%. On verra. Il faut prendre le temps et ne pas se pr\u00e9cipiter \u00bb.<\/p>\n<p><strong>Publi\u00e9 dans :<\/strong> <span>Belmadi<\/span> <span>can<\/span> <span>zeffane<\/span><\/p>\n<\/div>\n<p>Auteur:<br \/>\n<a href=\"http:\/\/www.lebuteur.com\/article\/detail?titre=zeffane-la-can-cest-difficile-mais-lobjectif-sera-daller-le-plus-loin-possible&#038;id=89644&#038;utm_source=feedburner&#038;utm_medium=feed&#038;utm_campaign=Feed%3A+GalerieFArtciles+%28Les+derniers+articles++-+lebuteur.com%29\">Cliquez ici pour lire l&rsquo;article depuis sa source.<\/a><\/p>\n","protected":false},"excerpt":{"rendered":"<p>Auteur : Sa\u00efd F. lundi 17 juin 2019 12:31 Le lat\u00e9ral droit alg\u00e9rien du Stade Rennais, en l\u2019occurrence Mehdi Zeffane, a accord\u00e9 une interview au site footmercato o\u00f9 il a \u00e9voqu\u00e9 la participation \u00e0 venir de la s\u00e9lection alg\u00e9rienne \u00e0 la CAN et ses chances d\u2019aller au bout dans ce tournoi continental. Si le coach [&hellip;]<\/p>\n","protected":false},"author":1738,"featured_media":41087,"comment_status":"closed","ping_status":"closed","sticky":false,"template":"","format":"standard","meta":{"fifu_image_url":"","fifu_image_alt":"","footnotes":""},"categories":[53,75],"tags":[],"class_list":["post-41086","post","type-post","status-publish","format-standard","has-post-thumbnail","hentry","category-algerie","category-sport"],"_links":{"self":[{"href":"https:\/\/linitiative.ca\/International\/wp-json\/wp\/v2\/posts\/41086","targetHints":{"allow":["GET"]}}],"collection":[{"href":"https:\/\/linitiative.ca\/International\/wp-json\/wp\/v2\/posts"}],"about":[{"href":"https:\/\/linitiative.ca\/International\/wp-json\/wp\/v2\/types\/post"}],"author":[{"embeddable":true,"href":"https:\/\/linitiative.ca\/International\/wp-json\/wp\/v2\/users\/1738"}],"replies":[{"embeddable":true,"href":"https:\/\/linitiative.ca\/International\/wp-json\/wp\/v2\/comments?post=41086"}],"version-history":[{"count":0,"href":"https:\/\/linitiative.ca\/International\/wp-json\/wp\/v2\/posts\/41086\/revisions"}],"wp:featuredmedia":[{"embeddable":true,"href":"https:\/\/linitiative.ca\/International\/wp-json\/"}],"wp:attachment":[{"href":"https:\/\/linitiative.ca\/International\/wp-json\/wp\/v2\/media?parent=41086"}],"wp:term":[{"taxonomy":"category","embeddable":true,"href":"https:\/\/linitiative.ca\/International\/wp-json\/wp\/v2\/categories?post=41086"},{"taxonomy":"post_tag","embeddable":true,"href":"https:\/\/linitiative.ca\/International\/wp-json\/wp\/v2\/tags?post=41086"}],"curies":[{"name":"wp","href":"https:\/\/api.w.org\/{rel}","templated":true}]}}