{"id":41100,"date":"2019-06-16T19:00:00","date_gmt":"2019-06-16T23:00:00","guid":{"rendered":"https:\/\/linitiative.ca\/International\/amical-louganda-bat-la-cote-divoire-1-a-0\/"},"modified":"2019-06-16T19:00:00","modified_gmt":"2019-06-16T23:00:00","slug":"amical-louganda-bat-la-cote-divoire-1-a-0","status":"publish","type":"post","link":"https:\/\/linitiative.ca\/International\/amical-louganda-bat-la-cote-divoire-1-a-0\/","title":{"rendered":"Amical : L\u2019Ouganda bat la C\u00f4te d\u2019Ivoire (1 \u00e0 0)"},"content":{"rendered":"<p>L&rsquo;Ouganda a battu la C\u00f4te d&rsquo;Ivoire lors d&rsquo;un match de pr\u00e9paration \u00e0 la Coupe d&rsquo;Afrique des nations, disput\u00e9 samedi dernier \u00e0 Abu Dhabi (Emirats Arabes Unis).\u00a0 L&rsquo;Ouganda, solide et bien organis\u00e9, a marqu\u00e9 le but victorieux \u00e0 la 34\u2019 sur penalty par Farouk Miya, apr\u00e8s une faute du d\u00e9fenseur et capitaine ivoirien, Serge Aurier, sur un attaquant adverse.<br \/>La CAN-2019 d\u00e9bute vendredi prochain en Egypte.<\/p>\n<p>Auteur: elmoudjahid<br \/>\n<a href=\"http:\/\/www.elmoudjahid.com\/fr\/actualites\/138184\">Cliquez ici pour lire l&rsquo;article depuis sa source.<\/a><\/p>\n","protected":false},"excerpt":{"rendered":"<p>L&rsquo;Ouganda a battu la C\u00f4te d&rsquo;Ivoire lors d&rsquo;un match de pr\u00e9paration \u00e0 la Coupe d&rsquo;Afrique des nations, disput\u00e9 samedi dernier \u00e0 Abu Dhabi (Emirats Arabes Unis).\u00a0 L&rsquo;Ouganda, solide et bien organis\u00e9, a marqu\u00e9 le but victorieux \u00e0 la 34\u2019 sur penalty par Farouk Miya, apr\u00e8s une faute du d\u00e9fenseur et capitaine ivoirien, Serge Aurier, sur [&hellip;]<\/p>\n","protected":false},"author":1744,"featured_media":0,"comment_status":"closed","ping_status":"closed","sticky":false,"template":"","format":"standard","meta":{"fifu_image_url":"","fifu_image_alt":"","footnotes":""},"categories":[73,53],"tags":[],"class_list":["post-41100","post","type-post","status-publish","format-standard","hentry","category-actualite","category-algerie"],"_links":{"self":[{"href":"https:\/\/linitiative.ca\/International\/wp-json\/wp\/v2\/posts\/41100","targetHints":{"allow":["GET"]}}],"collection":[{"href":"https:\/\/linitiative.ca\/International\/wp-json\/wp\/v2\/posts"}],"about":[{"href":"https:\/\/linitiative.ca\/International\/wp-json\/wp\/v2\/types\/post"}],"author":[{"embeddable":true,"href":"https:\/\/linitiative.ca\/International\/wp-json\/wp\/v2\/users\/1744"}],"replies":[{"embeddable":true,"href":"https:\/\/linitiative.ca\/International\/wp-json\/wp\/v2\/comments?post=41100"}],"version-history":[{"count":0,"href":"https:\/\/linitiative.ca\/International\/wp-json\/wp\/v2\/posts\/41100\/revisions"}],"wp:attachment":[{"href":"https:\/\/linitiative.ca\/International\/wp-json\/wp\/v2\/media?parent=41100"}],"wp:term":[{"taxonomy":"category","embeddable":true,"href":"https:\/\/linitiative.ca\/International\/wp-json\/wp\/v2\/categories?post=41100"},{"taxonomy":"post_tag","embeddable":true,"href":"https:\/\/linitiative.ca\/International\/wp-json\/wp\/v2\/tags?post=41100"}],"curies":[{"name":"wp","href":"https:\/\/api.w.org\/{rel}","templated":true}]}}