{"id":41103,"date":"2019-06-16T19:00:00","date_gmt":"2019-06-16T23:00:00","guid":{"rendered":"https:\/\/linitiative.ca\/International\/m-gaid-salah-aujourdhui-en-visite-de-travail-et-dinspection-a-la-3e-region-militaire\/"},"modified":"2019-06-16T19:00:00","modified_gmt":"2019-06-16T23:00:00","slug":"m-gaid-salah-aujourdhui-en-visite-de-travail-et-dinspection-a-la-3e-region-militaire","status":"publish","type":"post","link":"https:\/\/linitiative.ca\/International\/m-gaid-salah-aujourdhui-en-visite-de-travail-et-dinspection-a-la-3e-region-militaire\/","title":{"rendered":"M. Ga\u00efd Salah aujourd\u2019hui en visite de travail et d\u2019inspection \u00e0 la 3e R\u00e9gion militaire"},"content":{"rendered":"<p>Le g\u00e9n\u00e9ral de corps d&rsquo;Arm\u00e9e, Ahmed Ga\u00efd Salah,\u00a0\u00a0 vice-ministre de la D\u00e9fense nationale, chef d&rsquo;\u00c9tat-major de l&rsquo;Arm\u00e9e nationale populaire (ANP), effectuera, \u00e0 partir d\u2019aujourd\u2019hui, une visite de\u00a0\u00a0 travail et d&rsquo;inspection \u00e0 la 3e R\u00e9gion militaire \u00e0 B\u00e9char, indique un communiqu\u00e9 du minist\u00e8re de la D\u00e9fense nationale.<br \/>Lors de cette visite, il \u00absupervisera un exercice\u00a0\u00a0 tactique avec munitions r\u00e9elles, qui s&rsquo;inscrit dans le cadre de la cl\u00f4ture de l&rsquo;ann\u00e9e de pr\u00e9paration au combat 2018-2019, et tiendra des r\u00e9unions d&rsquo;orientation avec les cadres et les personnels de la 3e R\u00e9gion\u00a0\u00a0 militaire\u00bb, pr\u00e9cise le communiqu\u00e9.<br \/>\u00a0<\/p>\n<p>Auteur: elmoudjahid<br \/>\n<a href=\"http:\/\/www.elmoudjahid.com\/fr\/actualites\/138187\">Cliquez ici pour lire l&rsquo;article depuis sa source.<\/a><\/p>\n","protected":false},"excerpt":{"rendered":"<p>Le g\u00e9n\u00e9ral de corps d&rsquo;Arm\u00e9e, Ahmed Ga\u00efd Salah,\u00a0\u00a0 vice-ministre de la D\u00e9fense nationale, chef d&rsquo;\u00c9tat-major de l&rsquo;Arm\u00e9e nationale populaire (ANP), effectuera, \u00e0 partir d\u2019aujourd\u2019hui, une visite de\u00a0\u00a0 travail et d&rsquo;inspection \u00e0 la 3e R\u00e9gion militaire \u00e0 B\u00e9char, indique un communiqu\u00e9 du minist\u00e8re de la D\u00e9fense nationale.Lors de cette visite, il \u00absupervisera un exercice\u00a0\u00a0 tactique avec [&hellip;]<\/p>\n","protected":false},"author":1744,"featured_media":0,"comment_status":"closed","ping_status":"closed","sticky":false,"template":"","format":"standard","meta":{"fifu_image_url":"","fifu_image_alt":"","footnotes":""},"categories":[73,53],"tags":[],"class_list":["post-41103","post","type-post","status-publish","format-standard","hentry","category-actualite","category-algerie"],"_links":{"self":[{"href":"https:\/\/linitiative.ca\/International\/wp-json\/wp\/v2\/posts\/41103","targetHints":{"allow":["GET"]}}],"collection":[{"href":"https:\/\/linitiative.ca\/International\/wp-json\/wp\/v2\/posts"}],"about":[{"href":"https:\/\/linitiative.ca\/International\/wp-json\/wp\/v2\/types\/post"}],"author":[{"embeddable":true,"href":"https:\/\/linitiative.ca\/International\/wp-json\/wp\/v2\/users\/1744"}],"replies":[{"embeddable":true,"href":"https:\/\/linitiative.ca\/International\/wp-json\/wp\/v2\/comments?post=41103"}],"version-history":[{"count":0,"href":"https:\/\/linitiative.ca\/International\/wp-json\/wp\/v2\/posts\/41103\/revisions"}],"wp:attachment":[{"href":"https:\/\/linitiative.ca\/International\/wp-json\/wp\/v2\/media?parent=41103"}],"wp:term":[{"taxonomy":"category","embeddable":true,"href":"https:\/\/linitiative.ca\/International\/wp-json\/wp\/v2\/categories?post=41103"},{"taxonomy":"post_tag","embeddable":true,"href":"https:\/\/linitiative.ca\/International\/wp-json\/wp\/v2\/tags?post=41103"}],"curies":[{"name":"wp","href":"https:\/\/api.w.org\/{rel}","templated":true}]}}