{"id":41105,"date":"2019-06-16T19:00:00","date_gmt":"2019-06-16T23:00:00","guid":{"rendered":"https:\/\/linitiative.ca\/International\/m-boukadoum-en-visite-officielle-au-mali-raffermir-la-concertation-politique\/"},"modified":"2019-06-16T19:00:00","modified_gmt":"2019-06-16T23:00:00","slug":"m-boukadoum-en-visite-officielle-au-mali-raffermir-la-concertation-politique","status":"publish","type":"post","link":"https:\/\/linitiative.ca\/International\/m-boukadoum-en-visite-officielle-au-mali-raffermir-la-concertation-politique\/","title":{"rendered":"M. Boukadoum en visite officielle au Mali : Raffermir la concertation politique"},"content":{"rendered":"<p>Le ministre des Affaires \u00e9trang\u00e8res, Sabri Boukadoum, effectue, depuis hier, une visite officielle de trois jours au Mali, \u00e0 l&rsquo;invitation du ministre des Affaires \u00e9trang\u00e8res et de la Coop\u00e9ration internationale, Ti\u00e9bil\u00e9 Dram\u00e9.\u00a0<br \/>Cette visite qui \u00ab\u00a0s\u2019inscrit dans le cadre du renforcement des relations\u00a0\u00a0 d\u2019amiti\u00e9, de coop\u00e9ration et de bon voisinage qui unissent l\u2019Alg\u00e9rie et la\u00a0\u00a0 R\u00e9publique du Mali, permettra aux deux ministres de proc\u00e9der \u00e0 une\u00a0\u00a0 \u00e9valuation exhaustive de l\u2019\u00e9tat de la coop\u00e9ration bilat\u00e9rale et de l\u2019examen\u00a0\u00a0 des voies et moyens de nature \u00e0 la densifier davantage\u00a0\u00bb.\u00a0<br \/>Elle offrira, en outre, l\u2019occasion de \u00ab\u00a0raffermir la concertation politique\u00a0\u00a0 \u00e0 travers un \u00e9change de vues sur la situation qui pr\u00e9vaut dans la r\u00e9gion du\u00a0\u00a0 Sahel et sur les questions r\u00e9gionales et internationales d\u2019int\u00e9r\u00eat commun\u00a0\u00bb.\u00a0 Au cours de son s\u00e9jour \u00e0 Bamako, il copr\u00e9sidera avec son homologue malien les travaux de la 14e session du\u00a0\u00a0 Comit\u00e9 Bilat\u00e9ral Strat\u00e9gique alg\u00e9ro-malien.\u00a0 M. Boukadoum pr\u00e9sidera, \u00e9galement, la r\u00e9union de haut niveau des parties\u00a0\u00a0 prenantes du processus de paix au Mali, qui sera pr\u00e9c\u00e9d\u00e9e de la r\u00e9union des\u00a0\u00a0 membres de la m\u00e9diation internationale, conclut le MAE.<\/p>\n<p>Auteur: elmoudjahid<br \/>\n<a href=\"http:\/\/www.elmoudjahid.com\/fr\/actualites\/138189\">Cliquez ici pour lire l&rsquo;article depuis sa source.<\/a><\/p>\n","protected":false},"excerpt":{"rendered":"<p>Le ministre des Affaires \u00e9trang\u00e8res, Sabri Boukadoum, effectue, depuis hier, une visite officielle de trois jours au Mali, \u00e0 l&rsquo;invitation du ministre des Affaires \u00e9trang\u00e8res et de la Coop\u00e9ration internationale, Ti\u00e9bil\u00e9 Dram\u00e9.\u00a0Cette visite qui \u00ab\u00a0s\u2019inscrit dans le cadre du renforcement des relations\u00a0\u00a0 d\u2019amiti\u00e9, de coop\u00e9ration et de bon voisinage qui unissent l\u2019Alg\u00e9rie et la\u00a0\u00a0 R\u00e9publique [&hellip;]<\/p>\n","protected":false},"author":1744,"featured_media":0,"comment_status":"closed","ping_status":"closed","sticky":false,"template":"","format":"standard","meta":{"fifu_image_url":"","fifu_image_alt":"","footnotes":""},"categories":[73,53],"tags":[],"class_list":["post-41105","post","type-post","status-publish","format-standard","hentry","category-actualite","category-algerie"],"_links":{"self":[{"href":"https:\/\/linitiative.ca\/International\/wp-json\/wp\/v2\/posts\/41105","targetHints":{"allow":["GET"]}}],"collection":[{"href":"https:\/\/linitiative.ca\/International\/wp-json\/wp\/v2\/posts"}],"about":[{"href":"https:\/\/linitiative.ca\/International\/wp-json\/wp\/v2\/types\/post"}],"author":[{"embeddable":true,"href":"https:\/\/linitiative.ca\/International\/wp-json\/wp\/v2\/users\/1744"}],"replies":[{"embeddable":true,"href":"https:\/\/linitiative.ca\/International\/wp-json\/wp\/v2\/comments?post=41105"}],"version-history":[{"count":0,"href":"https:\/\/linitiative.ca\/International\/wp-json\/wp\/v2\/posts\/41105\/revisions"}],"wp:attachment":[{"href":"https:\/\/linitiative.ca\/International\/wp-json\/wp\/v2\/media?parent=41105"}],"wp:term":[{"taxonomy":"category","embeddable":true,"href":"https:\/\/linitiative.ca\/International\/wp-json\/wp\/v2\/categories?post=41105"},{"taxonomy":"post_tag","embeddable":true,"href":"https:\/\/linitiative.ca\/International\/wp-json\/wp\/v2\/tags?post=41105"}],"curies":[{"name":"wp","href":"https:\/\/api.w.org\/{rel}","templated":true}]}}