{"id":41107,"date":"2019-06-16T19:00:00","date_gmt":"2019-06-16T23:00:00","guid":{"rendered":"https:\/\/linitiative.ca\/International\/levee-de-limmunite-du-depute-boudjemaa-talai-le-bureau-de-lapn-entame-les-procedures\/"},"modified":"2019-06-16T19:00:00","modified_gmt":"2019-06-16T23:00:00","slug":"levee-de-limmunite-du-depute-boudjemaa-talai-le-bureau-de-lapn-entame-les-procedures","status":"publish","type":"post","link":"https:\/\/linitiative.ca\/International\/levee-de-limmunite-du-depute-boudjemaa-talai-le-bureau-de-lapn-entame-les-procedures\/","title":{"rendered":"Lev\u00e9e de l\u2019immunit\u00e9 du d\u00e9put\u00e9 Boudjema\u00e2 Tala\u00ef  : Le bureau de l\u2019APN entame les proc\u00e9dures"},"content":{"rendered":"<p>Le bureau de l\u2019APN a approuv\u00e9, lors d\u2019une r\u00e9union pr\u00e9sid\u00e9e par Mouad Bouchareb, pr\u00e9sident de l\u2019Assembl\u00e9e, la demande de lev\u00e9e de l\u2019immunit\u00e9 parlementaire du d\u00e9put\u00e9 Boudjema\u00e2 Tala\u00ef et l\u2019a soumise \u00e0 la commission juridique de l\u2019Assembl\u00e9e. Le Parquet g\u00e9n\u00e9ral pr\u00e8s la cour d\u2019Alger avait transmis, en mai, au Procureur g\u00e9n\u00e9ral pr\u00e8s la Cour supr\u00eame \u2014 en application des dispositions de l\u2019article 573 du code de proc\u00e9dure p\u00e9nale \u2014 le dossier d\u2019enqu\u00eate pr\u00e9liminaire diligent\u00e9e par la police judiciaire de la Gendarmerie nationale d\u2019Alger, pour des faits \u00e0 caract\u00e8re p\u00e9nal, \u00e0 l\u2019encontre de 12 anciens hauts responsables, dont l\u2019ancien ministre des Transports, Tala\u00ef Boudjema\u00e2.<\/p>\n<p>Auteur: elmoudjahid<br \/>\n<a href=\"http:\/\/www.elmoudjahid.com\/fr\/actualites\/138191\">Cliquez ici pour lire l&rsquo;article depuis sa source.<\/a><\/p>\n","protected":false},"excerpt":{"rendered":"<p>Le bureau de l\u2019APN a approuv\u00e9, lors d\u2019une r\u00e9union pr\u00e9sid\u00e9e par Mouad Bouchareb, pr\u00e9sident de l\u2019Assembl\u00e9e, la demande de lev\u00e9e de l\u2019immunit\u00e9 parlementaire du d\u00e9put\u00e9 Boudjema\u00e2 Tala\u00ef et l\u2019a soumise \u00e0 la commission juridique de l\u2019Assembl\u00e9e. Le Parquet g\u00e9n\u00e9ral pr\u00e8s la cour d\u2019Alger avait transmis, en mai, au Procureur g\u00e9n\u00e9ral pr\u00e8s la Cour supr\u00eame \u2014 [&hellip;]<\/p>\n","protected":false},"author":1744,"featured_media":0,"comment_status":"closed","ping_status":"closed","sticky":false,"template":"","format":"standard","meta":{"fifu_image_url":"","fifu_image_alt":"","footnotes":""},"categories":[73,53],"tags":[],"class_list":["post-41107","post","type-post","status-publish","format-standard","hentry","category-actualite","category-algerie"],"_links":{"self":[{"href":"https:\/\/linitiative.ca\/International\/wp-json\/wp\/v2\/posts\/41107","targetHints":{"allow":["GET"]}}],"collection":[{"href":"https:\/\/linitiative.ca\/International\/wp-json\/wp\/v2\/posts"}],"about":[{"href":"https:\/\/linitiative.ca\/International\/wp-json\/wp\/v2\/types\/post"}],"author":[{"embeddable":true,"href":"https:\/\/linitiative.ca\/International\/wp-json\/wp\/v2\/users\/1744"}],"replies":[{"embeddable":true,"href":"https:\/\/linitiative.ca\/International\/wp-json\/wp\/v2\/comments?post=41107"}],"version-history":[{"count":0,"href":"https:\/\/linitiative.ca\/International\/wp-json\/wp\/v2\/posts\/41107\/revisions"}],"wp:attachment":[{"href":"https:\/\/linitiative.ca\/International\/wp-json\/wp\/v2\/media?parent=41107"}],"wp:term":[{"taxonomy":"category","embeddable":true,"href":"https:\/\/linitiative.ca\/International\/wp-json\/wp\/v2\/categories?post=41107"},{"taxonomy":"post_tag","embeddable":true,"href":"https:\/\/linitiative.ca\/International\/wp-json\/wp\/v2\/tags?post=41107"}],"curies":[{"name":"wp","href":"https:\/\/api.w.org\/{rel}","templated":true}]}}