{"id":41109,"date":"2019-06-16T19:00:00","date_gmt":"2019-06-16T23:00:00","guid":{"rendered":"https:\/\/linitiative.ca\/International\/business-et-politique-compromissions\/"},"modified":"2019-06-16T19:00:00","modified_gmt":"2019-06-16T23:00:00","slug":"business-et-politique-compromissions","status":"publish","type":"post","link":"https:\/\/linitiative.ca\/International\/business-et-politique-compromissions\/","title":{"rendered":"Business et politique : Compromissions"},"content":{"rendered":"<p>L\u2019ouverture par l\u2019appareil judiciaire de plusieurs dossiers li\u00e9s \u00e0 des faits de corruption, de malversations dans la gestion et la dilapidation des deniers publics, et autres anomalies dans le fonctionnement de la sph\u00e8re financi\u00e8re et celle des affaires, d\u00e9note la d\u00e9termination de l\u2019\u00c9tat \u00e0 lutter contre la corruption sous toutes ses formes. Aussi, la justice, aujourd\u2019hui lib\u00e9r\u00e9e des injonctions, est cens\u00e9e aller jusqu\u2019au bout des missions qui lui sont d\u00e9volues, pour instaurer une dynamique p\u00e9renne dans le cadre de la lutte contre ces ph\u00e9nom\u00e8nes qui ont gangren\u00e9 \u00e0 tous les niveaux les institutions de l\u2019\u00c9tat. Nouvelle offensive, nouveaux d\u00e9fis pour une institution aussi strat\u00e9gique que celle de la justice appel\u00e9e \u00e0 contribuer \u00e0 la moralisation de la vie publique. Une revendication que v\u00e9hicule le mouvement populaire depuis le d\u00e9but et qui s\u2019intensifie au rythme des poursuites judiciaires visant d\u2019anciens hauts responsables et fonctionnaires de l\u2019\u00c9tat, hommes d\u2019affaires et cadres dirigeants, cibl\u00e9s par des enqu\u00eates pr\u00e9liminaires dans des affaires de corruption et d&rsquo;abus de fonctions, les compromissions \u00e9tant tiss\u00e9es aux plus hauts niveaux des cercles d\u00e9cisionnels, entre le monde du business et le pouvoir politique, au d\u00e9triment des int\u00e9r\u00eats de la nation. L\u2019action de la justice, qui reste centrale dans l\u2019\u00e9difice de l\u2019\u00c9tat de droit, d\u00e9voilera certainement d\u2019autres affaires dans les prochains jours. Selon certaines sources, les instructions suivront leur cadence et devront toucher d&rsquo;autres proches du syst\u00e8me. Une d\u00e9cision qui a suscit\u00e9 un sentiment de soulagement apr\u00e8s des citoyens, mais qui doit \u00eatre renforc\u00e9e pour bannir cette m\u00e9fiance qui r\u00e9git les relations entre le peuple et ses gouvernants. Les faits et \u00e9v\u00e8nements qui se succ\u00e8dent confirment cette volont\u00e9 des hautes autorit\u00e9s de l&rsquo;\u00c9tat \u00e0 vouloir s&rsquo;attaquer \u00e0 tous ces maux et fl\u00e9aux. Toutefois, juristes et experts sont unanimes sur la n\u00e9cessit\u00e9 de mettre en place les m\u00e9canismes appropri\u00e9s, et bien plus, de revoir tout un syst\u00e8me de fa\u00e7on \u00e0 consolider les missions de la justice, \u00e0 sp\u00e9cialiser ses champs d\u2019intervention, notamment dans le domaine \u00e9conomique, en ce qui concerne les affaires financi\u00e8res complexes, au plan de l\u2019investigation, de la poursuite et de l\u2019instruction des infractions financi\u00e8res de grande complexit\u00e9, et les infractions connexes, comme la corruption, l\u2019\u00e9vasion et fraude fiscales, les financements illicites et les infractions et irr\u00e9gularit\u00e9s dans la sph\u00e8re financi\u00e8re, mais surtout \u00e0 renforcer davantage son ind\u00e9pendance. Il sera question de donner \u00e0 la justice les moyens de sa politique, qui renforcent, en d\u00e9finitive, son intervention, am\u00e9liorent l\u2019exercice de sa fonction et lui conf\u00e8rent les marges de man\u0153uvre qui lui permettent d\u2019assumer pleinement ses responsabilit\u00e9s, et, beaucoup plus, d\u2019acqu\u00e9rir la cr\u00e9dibilit\u00e9 de son action. Une cr\u00e9dibilit\u00e9 aujourd\u2019hui indispensable \u00e0 la notori\u00e9t\u00e9 de la justice, d\u2019autant plus qu\u2019elle est projet\u00e9e \u00abdevant une responsabilit\u00e9 historique d\u00e9cisive\u00bb, comme vient de l\u2019affirmer le ministre de la Justice, garde des Sceaux, M. Slimane Brahmi.<br \/>\u00a0\u00a0\u00a0 D. Akila<\/p>\n<p>Auteur: elmoudjahid<br \/>\n<a href=\"http:\/\/www.elmoudjahid.com\/fr\/actualites\/138193\">Cliquez ici pour lire l&rsquo;article depuis sa source.<\/a><\/p>\n","protected":false},"excerpt":{"rendered":"<p>L\u2019ouverture par l\u2019appareil judiciaire de plusieurs dossiers li\u00e9s \u00e0 des faits de corruption, de malversations dans la gestion et la dilapidation des deniers publics, et autres anomalies dans le fonctionnement de la sph\u00e8re financi\u00e8re et celle des affaires, d\u00e9note la d\u00e9termination de l\u2019\u00c9tat \u00e0 lutter contre la corruption sous toutes ses formes. Aussi, la justice, [&hellip;]<\/p>\n","protected":false},"author":1744,"featured_media":0,"comment_status":"closed","ping_status":"closed","sticky":false,"template":"","format":"standard","meta":{"fifu_image_url":"","fifu_image_alt":"","footnotes":""},"categories":[73,53],"tags":[],"class_list":["post-41109","post","type-post","status-publish","format-standard","hentry","category-actualite","category-algerie"],"_links":{"self":[{"href":"https:\/\/linitiative.ca\/International\/wp-json\/wp\/v2\/posts\/41109","targetHints":{"allow":["GET"]}}],"collection":[{"href":"https:\/\/linitiative.ca\/International\/wp-json\/wp\/v2\/posts"}],"about":[{"href":"https:\/\/linitiative.ca\/International\/wp-json\/wp\/v2\/types\/post"}],"author":[{"embeddable":true,"href":"https:\/\/linitiative.ca\/International\/wp-json\/wp\/v2\/users\/1744"}],"replies":[{"embeddable":true,"href":"https:\/\/linitiative.ca\/International\/wp-json\/wp\/v2\/comments?post=41109"}],"version-history":[{"count":0,"href":"https:\/\/linitiative.ca\/International\/wp-json\/wp\/v2\/posts\/41109\/revisions"}],"wp:attachment":[{"href":"https:\/\/linitiative.ca\/International\/wp-json\/wp\/v2\/media?parent=41109"}],"wp:term":[{"taxonomy":"category","embeddable":true,"href":"https:\/\/linitiative.ca\/International\/wp-json\/wp\/v2\/categories?post=41109"},{"taxonomy":"post_tag","embeddable":true,"href":"https:\/\/linitiative.ca\/International\/wp-json\/wp\/v2\/tags?post=41109"}],"curies":[{"name":"wp","href":"https:\/\/api.w.org\/{rel}","templated":true}]}}