{"id":41114,"date":"2019-06-17T10:04:26","date_gmt":"2019-06-17T14:04:26","guid":{"rendered":"https:\/\/linitiative.ca\/International\/90723-tournoi-international-de-berlin-l-algerien-reguig-debutera-contre-l-allemand-leon-berg\/"},"modified":"2019-06-17T10:04:26","modified_gmt":"2019-06-17T14:04:26","slug":"90723-tournoi-international-de-berlin-l-algerien-reguig-debutera-contre-l-allemand-leon-berg","status":"publish","type":"post","link":"https:\/\/linitiative.ca\/International\/90723-tournoi-international-de-berlin-l-algerien-reguig-debutera-contre-l-allemand-leon-berg\/","title":{"rendered":"Tournoi international de Berlin: l&rsquo;Alg\u00e9rien Reguig d\u00e9butera contre l&rsquo;Allemand L\u00e9on Berg"},"content":{"rendered":"<div>\n<div class=\"K2FeedIntroText\">\n<p><strong>BERLIN &#8211; Le tennisman alg\u00e9rien Samir Hamza Reguig sera oppos\u00e9 ce lundi apr\u00e8s-midi \u00e0 l&rsquo;Allemand L\u00e9on Berg en match comptant pour le deuxi\u00e8me et dernier tour qualificatif pour le tableau final d&rsquo;un tournoi international juniors, pr\u00e9vu du 18 au 23 juin \u00e0 Berlin (Allemagne).<\/strong><\/p>\n<\/div>\n<div class=\"K2FeedFullText\">\n<p>Le jeune alg\u00e9rien, class\u00e9 t\u00eate de s\u00e9rie N3 du tableau des qualifications, avait \u00e9t\u00e9 exempt\u00e9 du premier tour, alors que l&rsquo;Allemand a d\u00fb passer l&rsquo;\u00e9cueil de son compatriote Lamin Laurenzo Da Silva (6-3, 6-3) pour atteindre ce deuxi\u00e8me tour.<\/p>\n<p>Un autre alg\u00e9rien est engag\u00e9 dans ce prestigieux tournoi de Grade 1, qui se d\u00e9roule sur les courts en terre battue du Tennis Club LTTC Rot-Weiss de Berlin. Il s&rsquo;agit de Youcef Rihane, qui de part son bon classement mondial au classement mondial de la F\u00e9d\u00e9ration internationale de tennis (53e) a \u00e9t\u00e9 directement admis dans le tableau final. Reguig, lui n&rsquo;est que 425e dans ce classement de l&rsquo;ITF.<\/p>\n<p>Rihane reste sur une double \u00e9limination pr\u00e9coce, \u00e0 Roland-Garros (France) et Tabarka (Tunisie), quittant la comp\u00e9tition d\u00e8s le premier tour du tableau final, alors que Reguig avait r\u00e9ussi \u00e0 franchir le premier tour \u00e0 Offenbach (ndlr, un autre Grade 1 en Allemagne) avant de se faire \u00e9liminer au tour suivant.<\/p>\n<p>Les deux Alg\u00e9riens esp\u00e8rent se rattraper \u00e0 Berlin, surtout que ce tournoi met en jeu un grand nombre de points, susceptibles de les aider \u00e0 am\u00e9liorer leur classement mondial.<\/p>\n<\/div>\n<p><img loading=\"lazy\" decoding=\"async\" src=\"http:\/\/feeds.feedburner.com\/~r\/aps-sport\/~4\/0Ippn4OkY00\" height=\"1\" width=\"1\" alt=\"\"><\/div>\n<p>Auteur:<br \/>\n<a href=\"http:\/\/www.aps.dz\/sport\/90723-tournoi-international-de-berlin-l-algerien-reguig-debutera-contre-l-allemand-leon-berg?utm_source=feedburner&#038;utm_medium=feed&#038;utm_campaign=Feed%3A+aps-sport+%28APS+-+SPORT%29\">Cliquez ici pour lire l&rsquo;article depuis sa source.<\/a><\/p>\n","protected":false},"excerpt":{"rendered":"<p>BERLIN &#8211; Le tennisman alg\u00e9rien Samir Hamza Reguig sera oppos\u00e9 ce lundi apr\u00e8s-midi \u00e0 l&rsquo;Allemand L\u00e9on Berg en match comptant pour le deuxi\u00e8me et dernier tour qualificatif pour le tableau final d&rsquo;un tournoi international juniors, pr\u00e9vu du 18 au 23 juin \u00e0 Berlin (Allemagne). Le jeune alg\u00e9rien, class\u00e9 t\u00eate de s\u00e9rie N3 du tableau des [&hellip;]<\/p>\n","protected":false},"author":1790,"featured_media":0,"comment_status":"closed","ping_status":"closed","sticky":false,"template":"","format":"standard","meta":{"fifu_image_url":"","fifu_image_alt":"","footnotes":""},"categories":[53,75],"tags":[],"class_list":["post-41114","post","type-post","status-publish","format-standard","hentry","category-algerie","category-sport"],"_links":{"self":[{"href":"https:\/\/linitiative.ca\/International\/wp-json\/wp\/v2\/posts\/41114","targetHints":{"allow":["GET"]}}],"collection":[{"href":"https:\/\/linitiative.ca\/International\/wp-json\/wp\/v2\/posts"}],"about":[{"href":"https:\/\/linitiative.ca\/International\/wp-json\/wp\/v2\/types\/post"}],"author":[{"embeddable":true,"href":"https:\/\/linitiative.ca\/International\/wp-json\/wp\/v2\/users\/1790"}],"replies":[{"embeddable":true,"href":"https:\/\/linitiative.ca\/International\/wp-json\/wp\/v2\/comments?post=41114"}],"version-history":[{"count":0,"href":"https:\/\/linitiative.ca\/International\/wp-json\/wp\/v2\/posts\/41114\/revisions"}],"wp:attachment":[{"href":"https:\/\/linitiative.ca\/International\/wp-json\/wp\/v2\/media?parent=41114"}],"wp:term":[{"taxonomy":"category","embeddable":true,"href":"https:\/\/linitiative.ca\/International\/wp-json\/wp\/v2\/categories?post=41114"},{"taxonomy":"post_tag","embeddable":true,"href":"https:\/\/linitiative.ca\/International\/wp-json\/wp\/v2\/tags?post=41114"}],"curies":[{"name":"wp","href":"https:\/\/api.w.org\/{rel}","templated":true}]}}