{"id":41115,"date":"2019-06-17T10:06:14","date_gmt":"2019-06-17T14:06:14","guid":{"rendered":"https:\/\/linitiative.ca\/International\/90724-athletisme-jeux-africains-2019-saber-boukemmouche-realise-les-minima-sur-400-metres-haies\/"},"modified":"2019-06-17T10:06:14","modified_gmt":"2019-06-17T14:06:14","slug":"90724-athletisme-jeux-africains-2019-saber-boukemmouche-realise-les-minima-sur-400-metres-haies","status":"publish","type":"post","link":"https:\/\/linitiative.ca\/International\/90724-athletisme-jeux-africains-2019-saber-boukemmouche-realise-les-minima-sur-400-metres-haies\/","title":{"rendered":"Athl\u00e9tisme\/Jeux Africains 2019: Saber Boukemmouche r\u00e9alise les minima sur 400 m\u00e8tres\/haies"},"content":{"rendered":"<div>\n<div class=\"K2FeedIntroText\">\n<p><strong>PARIS &#8211; Le hurdler alg\u00e9rien Saber Boukemmouche a r\u00e9ussi les minima de participation au 400 m\u00e8tres \/ haies des prochains Jeux Africains qui se d\u00e9rouleront en ao\u00fbt 2019 \u00e0 Rabat (Maroc), en r\u00e9alisant un chrono 50.12 lors du Meeting de Roanne, disput\u00e9 dimanche soir en France.<\/strong><\/p>\n<\/div>\n<div class=\"K2FeedFullText\">\n<p>L&rsquo;Alg\u00e9rien avait franchi la ligne d&rsquo;arriv\u00e9e en deuxi\u00e8me position, derri\u00e8re le Burundais Swadogo Bienvenu Wendla, qui l&rsquo;avait emport\u00e9 en 50.04, mais son chrono \u00e9tait en dessous des minima souhait\u00e9s et qui \u00e9taient fix\u00e9s \u00e0 50.15.<\/p>\n<p>Le deuxi\u00e8me alg\u00e9rien engag\u00e9 dans cette course, en l&rsquo;occurrence Miloud Rahmani, a \u00e9t\u00e9 moins chanceux que son compatriote, puisqu&rsquo;il s&rsquo;est content\u00e9 de la 5e place, avec un chrono de 51.11.<\/p>\n<\/div>\n<p><img loading=\"lazy\" decoding=\"async\" src=\"http:\/\/feeds.feedburner.com\/~r\/aps-sport\/~4\/So6sPSXwlqc\" height=\"1\" width=\"1\" alt=\"\"><\/div>\n<p>Auteur:<br \/>\n<a href=\"http:\/\/www.aps.dz\/sport\/90724-athletisme-jeux-africains-2019-saber-boukemmouche-realise-les-minima-sur-400-metres-haies?utm_source=feedburner&#038;utm_medium=feed&#038;utm_campaign=Feed%3A+aps-sport+%28APS+-+SPORT%29\">Cliquez ici pour lire l&rsquo;article depuis sa source.<\/a><\/p>\n","protected":false},"excerpt":{"rendered":"<p>PARIS &#8211; Le hurdler alg\u00e9rien Saber Boukemmouche a r\u00e9ussi les minima de participation au 400 m\u00e8tres \/ haies des prochains Jeux Africains qui se d\u00e9rouleront en ao\u00fbt 2019 \u00e0 Rabat (Maroc), en r\u00e9alisant un chrono 50.12 lors du Meeting de Roanne, disput\u00e9 dimanche soir en France. L&rsquo;Alg\u00e9rien avait franchi la ligne d&rsquo;arriv\u00e9e en deuxi\u00e8me position, [&hellip;]<\/p>\n","protected":false},"author":1790,"featured_media":0,"comment_status":"closed","ping_status":"closed","sticky":false,"template":"","format":"standard","meta":{"fifu_image_url":"","fifu_image_alt":"","footnotes":""},"categories":[53,75],"tags":[],"class_list":["post-41115","post","type-post","status-publish","format-standard","hentry","category-algerie","category-sport"],"_links":{"self":[{"href":"https:\/\/linitiative.ca\/International\/wp-json\/wp\/v2\/posts\/41115","targetHints":{"allow":["GET"]}}],"collection":[{"href":"https:\/\/linitiative.ca\/International\/wp-json\/wp\/v2\/posts"}],"about":[{"href":"https:\/\/linitiative.ca\/International\/wp-json\/wp\/v2\/types\/post"}],"author":[{"embeddable":true,"href":"https:\/\/linitiative.ca\/International\/wp-json\/wp\/v2\/users\/1790"}],"replies":[{"embeddable":true,"href":"https:\/\/linitiative.ca\/International\/wp-json\/wp\/v2\/comments?post=41115"}],"version-history":[{"count":0,"href":"https:\/\/linitiative.ca\/International\/wp-json\/wp\/v2\/posts\/41115\/revisions"}],"wp:attachment":[{"href":"https:\/\/linitiative.ca\/International\/wp-json\/wp\/v2\/media?parent=41115"}],"wp:term":[{"taxonomy":"category","embeddable":true,"href":"https:\/\/linitiative.ca\/International\/wp-json\/wp\/v2\/categories?post=41115"},{"taxonomy":"post_tag","embeddable":true,"href":"https:\/\/linitiative.ca\/International\/wp-json\/wp\/v2\/tags?post=41115"}],"curies":[{"name":"wp","href":"https:\/\/api.w.org\/{rel}","templated":true}]}}