{"id":41116,"date":"2019-06-17T10:08:18","date_gmt":"2019-06-17T14:08:18","guid":{"rendered":"https:\/\/linitiative.ca\/International\/90726-foot-can-2019-nous-avons-encore-des-choses-a-rectifier\/"},"modified":"2019-06-17T10:08:18","modified_gmt":"2019-06-17T14:08:18","slug":"90726-foot-can-2019-nous-avons-encore-des-choses-a-rectifier","status":"publish","type":"post","link":"https:\/\/linitiative.ca\/International\/90726-foot-can-2019-nous-avons-encore-des-choses-a-rectifier\/","title":{"rendered":"Foot\/CAN-2019: \u00ab\u00a0nous avons encore des choses \u00e0 rectifier\u00a0\u00bb"},"content":{"rendered":"<div>\n<div class=\"K2FeedImage\"><img decoding=\"async\" src=\"http:\/\/www.aps.dz\/media\/k2\/items\/cache\/f772e53274b35f466bf46774a20f7843_S.jpg\" alt=\"Foot\/CAN-2019: \" nous avons encore des choses rectifier><\/div>\n<div class=\"K2FeedIntroText\">\n<p><strong>ALGER &#8211; Le s\u00e9lectionneur de l&rsquo;\u00e9quipe d&rsquo;Alg\u00e9rie de football Djamel Belmadi a estim\u00e9 qu&rsquo;il y avait \u00ab\u00a0encore des choses \u00e0 rectifier\u00a0\u00bb pour permettre aux Verts d&rsquo;\u00eatre au top, \u00e0 six jours de leur entr\u00e9e en lice \u00e0 la Coupe d&rsquo;Afrique des nations CAN-2019 en Egypte (21 juin &#8211; 19 juillet), le 23 juin face au Kenya.<\/strong><\/p>\n<\/div>\n<div class=\"K2FeedFullText\">\n<p>\u00ab\u00a0Dire que nous sommes pr\u00eats avec certitudes ne serait pas honn\u00eate de ma part. Je pense qu\u2019on a des choses \u00e0 rectifier mais quand on regarde tout ce qui se passe autour de nous, avec la seconde d\u00e9faite du Maroc aujourd\u2019hui, celle de la C\u00f4te d\u2019Ivoire face \u00e0 de suppos\u00e9es petites \u00e9quipes, on remarque qu&rsquo;il y\u2019a beaucoup de difficult\u00e9s \u00e0 les battre\u00a0\u00bb, a affirm\u00e9 le coach national au site sp\u00e9cialis\u00e9 Dz Foot.<\/p>\n<p>Le s\u00e9lectionneur national s&rsquo;exprimait au terme de la victoire d\u00e9croch\u00e9e dimanche \u00e0 Doha \u00e0 huis clos face au Mali (3-2), \u00e0 l&rsquo;occasion du deuxi\u00e8me et dernier test amical pr\u00e9paratoire, apr\u00e8s celui disput\u00e9 mardi face au Burundi (1-1).<\/p>\n<blockquote>\n<p><em><strong>\u00ab\u00a0Aujourd\u2019hui toutes ces \u00e9quipes majeures souffrent, \u00e0 l\u2019exception du S\u00e9n\u00e9gal qui a gagn\u00e9 1-0 face au Nigeria, dans des oppositions face \u00e0 ces soi-disant petites \u00e9quipes. Le principal enseignement c\u2019est qu\u2019il n\u2019existe plus sur le contient de petites \u00e9quipes et \u00e7a je pense que tout le monde l\u2019a compris\u00a0\u00bb, a-t-il ajout\u00e9.<\/strong><\/em><\/p>\n<\/blockquote>\n<hr>\n<h3>Lire aussi:\u00a0<a href=\"http:\/\/www.aps.dz\/sport\/90741-foot-can-2019-preparation-l-algerie-bat-le-mali-3-2\" target=\"_blank\" rel=\"noopener noreferrer\">Foot\/CAN-2019 (pr\u00e9paration): l\u2019Alg\u00e9rie bat le Mali (3-2)<\/a><\/h3>\n<hr>\n<p>Cette rencontre face aux \u00ab\u00a0Aigles\u00a0\u00bb malien a \u00e9t\u00e9 une occasion pour le nouvel attaquant Andy Delort (27 ans) de signer son premier but pour sa premi\u00e8re apparition sous le maillot national.<\/p>\n<blockquote>\n<p><em><strong>\u00ab\u00a0Il nous faudra analyser ce match\u00a0 afin de voir ce qui a \u00e9t\u00e9 bien r\u00e9alis\u00e9 et sur quoi on peut tirer des satisfactions. Et, on ira rectifier les choses qu\u2019on a moins bien r\u00e9alis\u00e9. D\u00e9j\u00e0 on a rectifi\u00e9 le tir par rapport au match du Burundi, notamment dans la r\u00e9action \u00e0 la perte du ballon en y mettant de la bonne agressivit\u00e9. Ce point tr\u00e8s important nous permettra de faire la diff\u00e9rence\u00a0\u00bb, a-t-il insist\u00e9.<\/strong><\/em><\/p>\n<\/blockquote>\n<p>Par ailleurs, Belmadi a confirm\u00e9 le d\u00e9part du pr\u00e9parateur physique Alexandre Dellal, mais sans pour autant en faire \u00ab\u00a0une affaire\u00a0\u00bb.<\/p>\n<p>\u00ab\u00a0Il n\u2019y a pas d\u2019affaire, juste un membre du staff qui a d\u00e9cid\u00e9 de partir de lui-m\u00eame pour des raisons qui ne n\u00e9cessitent pas d\u2019en arriver \u00e0 une telle d\u00e9cision. Ce qui l\u2019a amen\u00e9 \u00e0 prendre ses responsabilit\u00e9s. La vie continue, moi je lui souhaite bonne chance\u00a0\u00bb.<\/p>\n<p>Les Verts rallieront mardi Le Caire \u00e0 bord d&rsquo;un vol sp\u00e9cial de la compagnie nationale. Outre le Kenya, l&rsquo;Alg\u00e9rie affrontera dans le groupe C, bas\u00e9 au Caire, le S\u00e9n\u00e9gal (27 juin) et la Tanzanie (1e juillet).<\/p>\n<\/div>\n<p><img loading=\"lazy\" decoding=\"async\" src=\"http:\/\/feeds.feedburner.com\/~r\/aps-sport\/~4\/kJUAe6iRZC0\" height=\"1\" width=\"1\" alt=\"\"><\/div>\n<p>Auteur:<br \/>\n<a href=\"http:\/\/www.aps.dz\/sport\/90726-foot-can-2019-nous-avons-encore-des-choses-a-rectifier?utm_source=feedburner&#038;utm_medium=feed&#038;utm_campaign=Feed%3A+aps-sport+%28APS+-+SPORT%29\">Cliquez ici pour lire l&rsquo;article depuis sa source.<\/a><\/p>\n","protected":false},"excerpt":{"rendered":"<p>ALGER &#8211; Le s\u00e9lectionneur de l&rsquo;\u00e9quipe d&rsquo;Alg\u00e9rie de football Djamel Belmadi a estim\u00e9 qu&rsquo;il y avait \u00ab\u00a0encore des choses \u00e0 rectifier\u00a0\u00bb pour permettre aux Verts d&rsquo;\u00eatre au top, \u00e0 six jours de leur entr\u00e9e en lice \u00e0 la Coupe d&rsquo;Afrique des nations CAN-2019 en Egypte (21 juin &#8211; 19 juillet), le 23 juin face au [&hellip;]<\/p>\n","protected":false},"author":1790,"featured_media":41117,"comment_status":"closed","ping_status":"closed","sticky":false,"template":"","format":"standard","meta":{"fifu_image_url":"","fifu_image_alt":"","footnotes":""},"categories":[53,75],"tags":[],"class_list":["post-41116","post","type-post","status-publish","format-standard","has-post-thumbnail","hentry","category-algerie","category-sport"],"_links":{"self":[{"href":"https:\/\/linitiative.ca\/International\/wp-json\/wp\/v2\/posts\/41116","targetHints":{"allow":["GET"]}}],"collection":[{"href":"https:\/\/linitiative.ca\/International\/wp-json\/wp\/v2\/posts"}],"about":[{"href":"https:\/\/linitiative.ca\/International\/wp-json\/wp\/v2\/types\/post"}],"author":[{"embeddable":true,"href":"https:\/\/linitiative.ca\/International\/wp-json\/wp\/v2\/users\/1790"}],"replies":[{"embeddable":true,"href":"https:\/\/linitiative.ca\/International\/wp-json\/wp\/v2\/comments?post=41116"}],"version-history":[{"count":0,"href":"https:\/\/linitiative.ca\/International\/wp-json\/wp\/v2\/posts\/41116\/revisions"}],"wp:featuredmedia":[{"embeddable":true,"href":"https:\/\/linitiative.ca\/International\/wp-json\/"}],"wp:attachment":[{"href":"https:\/\/linitiative.ca\/International\/wp-json\/wp\/v2\/media?parent=41116"}],"wp:term":[{"taxonomy":"category","embeddable":true,"href":"https:\/\/linitiative.ca\/International\/wp-json\/wp\/v2\/categories?post=41116"},{"taxonomy":"post_tag","embeddable":true,"href":"https:\/\/linitiative.ca\/International\/wp-json\/wp\/v2\/tags?post=41116"}],"curies":[{"name":"wp","href":"https:\/\/api.w.org\/{rel}","templated":true}]}}