{"id":41118,"date":"2019-06-17T10:23:56","date_gmt":"2019-06-17T14:23:56","guid":{"rendered":"https:\/\/linitiative.ca\/International\/90727-foot-le-koubeen-salah-assad-honore-pour-l-ensemble-de-sa-carriere-a-doha\/"},"modified":"2019-06-17T10:23:56","modified_gmt":"2019-06-17T14:23:56","slug":"90727-foot-le-koubeen-salah-assad-honore-pour-l-ensemble-de-sa-carriere-a-doha","status":"publish","type":"post","link":"https:\/\/linitiative.ca\/International\/90727-foot-le-koubeen-salah-assad-honore-pour-l-ensemble-de-sa-carriere-a-doha\/","title":{"rendered":"Foot: le Koub\u00e9en Salah Assad honor\u00e9 pour l&rsquo;ensemble de sa carri\u00e8re \u00e0 Doha"},"content":{"rendered":"<div>\n<div class=\"K2FeedImage\"><img decoding=\"async\" src=\"http:\/\/www.aps.dz\/media\/k2\/items\/cache\/d5e7783370f056de9d9cd65e573c86f8_S.jpg\" alt=\"Foot: le Koub\u00e9en Salah Assad honor\u00e9 pour l'ensemble de sa carri\u00e8re \u00e0 Doha\"><\/div>\n<div class=\"K2FeedIntroText\">\n<p><strong>DOHA &#8211; L&rsquo;ancien international alg\u00e9rien dans les ann\u00e9es 1980, Salah Assad, a \u00e9t\u00e9 honor\u00e9 dimanche \u00e0 Doha (Qatar) pour l&rsquo;ensemble de sa carri\u00e8re en s\u00e9lection nationale, a indiqu\u00e9 la <a href=\"http:\/\/www.faf.dz\/salah-assad-honore-par-la-faf-et-le-qfa\/\" target=\"_blank\" rel=\"noopener noreferrer\">F\u00e9d\u00e9ration alg\u00e9rienne de football<\/a> (FAF).<\/strong><\/p>\n<\/div>\n<div class=\"K2FeedFullText\">\n<p>Le l\u00e9gendaire N10 du RC Kouba, rest\u00e9 fameux des annales du football pour son Ghorraf (ndlr, de la louche), a re\u00e7u un troph\u00e9e et quelques cadeaux symboliques aussi bien de la part de la F\u00e9d\u00e9ration alg\u00e9rienne de football (FAF), repr\u00e9sent\u00e9e par son pr\u00e9sident Kheiredine Zetchi, que par la Qatar Football Associations (QFA).<\/p>\n<p>Ag\u00e9 de 61 ans, Assad a disput\u00e9 entre autres les mondiaux de 1982 en Espagne et 1986 au Mexique, aux c\u00f4t\u00e9 d&rsquo;autres stars du football alg\u00e9rien, comme Rabah Madjer, Mustapha Dahleb et Djamel Zidane.<\/p>\n<p>Dimanche \u00e0 Doha, c&rsquo;est lui qui a donn\u00e9 le coup d&rsquo;envoi symbolique du match amical Alg\u00e9rie-Mali (3-2), sous les chauds applaudissements des joueurs des deux \u00e9quipes.<\/p>\n<p>Juste avant cela, les joueurs de la s\u00e9lection nationale \u00e9taient all\u00e9s le saluer un par un, en lui t\u00e9moignant leur reconnaissance pour les grands services qu&rsquo;il avait rendus \u00e0<\/p>\n<\/div>\n<p><img loading=\"lazy\" decoding=\"async\" src=\"http:\/\/feeds.feedburner.com\/~r\/aps-sport\/~4\/Efq3JP74Nvk\" height=\"1\" width=\"1\" alt=\"\"><\/div>\n<p>Auteur:<br \/>\n<a href=\"http:\/\/www.aps.dz\/sport\/90727-foot-le-koubeen-salah-assad-honore-pour-l-ensemble-de-sa-carriere-a-doha?utm_source=feedburner&#038;utm_medium=feed&#038;utm_campaign=Feed%3A+aps-sport+%28APS+-+SPORT%29\">Cliquez ici pour lire l&rsquo;article depuis sa source.<\/a><\/p>\n","protected":false},"excerpt":{"rendered":"<p>DOHA &#8211; L&rsquo;ancien international alg\u00e9rien dans les ann\u00e9es 1980, Salah Assad, a \u00e9t\u00e9 honor\u00e9 dimanche \u00e0 Doha (Qatar) pour l&rsquo;ensemble de sa carri\u00e8re en s\u00e9lection nationale, a indiqu\u00e9 la F\u00e9d\u00e9ration alg\u00e9rienne de football (FAF). Le l\u00e9gendaire N10 du RC Kouba, rest\u00e9 fameux des annales du football pour son Ghorraf (ndlr, de la louche), a re\u00e7u [&hellip;]<\/p>\n","protected":false},"author":1790,"featured_media":41119,"comment_status":"closed","ping_status":"closed","sticky":false,"template":"","format":"standard","meta":{"fifu_image_url":"","fifu_image_alt":"","footnotes":""},"categories":[53,75],"tags":[],"class_list":["post-41118","post","type-post","status-publish","format-standard","has-post-thumbnail","hentry","category-algerie","category-sport"],"_links":{"self":[{"href":"https:\/\/linitiative.ca\/International\/wp-json\/wp\/v2\/posts\/41118","targetHints":{"allow":["GET"]}}],"collection":[{"href":"https:\/\/linitiative.ca\/International\/wp-json\/wp\/v2\/posts"}],"about":[{"href":"https:\/\/linitiative.ca\/International\/wp-json\/wp\/v2\/types\/post"}],"author":[{"embeddable":true,"href":"https:\/\/linitiative.ca\/International\/wp-json\/wp\/v2\/users\/1790"}],"replies":[{"embeddable":true,"href":"https:\/\/linitiative.ca\/International\/wp-json\/wp\/v2\/comments?post=41118"}],"version-history":[{"count":0,"href":"https:\/\/linitiative.ca\/International\/wp-json\/wp\/v2\/posts\/41118\/revisions"}],"wp:featuredmedia":[{"embeddable":true,"href":"https:\/\/linitiative.ca\/International\/wp-json\/"}],"wp:attachment":[{"href":"https:\/\/linitiative.ca\/International\/wp-json\/wp\/v2\/media?parent=41118"}],"wp:term":[{"taxonomy":"category","embeddable":true,"href":"https:\/\/linitiative.ca\/International\/wp-json\/wp\/v2\/categories?post=41118"},{"taxonomy":"post_tag","embeddable":true,"href":"https:\/\/linitiative.ca\/International\/wp-json\/wp\/v2\/tags?post=41118"}],"curies":[{"name":"wp","href":"https:\/\/api.w.org\/{rel}","templated":true}]}}