{"id":41131,"date":"2019-06-17T13:11:00","date_gmt":"2019-06-17T17:11:00","guid":{"rendered":"https:\/\/linitiative.ca\/International\/mascara-un-dealer-arrete-a-tighennif\/"},"modified":"2019-06-17T13:11:00","modified_gmt":"2019-06-17T17:11:00","slug":"mascara-un-dealer-arrete-a-tighennif","status":"publish","type":"post","link":"https:\/\/linitiative.ca\/International\/mascara-un-dealer-arrete-a-tighennif\/","title":{"rendered":"MASCARA : Un dealer arr\u00eat\u00e9 \u00e0 Tighennif"},"content":{"rendered":"<p><br id=\"sep_para_1\" class=\"sep_para access\"\/><\/p>\n<div id=\"para_1\" class=\"para_31758253 resize\">\n<div class=\"texte access firstletter\">Les \u00e9l\u00e9ments de la brigade de police judiciaire relevant de la s\u00fbret\u00e9 de da\u00efra de Tighennif ont r\u00e9ussi \u00e0 arr\u00eater un trafiquant de substances psychotropes \u00e2g\u00e9 de 31 ans, avec la saisie d\u2019une quantit\u00e9 de 38 comprim\u00e9s hallucinog\u00e8nes et des armes blanches. Cette op\u00e9ration a eu lieu suite \u00e0 une enqu\u00eate judiciaire ouverte au niveau de la brigade de Police judiciaire au sujet d\u2019un vol sous la menace d\u2019une arme blanche \u00e0 la suite d\u2019une plainte d\u00e9pos\u00e9e par la victime contre le suspect qui lui a soutir\u00e9 une quantit\u00e9 de bijoux. Les proc\u00e9dures l\u00e9gales ont \u00e9t\u00e9 accomplies pour la perquisition du domicile du suspect \u00e0 la recherche des objets vol\u00e9s, or les policiers ont mis la main sur une quantit\u00e9 de 38 comprim\u00e9s hallucinog\u00e8nes de divers types et des armes blanches que le suspect dissimulait dans sa chambre. Il a \u00e9t\u00e9 conduit au si\u00e8ge de la S\u00fbret\u00e9 de Da\u00efra o\u00f9 une proc\u00e9dure judiciaire a \u00e9t\u00e9 instruite \u00e0 son encontre en vertu de laquelle il a \u00e9t\u00e9 plac\u00e9 en d\u00e9tention.\u00a0\u00a0\u00a0<\/div>\n<\/div>\n<p>Auteur: B.Boufaden<br \/>\n<a href=\"https:\/\/www.reflexiondz.net\/MASCARA-Un-dealer-arrete-a-Tighennif_a56208.html\">Cliquez ici pour lire l&rsquo;article depuis sa source.<\/a><\/p>\n","protected":false},"excerpt":{"rendered":"<p>Les \u00e9l\u00e9ments de la brigade de police judiciaire relevant de la s\u00fbret\u00e9 de da\u00efra de Tighennif ont r\u00e9ussi \u00e0 arr\u00eater un trafiquant de substances psychotropes \u00e2g\u00e9 de 31 ans, avec la saisie d\u2019une quantit\u00e9 de 38 comprim\u00e9s hallucinog\u00e8nes et des armes blanches. Cette op\u00e9ration a eu lieu suite \u00e0 une enqu\u00eate judiciaire ouverte au niveau [&hellip;]<\/p>\n","protected":false},"author":1740,"featured_media":0,"comment_status":"closed","ping_status":"closed","sticky":false,"template":"","format":"standard","meta":{"fifu_image_url":"","fifu_image_alt":"","footnotes":""},"categories":[53,76],"tags":[],"class_list":["post-41131","post","type-post","status-publish","format-standard","hentry","category-algerie","category-regions"],"_links":{"self":[{"href":"https:\/\/linitiative.ca\/International\/wp-json\/wp\/v2\/posts\/41131","targetHints":{"allow":["GET"]}}],"collection":[{"href":"https:\/\/linitiative.ca\/International\/wp-json\/wp\/v2\/posts"}],"about":[{"href":"https:\/\/linitiative.ca\/International\/wp-json\/wp\/v2\/types\/post"}],"author":[{"embeddable":true,"href":"https:\/\/linitiative.ca\/International\/wp-json\/wp\/v2\/users\/1740"}],"replies":[{"embeddable":true,"href":"https:\/\/linitiative.ca\/International\/wp-json\/wp\/v2\/comments?post=41131"}],"version-history":[{"count":0,"href":"https:\/\/linitiative.ca\/International\/wp-json\/wp\/v2\/posts\/41131\/revisions"}],"wp:attachment":[{"href":"https:\/\/linitiative.ca\/International\/wp-json\/wp\/v2\/media?parent=41131"}],"wp:term":[{"taxonomy":"category","embeddable":true,"href":"https:\/\/linitiative.ca\/International\/wp-json\/wp\/v2\/categories?post=41131"},{"taxonomy":"post_tag","embeddable":true,"href":"https:\/\/linitiative.ca\/International\/wp-json\/wp\/v2\/tags?post=41131"}],"curies":[{"name":"wp","href":"https:\/\/api.w.org\/{rel}","templated":true}]}}