{"id":41143,"date":"2019-06-17T05:01:49","date_gmt":"2019-06-17T09:01:49","guid":{"rendered":"https:\/\/linitiative.ca\/International\/son-incarceration-a-rejoui-les-manifestants-ahmed-ouyahia-lhomme-qui-cristallise-toutes-les-haines\/"},"modified":"2019-06-17T05:01:49","modified_gmt":"2019-06-17T09:01:49","slug":"son-incarceration-a-rejoui-les-manifestants-ahmed-ouyahia-lhomme-qui-cristallise-toutes-les-haines","status":"publish","type":"post","link":"https:\/\/linitiative.ca\/International\/son-incarceration-a-rejoui-les-manifestants-ahmed-ouyahia-lhomme-qui-cristallise-toutes-les-haines\/","title":{"rendered":"Son incarc\u00e9ration a r\u00e9joui les manifestants : Ahmed Ouyahia, l\u2019homme qui cristallise toutes les haines"},"content":{"rendered":"<h4 class=\"title-14\"\/>\n<div class=\"featured_image\"><img width=\"792\" height=\"600\" data-cfsrc=\"https:\/\/www.elwatan.com\/wp-content\/uploads\/2019\/06\/ouyahia.jpg\" class=\"attachment-post-thumbnail size-post-thumbnail wp-post-image c1\" alt=\"\" srcset=\"https:\/\/www.elwatan.com\/wp-content\/uploads\/2019\/06\/ouyahia.jpg 792w, https:\/\/www.elwatan.com\/wp-content\/uploads\/2019\/06\/ouyahia-300x227.jpg 300w, https:\/\/www.elwatan.com\/wp-content\/uploads\/2019\/06\/ouyahia-768x582.jpg 768w\" sizes=\"(max-width: 792px) 100vw, 792px\"\/><noscript><\/p>\n<p><img loading=\"lazy\" decoding=\"async\" width=\"792\" height=\"600\" src=\"https:\/\/www.elwatan.com\/wp-content\/uploads\/2019\/06\/ouyahia.jpg\" class=\"attachment-post-thumbnail size-post-thumbnail wp-post-image\" alt=\"\" srcset=\"https:\/\/www.elwatan.com\/wp-content\/uploads\/2019\/06\/ouyahia.jpg 792w, https:\/\/www.elwatan.com\/wp-content\/uploads\/2019\/06\/ouyahia-300x227.jpg 300w, https:\/\/www.elwatan.com\/wp-content\/uploads\/2019\/06\/ouyahia-768x582.jpg 768w\" sizes=\"auto, (max-width: 792px) 100vw, 792px\"\/><\/p>\n<p><\/noscript> <span class=\"featured-image-caption\">Ahmed Ouyahia.<\/span><\/div>\n<p class=\"p1\"><span class=\"s1\">D<\/span><span class=\"s2\"><em>a Ouyahia, plastek f\u2019El Harrach<\/em>\u00bb (Ouyahia, votre place est \u00e0 la prison d\u2019El Harrach), \u00ab<em>Goulou l\u2019Ouyahia makache Europa, djibouh l\u2019El Harrach yadrab essoupa<\/em>\u00bb (Dites \u00e0 Ouyahia pas d\u2019Europe, ramenez-le \u00e0 El Harrach se taper la soupe)\u2026 Depuis le d\u00e9but du soul\u00e8vement populaire du 22 f\u00e9vrier, il n\u2019y a pas eu un seul vendredi, une seule manif\u2019, sans que le nom d\u2019Ahmed Ouyahia ne soit cit\u00e9 et conspu\u00e9.<\/span><\/p>\n<p class=\"p1\"><span class=\"s2\">Et apr\u00e8s les \u00ab<em>Ouyahia d\u00e9gage\u00a0!<\/em>\u00bb \u00ab<em>Ouyahia himaroune<\/em>\u00bb, d\u00e8s les premi\u00e8res vagues d\u2019arrestations de personnages du s\u00e9rail, sa t\u00eate \u00e9tait r\u00e9clam\u00e9e aux cris de \u00ab<em>Ouyahia f\u2019El Harrach<\/em>\u00bb. Plusieurs carr\u00e9s de manifestants exigeaient, en effet, son arrestation, le pr\u00e9sentant d\u00e9j\u00e0 sur nombre de pancartes en tenue de taulard. Depuis mercredi dernier, c\u2019est chose faite. L\u2019ex-Premier ministre \u2013 et c\u2019est une premi\u00e8re \u2013 a bien fini par rejoindre les illustres pensionnaires d\u2019El Harrach que sont les Haddad, Tahkout, Kouninef\u2026 Avant d\u2019\u00eatre rejoint le lendemain par un autre Premier ministre, Abdelmalek Sellal en l\u2019occurrence, ainsi qu\u2019un autre ancien ministre\u00a0: Amara Benyoun\u00e8s. Et c\u2019est loin d\u2019\u00eatre fini, des poids lourds \u00e9tant attendus dans les prochains jours.<\/span><\/p>\n<p class=\"p2\"><span class=\"s2\">Force est de le constater\u00a0: l\u2019incarc\u00e9ration d\u2019Ahmed Ouyahia est celle qui a le plus r\u00e9joui les \u00abhirakistes\u00bb. Plusieurs manifestants hilares ont f\u00eat\u00e9 cela \u00e0 coups de pots de yaourt, \u00e0 l\u2019image de cette m\u00e8re de famille qui d\u00e9filait<span class=\"Apple-converted-space\">\u00a0<\/span> pr\u00e8s de la Grande-Poste une bouteille de yaourt \u00e0 la main en l\u00e2chant\u00a0\u00e0 la hussarde : \u00ab<em>Endjiboulek el yaourt<\/em>\u00bb (Nous t\u2019apporterons du yaourt en prison). Il faut rappeler aussi que la premi\u00e8re fois qu\u2019Ahmed Ouyahia devait \u00eatre auditionn\u00e9 par le juge d\u2019instruction pr\u00e8s le tribunal de Sidi M\u2019hamed, le 21 avril dernier, des cohortes de citoyens l\u2019attendaient de pied ferme rue Abane Ramdane arm\u00e9s de pots de yaourt.<\/span><\/p>\n<p class=\"p3\"><strong><span class=\"s2\">La long\u00e9vit\u00e9 \u00e0 risque d\u2019un homme de paille<\/span><\/strong><\/p>\n<p class=\"p2\"><span class=\"s2\">C\u2019est un fait\u00a0: de tous les hauts responsables, Ahmed Ouyahia restera la personnalit\u00e9 publique la plus d\u00e9test\u00e9e des Alg\u00e9riens. Le patron du RND tra\u00eene une r\u00e9putation d\u2019homme des \u00ab<em>sales besognes<\/em>\u00bb, de serviteur z\u00e9l\u00e9 du syst\u00e8me, de monstre froid, d\u2019apparatchik sans c\u0153ur qui ne fait pas dans le sentiment. C\u2019est l\u2019arch\u00e9type m\u00eame du parfait ex\u00e9cutant \u00ab<em>sans \u00e9tats d\u2019\u00e2me\u00bb,<\/em>\u00a0 tout \u00e0 la fois cynique, sto\u00efque et loyal, ayant un \u00e9trange sens du devoir qui l\u2019a souvent pouss\u00e9 \u00e0 assumer les t\u00e2ches les plus ingrates et endosser les mesures les plus impopulaire<\/span><\/p>\n<p class=\"p2\"><span class=\"s2\">s, m\u00eame lorsque la responsabilit\u00e9 \u00e9tait objectivement partag\u00e9e. Ouyahia n\u2019a jamais h\u00e9sit\u00e9 \u00e0 tout prendre sur lui\u00a0; et m\u00eame durant ses travers\u00e9es du d\u00e9sert entre deux primatures, il n\u2019a jamais pris la peine de se d\u00e9fendre, assumant cr\u00e2nement ses choix \u00e9conomiques et les d\u00e9g\u00e2ts collat\u00e9raux de sa politique antisociale.<\/span><\/p>\n<p class=\"p2\"><span class=\"s2\">Comme l\u2019indique sa biographie officielle, que l\u2019on peut toujours consulter sur le portail du Premier minist\u00e8re, l\u2019homme de 67 ans (il est n\u00e9 le 2 juillet 1952 \u00e0 Bouadnane, en Kabylie) a \u00e9t\u00e9 \u00e0 la t\u00eate du gouvernement \u00e0 cinq reprises, deux fois sous Zeroual et trois fois sous Bouteflika\u00a0: d\u00e9cembre 1995-juin 1997,<span class=\"Apple-converted-space\">\u00a0<\/span> juin 1997-d\u00e9cembre 1998,<span class=\"Apple-converted-space\">\u00a0<\/span> mai 2003-mai 2006, juin 2008-septembre 2012, ao\u00fbt 2017- mars 2019. En tout, il aura occup\u00e9 le poste de Premier ministre pendant une douzaine d\u2019ann\u00e9es. Un record. Qui a ses revers,\u00a0et c\u2019est l\u2019une des raisons, justement, de son impopularit\u00e9, notamment sous Bouteflika, qui a la r\u00e9putation d\u2019utiliser ses hommes de paille comme \u00abfusibles\u00bb.<\/span><\/p>\n<p class=\"p2\"><span class=\"s2\">Dans la m\u00e9moire collective, \u00e0 tort ou \u00e0 raison, le nom d\u2019Ahmed Ouyahia restera \u00e0 jamais associ\u00e9 \u00e0 l\u2019affaire des cadres gestionnaires massivement incarc\u00e9r\u00e9s dans les ann\u00e9es 1990 lorsqu\u2019il \u00e9tait chef du gouvernement sous Zeroual, aux ponctions sur salaire, \u00e0 la liquidation de centaines d\u2019entreprises publiques, aux taxes sur les v\u00e9hicules neufs ou encore l\u2019instauration de la vignette automobile\u2026 Si bien que son nom est devenu fatalement synonyme \u00a0d\u2019\u00abaust\u00e9rit\u00e9\u00bb. \u00ab<em>Tout le malheur du peuple alg\u00e9rien et son appauvrissement ont,<span class=\"Apple-converted-space\">\u00a0<\/span> \u00e0 l\u2019origine, cet homme politique qui a gouvern\u00e9 l\u2019Alg\u00e9rie deux fois avec Zeroual et trois fois avec Bouteflika<\/em>\u00bb, r\u00e9sume un internaute.<\/span><\/p>\n<p class=\"p3\"><strong><span class=\"s2\">\u00abIl va go\u00fbter \u00e0 la douleur des cadres incarc\u00e9r\u00e9s\u00bb<\/span><\/strong><\/p>\n<p class=\"p2\"><span class=\"s2\">\u00ab<em>Ma premi\u00e8re pens\u00e9e en apprenant son arrestation a \u00e9t\u00e9 pour les cadres gestionnaires injustement jet\u00e9s en prison. Qu\u2019il go\u00fbte un peu \u00e0 ce qu\u2019ils ont endur\u00e9<\/em>\u00bb, r\u00e9agissait un manifestant rencontr\u00e9 vendredi dernier. R\u00e9cemment, \u00e0 l\u2019occasion de l\u2019une des marches du vendredi, nous avons crois\u00e9 une dame qui nous disait qu\u2019elle \u00e9tait pr\u00eate \u00e0 tout pour emp\u00eacher Ouyahia de se porter candidat \u00e0 la pr\u00e9sidentielle.<\/span><\/p>\n<p class=\"p2\"><span class=\"s2\">Elle avait effectivement une dent contre lui et pour cause\u00a0: \u00ab<em>Ouyahia a d\u00e9truit ma vie<\/em>\u00bb, ass\u00e8ne-t-elle. Et de nous raconter comment son mari, informaticien, \u00ab<em>a \u00e9t\u00e9 l\u2019une des toutes premi\u00e8res victimes d\u2019Ouyahia dans les ann\u00e9es 1990<\/em>\u00bb durant la campagne d\u2019incarc\u00e9ration des cadres. \u00ab<em>Mon mari a \u00e9t\u00e9 mis au ch\u00f4mage, on venait de commencer notre vie. On attendait notre premier enfant, j\u2019\u00e9tais \u00e0 mon 4<sup>e<\/sup> mois de grossesse. Cette affaire nous a co\u00fbt\u00e9 tr\u00e8s cher. Mon mari a fait une d\u00e9pression. Il en a \u00e9t\u00e9 tellement malade qu\u2019il a eu des probl\u00e8mes de sant\u00e9, il a fait un diab\u00e8te aigu, on a d\u00fb l\u2019amputer des deux jambes. J\u2019ai d\u00fb travailler pour \u00e9lever mes deux enfants. Aujourd\u2019hui, ils sont \u00e0 la fac, hamdoullah, mais je ne suis pas pr\u00e8s de pardonner \u00e0 Ouyahia et ce gouvernement injuste.\u00bb<\/em><\/span><\/p>\n<p class=\"p3\"><strong><span class=\"s2\">Des petites phrases qui passent mal<\/span><\/strong><\/p>\n<p class=\"p2\"><span class=\"s2\">Une autre raison pour laquelle Ouyahia suscite autant de ranc\u0153urs au sein de l\u2019opinion est le chapelet de petites phrases qu\u2019on lui pr\u00eate\u00a0: \u00ab<em>Le peuple n\u2019est pas oblig\u00e9 de manger du yaourt<\/em>\u00bb, \u00ab<em>Affame ton chien il te suivra<\/em>\u00bb, \u00ab<em>En Syrie aussi, \u00e7a a commenc\u00e9 avec des roses<\/em>\u00bb, <em>\u00abNous ne laisserons personne utiliser la rue, et je parle, ici, au nom de l\u2019Etat. Nous ma\u00eetrisons la rue, et nous l\u2019avons prouv\u00e9 en 2014\u00bb.<\/em> Il faut dire que la r\u00e9flexion abrupte sur la consommation du yaourt, pr\u00e9sent\u00e9 maladroitement comme un produit de luxe, est tr\u00e8s mal pass\u00e9e \u00e0 en juger par le nombre de manifestants qui ont parad\u00e9 vendredi dernier avec ce dessert pour narguer Ouyahia. \u00ab<em>L\u2019image du pot de yaourt est simple et efficace, comme un message publicitaire, c\u2019est pour \u00e7a qu\u2019elle est aussi partag\u00e9e<\/em>\u00bb, d\u00e9crypte un sp\u00e9cialiste en communication publicitaire. \u00ab<em>Il faut dire aussi qu\u2019Ouyahia a fait beaucoup de d\u00e9g\u00e2ts, ce qui explique cette image d\u00e9favorable qui lui colle \u00e0 la peau.\u00bb<\/em><\/span><\/p>\n<p class=\"p2\"><span class=\"s2\">Ces petites phrases n\u2019ont fait que conforter dans l\u2019imagerie populaire l\u2019impression d\u2019avoir affaire \u00e0 un homme de pouvoir arrogant, qui prend son peuple de haut. Sur le compte d\u2019un Youtuber, qui a consacr\u00e9 une vid\u00e9o \u00e0 Ouyahia et sa suppos\u00e9e d\u00e9claration \u00abA<em>ffame ton chien, il te suivra<\/em>\u00bb, les commentaires sont sans appel et en disent long sur le ressentiment que nourrit le personnage.<\/span><\/p>\n<p class=\"p2\"><span class=\"s2\">Floril\u00e8ge\u00a0: \u00ab<em>C\u2019est l\u2019incarnation des malheurs de tous les Alg\u00e9riens\u00a0! Il nous a toujours ignor\u00e9s<\/em>\u00bb, \u00ab<em>Eh oui, il a trait\u00e9 le peuple de chien. Quelle arrogance !<\/em>\u00bb \u00ab<em>C\u2019est un l\u00e2che qui m\u00e9prise le peuple d\u2019en bas<\/em>\u00bb. Dans les manifs, beaucoup tiennent \u00e9galement \u00e0 lui rappeler que le caract\u00e8re r\u00e9solument pacifique du mouvement du 22 f\u00e9vrier incarn\u00e9 par le slogan \u00ab<em>Silmiya\u00a0!<\/em>\u00bb a apport\u00e9 un cinglant d\u00e9menti \u00e0 ses mises en garde<span class=\"Apple-converted-space\">\u00a0<\/span> pr\u00e9disant un sort \u00e0 la syrienne si le peuple persistait dans son \u00e9lan contestataire. \u00ab<em>Ya Ouyahia, Dza\u00efr machi Souria<\/em>\u00bb (Ouyahia, l\u2019Alg\u00e9rie n\u2019est pas la Syrie), entonnaient \u00e0 plusieurs reprises les manifestants. Une pancarte rep\u00e9r\u00e9e vendredi dernier disait \u00e0 l\u2019adresse du Premier ministre d\u00e9chu\u00a0: \u00abOuyahia on t\u2019a pr\u00e9venu, l\u2019Alg\u00e9rie n\u2019est pas la Syrie. Et on dit \u00e0 Ga\u00efd\u00a0: l\u2019Alg\u00e9rie n\u2019est pas l\u2019Egypte\u00bb.<\/span><\/p>\n<p class=\"p3\"><strong><span class=\"s2\">\u00abUn sentiment antikabyle\u00bb<\/span><\/strong><\/p>\n<p class=\"p2\"><span class=\"s2\">Pour terminer, il convient de noter que ce traitement r\u00e9serv\u00e9 \u00e0 Ahmed Ouyahia est consid\u00e9r\u00e9 par certains nomme l\u2019expression d\u2019un \u00ab<em>sentiment antikabyle primaire<\/em>\u00bb. \u00ab<em>Le pouvoir a livr\u00e9 Ouyahia en p\u00e2ture parce qu\u2019il n\u2019aime pas les Kabyles<\/em>\u00bb, estime Mehdi, 31 ans, commer\u00e7ant de son \u00e9tat, rencontr\u00e9 hier \u00e0 la place des Martyrs. Mehdi arborait un t-shirt \u00e0 l\u2019effigie de Loun\u00e8s Matoub. L\u2019occasion de rappeler que Matoub n\u2019h\u00e9sitait pas \u00e0 s\u2019en prendre dans ses chansons \u00e0 l\u2019enfant de Bouadnane et \u00e0 \u00ab<em>lekvayel ne\u2019service<\/em>\u00bb, les \u00ab<em>Kabyles de service<\/em>\u00bb (commun\u00e9ment appel\u00e9s KDS).<\/span><\/p>\n<p class=\"p2\"><span class=\"s2\">Sur une image d\u00e9tourn\u00e9e qui a fait flor\u00e8s, Ouyahia est qualifi\u00e9 de \u00abMiss Lahram\u00bb. \u00ab<em>Il faut dire aussi qu\u2019Ouyahia est le seul qui tenait un discours de v\u00e9rit\u00e9. Il ne faisait pas dans le populisme<\/em>\u00bb, temp\u00e8re un confr\u00e8re qui se dit \u00ab<em>contre les tribunaux populaires et la justice m\u00e9diatique<\/em>\u00bb. \u00ab<em>Je ne d\u00e9fends pas Ouyahia mais la v\u00e9rit\u00e9 doit \u00eatre dite\u00a0: Boutef a tout fait pour casser Ouyahia et tout lui mettre sur le dos. Dans l\u2019affaire des cadres gestionnaires, il n\u2019\u00e9tait pas le seul \u00e0 d\u00e9cider. Zeroual, Betchine et Adami en partagent tout autant la responsabilit\u00e9. Les ponctions sur salaire, c\u2019est parce que les caisses de l\u2019Etat \u00e9taient vides. Le baril \u00e9tait \u00e0 10 dollars. Ouyahia a toujours d\u00e9nonc\u00e9 le terrorisme, il \u00e9tait qualifi\u00e9 d\u2019\u00e9radicateur et il n\u2019avait pas les faveurs des islamistes. C\u2019est pour cela aussi qu\u2019il est d\u00e9test\u00e9. Son seul tort est d\u2019avoir tout pris sto\u00efquement sur lui et n\u2019avoir jamais parl\u00e9 pour r\u00e9tablir les responsabilit\u00e9s<\/em>.\u00bb<\/span><\/p>\n<p class=\"p2\"><span class=\"s2\">Il aura \u00e9t\u00e9, sa vie durant, le parfait paratonnerre du syst\u00e8me\u2026<\/span><\/p>\n<p><span class=\"post-views-label\">Post Views:<\/span> <span class=\"post-views-count\">2\u00a0991<\/span><\/p>\n<p>Auteur: Hicham Chouadria<br \/>\n<a href=\"https:\/\/www.elwatan.com\/edition\/actualite\/son-incarceration-a-rejoui-les-manifestants-ahmed-ouyahia-lhomme-qui-cristallise-toutes-les-haines-17-06-2019\">Cliquez ici pour lire l&rsquo;article depuis sa source.<\/a><\/p>\n","protected":false},"excerpt":{"rendered":"<p>Ahmed Ouyahia. Da Ouyahia, plastek f\u2019El Harrach\u00bb (Ouyahia, votre place est \u00e0 la prison d\u2019El Harrach), \u00abGoulou l\u2019Ouyahia makache Europa, djibouh l\u2019El Harrach yadrab essoupa\u00bb (Dites \u00e0 Ouyahia pas d\u2019Europe, ramenez-le \u00e0 El Harrach se taper la soupe)\u2026 Depuis le d\u00e9but du soul\u00e8vement populaire du 22 f\u00e9vrier, il n\u2019y a pas eu un seul vendredi, [&hellip;]<\/p>\n","protected":false},"author":1743,"featured_media":41144,"comment_status":"closed","ping_status":"closed","sticky":false,"template":"","format":"standard","meta":{"fifu_image_url":"","fifu_image_alt":"","footnotes":""},"categories":[73,53],"tags":[],"class_list":["post-41143","post","type-post","status-publish","format-standard","has-post-thumbnail","hentry","category-actualite","category-algerie"],"_links":{"self":[{"href":"https:\/\/linitiative.ca\/International\/wp-json\/wp\/v2\/posts\/41143","targetHints":{"allow":["GET"]}}],"collection":[{"href":"https:\/\/linitiative.ca\/International\/wp-json\/wp\/v2\/posts"}],"about":[{"href":"https:\/\/linitiative.ca\/International\/wp-json\/wp\/v2\/types\/post"}],"author":[{"embeddable":true,"href":"https:\/\/linitiative.ca\/International\/wp-json\/wp\/v2\/users\/1743"}],"replies":[{"embeddable":true,"href":"https:\/\/linitiative.ca\/International\/wp-json\/wp\/v2\/comments?post=41143"}],"version-history":[{"count":0,"href":"https:\/\/linitiative.ca\/International\/wp-json\/wp\/v2\/posts\/41143\/revisions"}],"wp:featuredmedia":[{"embeddable":true,"href":"https:\/\/linitiative.ca\/International\/wp-json\/"}],"wp:attachment":[{"href":"https:\/\/linitiative.ca\/International\/wp-json\/wp\/v2\/media?parent=41143"}],"wp:term":[{"taxonomy":"category","embeddable":true,"href":"https:\/\/linitiative.ca\/International\/wp-json\/wp\/v2\/categories?post=41143"},{"taxonomy":"post_tag","embeddable":true,"href":"https:\/\/linitiative.ca\/International\/wp-json\/wp\/v2\/tags?post=41143"}],"curies":[{"name":"wp","href":"https:\/\/api.w.org\/{rel}","templated":true}]}}