{"id":41149,"date":"2019-06-17T05:24:35","date_gmt":"2019-06-17T09:24:35","guid":{"rendered":"https:\/\/linitiative.ca\/International\/les-organisateurs-de-la-conference-nationale-repondent-aux-critiques-de-la-demarche-nous-avons-realise-un-compromis-historique\/"},"modified":"2019-06-17T05:24:35","modified_gmt":"2019-06-17T09:24:35","slug":"les-organisateurs-de-la-conference-nationale-repondent-aux-critiques-de-la-demarche-nous-avons-realise-un-compromis-historique","status":"publish","type":"post","link":"https:\/\/linitiative.ca\/International\/les-organisateurs-de-la-conference-nationale-repondent-aux-critiques-de-la-demarche-nous-avons-realise-un-compromis-historique\/","title":{"rendered":"Les organisateurs de la conf\u00e9rence nationale r\u00e9pondent aux critiques de la d\u00e9marche : \u00abNous avons r\u00e9alis\u00e9 un compromis historique\u00bb"},"content":{"rendered":"<h4 class=\"title-14\"\/>\n<p class=\"p1\"><strong>L<\/strong>\u2019<span class=\"s1\">initiative des dynamiques de la soci\u00e9t\u00e9 civile, adopt\u00e9e samedi dernier lors d\u2019une conf\u00e9rence nationale, n\u2019est pas pass\u00e9e inaper\u00e7ue. La feuille de route propos\u00e9e par les participants a \u00e9t\u00e9 diff\u00e9remment appr\u00e9ci\u00e9e. Alors que les initiateurs l\u2019ont qualifi\u00e9e d\u2019historique, certains observateurs \u00e9mettent des critiques sur le contenu de la proposition.<\/span><\/p>\n<p class=\"p2\"><span class=\"s1\">Si les partisans du pouvoir critiquent la proposition d\u2019un passage oblig\u00e9 par une p\u00e9riode de transition, g\u00e9r\u00e9e par des personnalit\u00e9s ind\u00e9pendantes, les opposants trouvent que <em>\u00ables acquis de la conf\u00e9rence\u00bb<\/em> sont <em>\u00abplut\u00f4t maigres\u00bb<\/em>. Ont-ils raison\u00a0? Leurs critiques sont-elles objectives\u00a0? Pour les organisateurs de cette conf\u00e9rence, les critiques sont <em>\u00aball\u00e9s vite en besogne\u00bb.<\/em><\/span><\/p>\n<p class=\"p2\"><span class=\"s1\"><em>\u00abIls n\u2019ont pas pris le soin de lire la r\u00e9solution de la conf\u00e9rence et donc ils n\u2019ont pas compris la d\u00e9marche\u00bb<\/em>, r\u00e9torque Sa\u00efd Salhi, vice-pr\u00e9sident de la LADDH et membre du Collectif de la soci\u00e9t\u00e9 civile pour la transition d\u00e9mocratique. Selon lui, ces r\u00e9actions confirment, une nouvelle fois, que <em>\u00abnous tra\u00eenons encore les s\u00e9quelles des ann\u00e9es 1990\u00bb. \u00abNous ne voulons pas reproduire l\u2019exclusion pratiqu\u00e9e par le syst\u00e8me pendant tout ce temps.<\/em><\/span><\/p>\n<p class=\"p2\"><span class=\"s1\"><em>Nous sommes parvenus \u00e0 un compromis, mais sans se compromettre. C\u2019est historique\u00a0! Il fallait d\u00e9battre avec tout le monde pour essayer de rapprocher les positions des uns et des autres\u00bb<\/em>, pr\u00e9cise-t-il. Selon lui, <em>\u00abon ne peut pas tout arracher\u00bb. \u00abC\u2019est un processus qui a dur\u00e9 plusieurs mois. Les n\u00e9gociations n\u2019\u00e9taient faciles. Nous n\u2019allons pas assumer la division, nous devons, par contre, lutter pour la diff\u00e9rence. Rien n\u2019est acquis pour l\u2019instant\u00a0; la rupture avec le syst\u00e8me n\u2019est pas act\u00e9e\u00bb<\/em>, explique-t-il. Sa\u00efd Salhi appelle, dans la foul\u00e9e, <em>\u00ab\u00e0 d\u00e9passer les incompr\u00e9hensions\u00bb<\/em>, car <em>\u00abla sortie de crise est la responsabilit\u00e9 de<\/em> <em>tous\u00bb.<\/em><\/span><\/p>\n<p class=\"p3\"><strong><span class=\"s1\">\u00abLa r\u00e9union de toutes les sensibilit\u00e9s, un acquis\u00bb<\/span><\/strong><\/p>\n<p class=\"p2\"><span class=\"s1\">Pour Messaoud Boudiba, porte-parole du Cnapeste et membre de la Conf\u00e9d\u00e9ration des syndicats alg\u00e9riens (CSA), l\u2019initiative <em>\u00aba \u00e9t\u00e9 accueillie favorablement par les gens\u00bb. \u00abLa conf\u00e9rence a r\u00e9ussi \u00e0 r\u00e9unir toutes les sensibilit\u00e9s de la soci\u00e9t\u00e9, qui ont paraph\u00e9 un document commun, traduisant leur engagement \u00e0 participer \u00e0 solutionner la crise actuelle. C\u2019est historique, \u00e0 mon sens\u00bb<\/em>, souligne-t-il.<\/span><\/p>\n<p class=\"p2\"><span class=\"s1\">Les critiques, ajoute-t-il, portent sur l\u2019absence de certains points d\u00e9fendus par certains acteurs dans la feuille de route finale, \u00e0 l\u2019image de l\u2019Assembl\u00e9e constituante. <em>\u00abCes points ne peuvent pas \u00eatre expliqu\u00e9s dans une initiative. Le parcours sera long. Nous devons nous r\u00e9unir dans les prochains jours afin de d\u00e9finir les m\u00e9canismes n\u00e9cessaires pour la concr\u00e9tisation de notre d\u00e9marche en \u00e9largissant le d\u00e9bat \u00e0 la classe politique et aux personnalit\u00e9s nationales\u00bb<\/em>, d\u00e9taille-t-il.<\/span><\/p>\n<p class=\"p2\"><span class=\"s1\">M\u00eame point de vue d\u00e9velopp\u00e9 par Boualem Amoura, pr\u00e9sident du Satef et membre du CSA. <em>\u00abDans une telle initiative, on ne peut pas satisfaire tout le monde. Notre d\u00e9marche n\u2019a, d\u2019ailleurs, pas plu au pouvoir qui ne voulait pas d\u2019une conf\u00e9rence qui lui \u00e9chappe. Mais dans l\u2019absolu, cette conf\u00e9rence est une avanc\u00e9e. Nous avons pris l\u2019initiative, maintenant c\u2019est aux autres de faire de m\u00eame. Nous ne d\u00e9tenons pas le monopole de la soci\u00e9t\u00e9 civile\u00bb<\/em>, indique-t-il.<\/span><\/p>\n<p class=\"p2\"><span class=\"s1\">La r\u00e9union des diff\u00e9rentes sensibilit\u00e9s est soulign\u00e9e dans le communiqu\u00e9 final de la conf\u00e9rence, qui insiste sur les objectifs du mouvement populaire visant \u00e0 b\u00e2tir <em>\u00abune Alg\u00e9rie libre, d\u00e9mocratique, sociale, plurielle et civile, gouvern\u00e9e par la loi\u00bb.<\/em>\u00a0<\/span><\/p>\n<p><span class=\"post-views-label\">Post Views:<\/span> <span class=\"post-views-count\">1\u00a0049<\/span><\/p>\n<p>Auteur: Hicham Chouadria<br \/>\n<a href=\"https:\/\/www.elwatan.com\/edition\/actualite\/les-organisateurs-de-la-conference-nationale-repondent-aux-critiques-de-la-demarche-nous-avons-realise-un-compromis-historique-17-06-2019\">Cliquez ici pour lire l&rsquo;article depuis sa source.<\/a><\/p>\n","protected":false},"excerpt":{"rendered":"<p>L\u2019initiative des dynamiques de la soci\u00e9t\u00e9 civile, adopt\u00e9e samedi dernier lors d\u2019une conf\u00e9rence nationale, n\u2019est pas pass\u00e9e inaper\u00e7ue. La feuille de route propos\u00e9e par les participants a \u00e9t\u00e9 diff\u00e9remment appr\u00e9ci\u00e9e. Alors que les initiateurs l\u2019ont qualifi\u00e9e d\u2019historique, certains observateurs \u00e9mettent des critiques sur le contenu de la proposition. Si les partisans du pouvoir critiquent la [&hellip;]<\/p>\n","protected":false},"author":1743,"featured_media":0,"comment_status":"closed","ping_status":"closed","sticky":false,"template":"","format":"standard","meta":{"fifu_image_url":"","fifu_image_alt":"","footnotes":""},"categories":[73,53],"tags":[],"class_list":["post-41149","post","type-post","status-publish","format-standard","hentry","category-actualite","category-algerie"],"_links":{"self":[{"href":"https:\/\/linitiative.ca\/International\/wp-json\/wp\/v2\/posts\/41149","targetHints":{"allow":["GET"]}}],"collection":[{"href":"https:\/\/linitiative.ca\/International\/wp-json\/wp\/v2\/posts"}],"about":[{"href":"https:\/\/linitiative.ca\/International\/wp-json\/wp\/v2\/types\/post"}],"author":[{"embeddable":true,"href":"https:\/\/linitiative.ca\/International\/wp-json\/wp\/v2\/users\/1743"}],"replies":[{"embeddable":true,"href":"https:\/\/linitiative.ca\/International\/wp-json\/wp\/v2\/comments?post=41149"}],"version-history":[{"count":0,"href":"https:\/\/linitiative.ca\/International\/wp-json\/wp\/v2\/posts\/41149\/revisions"}],"wp:attachment":[{"href":"https:\/\/linitiative.ca\/International\/wp-json\/wp\/v2\/media?parent=41149"}],"wp:term":[{"taxonomy":"category","embeddable":true,"href":"https:\/\/linitiative.ca\/International\/wp-json\/wp\/v2\/categories?post=41149"},{"taxonomy":"post_tag","embeddable":true,"href":"https:\/\/linitiative.ca\/International\/wp-json\/wp\/v2\/tags?post=41149"}],"curies":[{"name":"wp","href":"https:\/\/api.w.org\/{rel}","templated":true}]}}