{"id":41150,"date":"2019-06-17T05:25:40","date_gmt":"2019-06-17T09:25:40","guid":{"rendered":"https:\/\/linitiative.ca\/International\/alors-que-amar-tou-et-karim-djoudi-sont-inculpes-et-places-sous-controle-judiciaire-ahmed-ouyahia-youcef-yousfi-et-le-patron-du-groupe-sovac-devant-les-juges\/"},"modified":"2019-06-17T05:25:40","modified_gmt":"2019-06-17T09:25:40","slug":"alors-que-amar-tou-et-karim-djoudi-sont-inculpes-et-places-sous-controle-judiciaire-ahmed-ouyahia-youcef-yousfi-et-le-patron-du-groupe-sovac-devant-les-juges","status":"publish","type":"post","link":"https:\/\/linitiative.ca\/International\/alors-que-amar-tou-et-karim-djoudi-sont-inculpes-et-places-sous-controle-judiciaire-ahmed-ouyahia-youcef-yousfi-et-le-patron-du-groupe-sovac-devant-les-juges\/","title":{"rendered":"Alors que Amar Tou et Karim Djoudi sont inculp\u00e9s et plac\u00e9s sous contr\u00f4le judiciaire : Ahmed Ouyahia, Youcef Yousfi et le patron du groupe Sovac devant les juges"},"content":{"rendered":"<h4 class=\"title-14\"\/>\n<div class=\"featured_image\"><img width=\"3300\" height=\"2196\" data-cfsrc=\"https:\/\/www.elwatan.com\/wp-content\/uploads\/2019\/06\/cour-col-sami.jpeg\" class=\"attachment-post-thumbnail size-post-thumbnail wp-post-image c1\" alt=\"\" srcset=\"https:\/\/www.elwatan.com\/wp-content\/uploads\/2019\/06\/cour-col-sami.jpeg 3300w, https:\/\/www.elwatan.com\/wp-content\/uploads\/2019\/06\/cour-col-sami-300x200.jpeg 300w, https:\/\/www.elwatan.com\/wp-content\/uploads\/2019\/06\/cour-col-sami-768x511.jpeg 768w, https:\/\/www.elwatan.com\/wp-content\/uploads\/2019\/06\/cour-col-sami-1024x681.jpeg 1024w, https:\/\/www.elwatan.com\/wp-content\/uploads\/2019\/06\/cour-col-sami-1320x878.jpeg 1320w\" sizes=\"(max-width: 3300px) 100vw, 3300px\"\/><noscript><\/p>\n<p><img loading=\"lazy\" decoding=\"async\" width=\"3300\" height=\"2196\" src=\"https:\/\/www.elwatan.com\/wp-content\/uploads\/2019\/06\/cour-col-sami.jpeg\" class=\"attachment-post-thumbnail size-post-thumbnail wp-post-image\" alt=\"\" srcset=\"https:\/\/www.elwatan.com\/wp-content\/uploads\/2019\/06\/cour-col-sami.jpeg 3300w, https:\/\/www.elwatan.com\/wp-content\/uploads\/2019\/06\/cour-col-sami-300x200.jpeg 300w, https:\/\/www.elwatan.com\/wp-content\/uploads\/2019\/06\/cour-col-sami-768x511.jpeg 768w, https:\/\/www.elwatan.com\/wp-content\/uploads\/2019\/06\/cour-col-sami-1024x681.jpeg 1024w, https:\/\/www.elwatan.com\/wp-content\/uploads\/2019\/06\/cour-col-sami-1320x878.jpeg 1320w\" sizes=\"auto, (max-width: 3300px) 100vw, 3300px\"\/><\/p>\n<p><\/noscript> <span class=\"featured-image-caption\">Si\u00e8ge de la Cour supr\u00eame (Photo : Sami K)<\/span><\/div>\n<p class=\"p1\"><span class=\"s2\">Alors que deux anciens ministres, des Finances, Karim Djoudi, et des Travaux publics et des Transports, Ammar Tou, sont plac\u00e9s sous contr\u00f4le judiciaire par les magistrats de la Cour supr\u00eame, dans le cadre du dossier Ali Haddad, le patron du groupe Sovac, Mourad Oulmi, et son fr\u00e8re-associ\u00e9 Kheir sont d\u00e9f\u00e9r\u00e9s devant le tribunal de Sidi M\u2019hamed, pr\u00e8s la cour d\u2019Alger, avec une cinquantaine de personnes, dont l\u2019ex-Premier ministre Ahmed Ouyahia et l\u2019ancien ministre de l\u2019Industrie Youcef Yousfi, pour plusieurs griefs li\u00e9s, entre autres, \u00abau transfert illicites de capitaux vers l\u2019\u00e9tranger, octroi d\u2019indus privil\u00e8ges et d\u2019abus de fonction\u00bb.<\/span><\/p>\n<p class=\"p3\"><span class=\"s3\"><strong>L<\/strong><\/span><span class=\"s2\">a journ\u00e9e d\u2019hier a \u00e9t\u00e9 marqu\u00e9e par une activit\u00e9 judiciaire intense. Au moment o\u00f9 les auditions d\u2019anciens hauts fonctionnaires de l\u2019Etat impliqu\u00e9s dans l\u2019affaire Ali Haddad, responsable du groupe ETRHB, se poursuivaient, le patron de Sovac, Mourad Oulmi, et son fr\u00e8re-associ\u00e9, Kheier, repr\u00e9sentants exclusifs des marques allemandes d\u2019automobile sont d\u00e9f\u00e9r\u00e9s devant le tribunal de Sidi M\u2019hamed, \u00e0 Alger, apr\u00e8s une garde \u00e0 vue de 72 heures, dans les locaux de la gendarmerie nationale pour une affaire de \u00abtransfert illicite de capitaux, d\u2019octroi d\u2019indus privil\u00e8ges et d\u2019abus de fonction\u00bb.<\/span><\/p>\n<p class=\"p3\"><span class=\"s2\">Plus d\u2019une cinquantaine de personnes ont \u00e9t\u00e9 convoqu\u00e9es dans le cadre de ce dossier, parmi lesquelles de hauts cadres du minist\u00e8re de l\u2019Industrie, dont l\u2019ancien ministre Youcef Yousfi, mais \u00e9galement l\u2019ex-Premier ministre Ahmed Ouyahia (plac\u00e9 mercredi dernier en d\u00e9tention provisoire par les magistrats de la Cour supr\u00eame, pour l\u2019affaire Ali Haddad), les deux pr\u00e9sent\u00e9s devant le procureur pour leur notifier les griefs avant d\u2019\u00eatre entendus par les juges de la Cour supr\u00eame.<\/span><\/p>\n<p class=\"p3\"><span class=\"s2\">T\u00f4t dans la matin\u00e9e, la Cour supr\u00eame \u00e9tait assi\u00e9g\u00e9e par de nombreuses \u00e9quipes de cha\u00eenes de t\u00e9l\u00e9vision qui attendaient l\u2019arriv\u00e9e des deux ex-ministres convoqu\u00e9s par les magistrats de la cette haute juridiction dans le cadre de l\u2019affaire Ali Haddad.<\/span><\/p>\n<p class=\"p3\"><span class=\"s2\">Le premier \u00e0 franchir le seuil vers 8h30 est Karim Djoudi, ex-ministre des Finances, qui n\u2019en sortira qu\u2019en fin de matin\u00e9e. Inculp\u00e9 pour \u00ababus de fonction et dilapidation de deniers publics\u00bb, il est plac\u00e9 sous contr\u00f4le judiciaire. La mesure l\u2019oblige \u00e0 se pr\u00e9senter une fois par mois devant le juge et \u00e0 restituer \u00e0 ce dernier ses deux passeports ordinaire et diplomatique.<\/span><\/p>\n<p class=\"p3\"><span class=\"s2\">Au tribunal de Sidi M\u2019hamed, les deux fr\u00e8res Oulmi, propri\u00e9taires du groupe Sovac, et l\u2019un des g\u00e9rants, maintenus en garde-\u00e0-vue depuis jeudi dernier (soit 72 heures) dans les locaux de la brigade de recherche de la gendarmerie de Bab J\u2019did, \u00e0 Alger, sont d\u00e9f\u00e9r\u00e9s (par les gendarmes) devant le procureur.<\/span><\/p>\n<p class=\"p3\"><span class=\"s2\">Quelque temps plus tard, un cort\u00e8ge de policiers escorte un fourgon cellulaire, \u00e0 bord duquel se trouve l\u2019ex-Premier ministre Ahmed Ouyahia (d\u00e9tenu \u00e0 El Harrach) qui s\u2019engouffre dans le sous-sol du tribunal. Ouyahia est convoqu\u00e9 par le procureur au m\u00eame titre que l\u2019ex-ministre de l\u2019Industrie, Youcef Yousfi, arriv\u00e9 un peu plus t\u00f4t. Les deux ex-hauts fonctionnaires de l\u2019Etat b\u00e9n\u00e9ficient du privil\u00e8ge de juridiction.<\/span><\/p>\n<p class=\"p3\"><span class=\"s2\">Une fois inform\u00e9s par le procureur des griefs qui leur sont reproch\u00e9s, ils sont d\u00e9f\u00e9r\u00e9s devant les magistrats de la Cour supr\u00eame. Au moins une cinquantaine de personnes, notamment de hauts cadres de l\u2019Industrie et l\u2019ex-directeur g\u00e9n\u00e9ral du CPA, sont convoqu\u00e9s dans le cadre de cette affaire, dont plus d\u2019une trentaine ont le statut de t\u00e9moin.<\/span><\/p>\n<p class=\"p3\"><span class=\"s2\">Les fr\u00e8res Oulmi sont poursuivis pour, entre autres, \u00abtransfert illicite de capitaux, surfacturation et dilapidation de deniers publics\u00bb, alors que les hauts fonctionnaires et les cadres de l\u2019Etat doivent r\u00e9pondre d\u2019inculpations li\u00e9es \u00e0 \u00abl\u2019octroi d\u2019indus privil\u00e8ges et de dilapidation de deniers publics\u00bb.<\/span><\/p>\n<p class=\"p3\"><span class=\"s2\">Toujours dans la matin\u00e9e, l\u2019ancien directeur g\u00e9n\u00e9ral de la S\u00fbret\u00e9 nationale, Abdelghani Hamel, est entendu par le juge du tribunal de Blida dans l\u2019affaire de l\u2019ex-chef de s\u00fbret\u00e9 de wilaya d\u2019Alger, le divisionnaire Noureddine Berrachdi, plac\u00e9 sous mandat de d\u00e9p\u00f4t le jour-m\u00eame de l\u2019A\u00efd, le 4 juin courant, pour avoir ordonn\u00e9 \u00e0 quatre de ses subordonn\u00e9s une enqu\u00eate parall\u00e8le \u00e0 celle ouverte par les gendarmes sur l\u2019affaire Kamel Chikhi, li\u00e9e au 701 kg de coca\u00efne, saisis \u00e0 Oran.<\/span><\/p>\n<p class=\"p3\"><span class=\"s2\">Entendus comme t\u00e9moins, les quatre officiers avaient d\u00e9clar\u00e9 lors de leur audition par le juge avoir \u00e9t\u00e9 instruits par le chef de s\u00fbret\u00e9 de wilaya, lequel a expliqu\u00e9 que l\u2019ouverture de cette enqu\u00eate lui a \u00e9t\u00e9 demand\u00e9e par l\u2019ex-directeur g\u00e9n\u00e9ral de la DGSN, Abdelghani Hamel. Hier, ce dernier a \u00e9t\u00e9 convoqu\u00e9 en tant que t\u00e9moin par le juge d\u2019instruction pr\u00e8s le tribunal de Blida afin d\u2019avoir sa version des faits. Vers 19h, Ammar Tou, ex-ministre des Travaux publics et des Transports, quitte la Cour supr\u00eame.<\/span><\/p>\n<p class=\"p3\"><span class=\"s2\">Il venait d\u2019\u00eatre inculp\u00e9 par le magistrat instructeur pour \u00aboctroi d\u2019indus privil\u00e8ges dans le cadre des march\u00e9s publics\u00bb. Lui aussi doit se pr\u00e9senter une fois par mois devant le juge d\u2019instruction et lui remettre ses deux passeports, ordinaire et diplomatique. Apr\u00e8s avoir entendu et inculp\u00e9 six personnalit\u00e9s, dont deux plac\u00e9es en d\u00e9tention (Abdelmalek Sellal et Ahmed Ouyahia), le magistrat doit encore entendre six autres hauts fonctionnaires de l\u2019Etat durant cette semaine, toujours dans le cadre du dossier Ali Haddad.<\/span><\/p>\n<p class=\"p3\"><span class=\"s2\">Il s\u2019agit des deux ex-ministres des Travaux publics et des Transports, le d\u00e9put\u00e9 Boudjemaa Tala\u00ef et le s\u00e9nateur Amar Ghoul, pour lesquels le ministre de la Justice a introduit une demande de lev\u00e9e de l\u2019immunit\u00e9 parlementaire aupr\u00e8s de l\u2019Assembl\u00e9e nationale et du S\u00e9nat.<\/span><\/p>\n<p class=\"p3\"><span class=\"s2\">Si pour Tala\u00ef la demande devra \u00eatre examin\u00e9e cette semaine, pour Ghoul, \u00e0 ce jour, rien n\u2019a filtr\u00e9 de la proc\u00e9dure. Sur la liste se trouve \u00e9galement le nom de l\u2019ex-ministre de l\u2019Industrie Abdessalem Bouchouareb, que l\u2019on dit \u00e0 l\u2019\u00e9tranger et qui n\u2019a, \u00e0 ce jour, pas r\u00e9pondu \u00e0 la convocation de la justice, mais aussi deux anciens walis, Abdelkader Zoukh d\u2019Alger et Mohamed Djamel Khnafer.<\/span><\/p>\n<p class=\"p3\"><span class=\"s2\">En fin de journ\u00e9e, le procureur g\u00e9n\u00e9ral pr\u00e8s la Cour supr\u00eame rend publiques les inculpations et les d\u00e9cisions de mise sous contr\u00f4le judiciaire prises contre Amar Tou et Karim Djoudi. Au tribunal de Sidi M\u2019hamed, les mis en cause n\u2019\u00e9taient toujours pas d\u00e9f\u00e9r\u00e9s devant le juge d\u2019instruction. Au moment o\u00f9 nous mettons sous presse, les auditions aupr\u00e8s du procureur se poursuivaient.<\/span><\/p>\n<p><span class=\"post-views-label\">Post Views:<\/span> <span class=\"post-views-count\">2\u00a0198<\/span><\/p>\n<p>Auteur: Hicham Chouadria<br \/>\n<a href=\"https:\/\/www.elwatan.com\/edition\/actualite\/alors-que-amar-tou-et-karim-djoudi-sont-inculpes-et-places-sous-controle-judiciaire-ahmed-ouyahia-youcef-yousfi-et-le-patron-du-groupe-sovac-devant-les-juges-17-06-2019\">Cliquez ici pour lire l&rsquo;article depuis sa source.<\/a><\/p>\n","protected":false},"excerpt":{"rendered":"<p>Si\u00e8ge de la Cour supr\u00eame (Photo : Sami K) Alors que deux anciens ministres, des Finances, Karim Djoudi, et des Travaux publics et des Transports, Ammar Tou, sont plac\u00e9s sous contr\u00f4le judiciaire par les magistrats de la Cour supr\u00eame, dans le cadre du dossier Ali Haddad, le patron du groupe Sovac, Mourad Oulmi, et son [&hellip;]<\/p>\n","protected":false},"author":1743,"featured_media":41151,"comment_status":"closed","ping_status":"closed","sticky":false,"template":"","format":"standard","meta":{"fifu_image_url":"","fifu_image_alt":"","footnotes":""},"categories":[73,53],"tags":[],"class_list":["post-41150","post","type-post","status-publish","format-standard","has-post-thumbnail","hentry","category-actualite","category-algerie"],"_links":{"self":[{"href":"https:\/\/linitiative.ca\/International\/wp-json\/wp\/v2\/posts\/41150","targetHints":{"allow":["GET"]}}],"collection":[{"href":"https:\/\/linitiative.ca\/International\/wp-json\/wp\/v2\/posts"}],"about":[{"href":"https:\/\/linitiative.ca\/International\/wp-json\/wp\/v2\/types\/post"}],"author":[{"embeddable":true,"href":"https:\/\/linitiative.ca\/International\/wp-json\/wp\/v2\/users\/1743"}],"replies":[{"embeddable":true,"href":"https:\/\/linitiative.ca\/International\/wp-json\/wp\/v2\/comments?post=41150"}],"version-history":[{"count":0,"href":"https:\/\/linitiative.ca\/International\/wp-json\/wp\/v2\/posts\/41150\/revisions"}],"wp:featuredmedia":[{"embeddable":true,"href":"https:\/\/linitiative.ca\/International\/wp-json\/"}],"wp:attachment":[{"href":"https:\/\/linitiative.ca\/International\/wp-json\/wp\/v2\/media?parent=41150"}],"wp:term":[{"taxonomy":"category","embeddable":true,"href":"https:\/\/linitiative.ca\/International\/wp-json\/wp\/v2\/categories?post=41150"},{"taxonomy":"post_tag","embeddable":true,"href":"https:\/\/linitiative.ca\/International\/wp-json\/wp\/v2\/tags?post=41150"}],"curies":[{"name":"wp","href":"https:\/\/api.w.org\/{rel}","templated":true}]}}