{"id":41152,"date":"2019-06-17T05:35:27","date_gmt":"2019-06-17T09:35:27","guid":{"rendered":"https:\/\/linitiative.ca\/International\/ses-hommes-de-confiance-et-ses-collaborateurs-defilent-devant-les-tribunaux-bouteflika-sera-t-il-juge\/"},"modified":"2019-06-17T05:35:27","modified_gmt":"2019-06-17T09:35:27","slug":"ses-hommes-de-confiance-et-ses-collaborateurs-defilent-devant-les-tribunaux-bouteflika-sera-t-il-juge","status":"publish","type":"post","link":"https:\/\/linitiative.ca\/International\/ses-hommes-de-confiance-et-ses-collaborateurs-defilent-devant-les-tribunaux-bouteflika-sera-t-il-juge\/","title":{"rendered":"Ses hommes de confiance et ses collaborateurs d\u00e9filent devant les tribunaux : Bouteflika sera-t-il jug\u00e9 ?"},"content":{"rendered":"<h4 class=\"title-14\"\/>\n<div class=\"featured_image\"><img width=\"631\" height=\"401\" data-cfsrc=\"https:\/\/www.elwatan.com\/wp-content\/uploads\/2019\/06\/boutef2-e1560764906585.jpg\" class=\"attachment-post-thumbnail size-post-thumbnail wp-post-image c1\" alt=\"\" srcset=\"https:\/\/www.elwatan.com\/wp-content\/uploads\/2019\/06\/boutef2-e1560764906585.jpg 631w, https:\/\/www.elwatan.com\/wp-content\/uploads\/2019\/06\/boutef2-e1560764906585-300x191.jpg 300w\" sizes=\"(max-width: 631px) 100vw, 631px\"\/><noscript><\/p>\n<p><img loading=\"lazy\" decoding=\"async\" width=\"631\" height=\"401\" src=\"https:\/\/www.elwatan.com\/wp-content\/uploads\/2019\/06\/boutef2-e1560764906585.jpg\" class=\"attachment-post-thumbnail size-post-thumbnail wp-post-image\" alt=\"\" srcset=\"https:\/\/www.elwatan.com\/wp-content\/uploads\/2019\/06\/boutef2-e1560764906585.jpg 631w, https:\/\/www.elwatan.com\/wp-content\/uploads\/2019\/06\/boutef2-e1560764906585-300x191.jpg 300w\" sizes=\"auto, (max-width: 631px) 100vw, 631px\"\/><\/p>\n<p><\/noscript> <span class=\"featured-image-caption\">Abdelaziz Bouteflika, qui sera jug\u00e9 par l\u2019Histoire pour avoir abus\u00e9 de la confiance du peuple alg\u00e9rien, pour avoir surtout livr\u00e9 le pays \u00e0 la rapine et \u00e0 la m\u00e9diocrit\u00e9, est donc un s\u00e9rieux sujet de pr\u00e9occupation populaire tant que son avenir judiciaire ne sera pas clarifi\u00e9 ( photo : B. souhil )<\/span><\/div>\n<p class=\"p1\"><span class=\"s1\">L<\/span><span class=\"s2\">a \u00abbande\u00bb extraconstitutionnelle est en train d\u2019\u00eatre d\u00e9mantel\u00e9e \u00e0 un rythme qui donne le vertige. Mais pour la r\u00e9volution populaire qui a pr\u00e9cipit\u00e9 sa descente aux enfers, il manque \u00e0 la liste l\u2019\u00e9l\u00e9ment essentiel, son \u00abchef\u00bb\u2026 Passera-t-il \u00e0 son tour devant les juges\u00a0?<\/span><\/p>\n<p class=\"p2\"><span class=\"s2\">Depuis qu\u2019il a \u00e9t\u00e9 d\u00e9poss\u00e9d\u00e9 de son 5<sup>e<\/sup> mandat, Abdelaziz Bouteflika est entr\u00e9 dans une phase d\u2019hibernation qui ne laisse pas les Alg\u00e9riens indiff\u00e9rents. Trop de questions sont pos\u00e9es \u00e0 son propos. O\u00f9 se trouve-t-il actuellement et pourquoi le pouvoir militaire entretient-il le secret sur sa personne ? Son \u00e9tat de sant\u00e9 s\u2019est-il encore d\u00e9grad\u00e9\u00a0? A-t-il \u00e9t\u00e9 \u00e9vacu\u00e9 vers un pays \u00e9tranger, comme l\u2019a soutenu la rumeur\u00a0?<\/span><\/p>\n<p class=\"p2\"><span class=\"s2\">Mais l\u2019interrogation principale, qui tourne au niveau du hirak et qui alimente de plus en plus le d\u00e9bat public, a trait au fait que le Pr\u00e9sident d\u00e9chu a \u00e9t\u00e9 jusque-l\u00e0 compl\u00e8tement ignor\u00e9 par la justice, alors que sa responsabilit\u00e9 directe dans la situation de d\u00e9liquescence que conna\u00eet le pays est engag\u00e9e.<\/span><\/p>\n<p class=\"p2\"><span class=\"s2\">Il y a, dit-on dans les milieux politiques, comme un hiatus \u00e0 constater son absence dans le processus judiciaire entam\u00e9, alors que celui-ci est pr\u00e9sent\u00e9 \u00e0 l\u2019opinion publique comme une d\u00e9marche intransigeante \u2013\u00a0une op\u00e9ration mains propres\u00a0\u2013 de laquelle aucune concession n\u2019est permise, m\u00eame quand on a la qualit\u00e9 de chef d\u2019Etat.<span class=\"Apple-converted-space\">\u00a0<\/span><\/span><\/p>\n<p class=\"p2\"><span class=\"s2\">Ainsi, alors que le silence est observ\u00e9 au plus haut niveau de la hi\u00e9rarchie du pouvoir sur le sort qui serait \u00e9ventuellement r\u00e9serv\u00e9 \u00e0 l\u2019ancien premier magistrat, et alors que la magistrature elle-m\u00eame ne semble pas vouloir s\u2019autosaisir pour faire venir Bouteflika \u00e0 la barre, des voix de plus en plus pressantes montent des cercles politiques et de la soci\u00e9t\u00e9 civile pour r\u00e9clamer des poursuites l\u00e9gales contre celui qui est consid\u00e9r\u00e9 comme le \u00abchef de bande\u00bb patent\u00e9, auquel tous les ministres et toutes les personnalit\u00e9s qui ont \u00e9t\u00e9 tra\u00een\u00e9s devant les tribunaux, avec emprisonnement pour nombre d\u2019entre eux, devaient ob\u00e9issance et soumission. C\u2019est une lapalissade de dire que c\u2019est Bouteflika qui r\u00e9gnait en ma\u00eetre absolu sur toutes les institutions et le personnel qui les faisait fonctionner, \u00e0 commencer par le gouvernement.<\/span><\/p>\n<p class=\"p2\"><span class=\"s2\">D\u00e9tenteur de tous les pouvoirs de d\u00e9cision, plus qu\u2019un monarque, le Pr\u00e9sident despote a \u00e9t\u00e9 le ma\u00eetre d\u2019\u0153uvre du ph\u00e9nom\u00e8ne de la corruption qui a gangren\u00e9 les rouages de l\u2019Etat, avant de passer le relais \u00e0 son fr\u00e8re quand il fut victime d\u2019un AVC. Mais m\u00eame en fauteuil roulant, il continuait son travail de sape jusqu\u2019\u00e0 pourrir la soci\u00e9t\u00e9 et la rendre totalement inop\u00e9rante, notamment sur le plan \u00e9conomique.<\/span><\/p>\n<p class=\"p2\"><span class=\"s2\">Bouteflika, qui sera jug\u00e9 par l\u2019Histoire pour avoir abus\u00e9 de la confiance du peuple alg\u00e9rien, pour avoir surtout livr\u00e9 le pays \u00e0 la rapine et \u00e0 la m\u00e9diocrit\u00e9, est donc un s\u00e9rieux sujet de pr\u00e9occupation populaire tant que son avenir judiciaire ne sera pas clarifi\u00e9. C\u2019est un message qui est envoy\u00e9 \u00e0 l\u2019institution militaire pour lui faire prendre ses responsabilit\u00e9s au moment o\u00f9 elle cherche \u00e0 cr\u00e9dibiliser son action devant les masses.<\/span><\/p>\n<p class=\"p2\"><span class=\"s2\">AGS ira-t-il jusqu\u2019au bout de son entreprise pour d\u00e9montrer que nul n\u2019est pr\u00e9cis\u00e9ment au-dessus de la justice et que tous ceux qui ont viol\u00e9 la loi et vers\u00e9 dans les malversations devront r\u00e9pondre de leurs actes ? L\u2019exemple \u00e9gyptien est \u00e0 ce propos tout indiqu\u00e9 pour ouvrir la voie \u00e0 une justice r\u00e9ellement ind\u00e9pendante et qui tient par dessus tout \u00e0 sa cr\u00e9dibilit\u00e9. Si Moubarak a \u00e9t\u00e9 pr\u00e9sent\u00e9 dans une civi\u00e8re devant les juges, il n\u2019y a aucune raison, laisse-t-on entendre pour que Bouteflika ne subisse pas la m\u00eame \u00e9preuve dans son fauteuil roulant.<\/span><\/p>\n<p class=\"p2\"><span class=\"s2\">Sinon l\u2019opinion publique croirait que le potentat d\u00e9chu aurait b\u00e9n\u00e9fici\u00e9 d\u2019un deal qui le prot\u00e9gerait d\u2019une poursuite judiciaire normalement in\u00e9luctable. Et serait forc\u00e9e de c\u00e9der encore \u00e0 la rumeur qui le donnerait en exil dans un pays du Golfe, en l\u2019occurrence celui des Emirats arabes unis o\u00f9 il a des attaches solides aupr\u00e8s de ses souverains.<\/span><\/p>\n<p class=\"p2\"><span class=\"s2\">Ce qui est s\u00fbr en tout cas, c\u2019est que Bouteflika a \u00e9mis le v\u0153u de partir dans ce pays o\u00f9 il aurait construit un somptueux palais \u00e0 Duba\u00ef et que la r\u00e9ponse du pouvoir alg\u00e9rien a \u00e9t\u00e9 n\u00e9gative, pr\u00e9textant ne pas disposer d\u2019un avion m\u00e9dicalis\u00e9 pour son transfert. Ce pays arabe, qui a tenu \u00e0 l\u2019accueillir, est revenu \u00e0 la charge en mettant \u00e0 sa disposition un gros porteur en cons\u00e9quence, mais le niet des Alg\u00e9riens est toujours maintenu. Faut-il penser que ce refus de le laisser partir \u00e0 l\u2019\u00e9tranger pourrait \u00eatre consid\u00e9r\u00e9 comme une \u00abmise en r\u00e9serve\u00bb pour une \u00e9ventuelle inculpation\u00a0? Tout reste possible.<span class=\"Apple-converted-space\">\u00a0<\/span><\/span><\/p>\n<p><span class=\"post-views-label\">Post Views:<\/span> <span class=\"post-views-count\">6\u00a0968<\/span><\/p>\n<p>Auteur: Hicham Chouadria<br \/>\n<a href=\"https:\/\/www.elwatan.com\/a-la-une\/ses-hommes-de-confiance-et-ses-collaborateurs-defilent-devant-les-tribunaux-bouteflika-sera-t-il-juge-17-06-2019\">Cliquez ici pour lire l&rsquo;article depuis sa source.<\/a><\/p>\n","protected":false},"excerpt":{"rendered":"<p>Abdelaziz Bouteflika, qui sera jug\u00e9 par l\u2019Histoire pour avoir abus\u00e9 de la confiance du peuple alg\u00e9rien, pour avoir surtout livr\u00e9 le pays \u00e0 la rapine et \u00e0 la m\u00e9diocrit\u00e9, est donc un s\u00e9rieux sujet de pr\u00e9occupation populaire tant que son avenir judiciaire ne sera pas clarifi\u00e9 ( photo : B. souhil ) La \u00abbande\u00bb extraconstitutionnelle [&hellip;]<\/p>\n","protected":false},"author":1743,"featured_media":41153,"comment_status":"closed","ping_status":"closed","sticky":false,"template":"","format":"standard","meta":{"fifu_image_url":"","fifu_image_alt":"","footnotes":""},"categories":[73,53],"tags":[],"class_list":["post-41152","post","type-post","status-publish","format-standard","has-post-thumbnail","hentry","category-actualite","category-algerie"],"_links":{"self":[{"href":"https:\/\/linitiative.ca\/International\/wp-json\/wp\/v2\/posts\/41152","targetHints":{"allow":["GET"]}}],"collection":[{"href":"https:\/\/linitiative.ca\/International\/wp-json\/wp\/v2\/posts"}],"about":[{"href":"https:\/\/linitiative.ca\/International\/wp-json\/wp\/v2\/types\/post"}],"author":[{"embeddable":true,"href":"https:\/\/linitiative.ca\/International\/wp-json\/wp\/v2\/users\/1743"}],"replies":[{"embeddable":true,"href":"https:\/\/linitiative.ca\/International\/wp-json\/wp\/v2\/comments?post=41152"}],"version-history":[{"count":0,"href":"https:\/\/linitiative.ca\/International\/wp-json\/wp\/v2\/posts\/41152\/revisions"}],"wp:featuredmedia":[{"embeddable":true,"href":"https:\/\/linitiative.ca\/International\/wp-json\/"}],"wp:attachment":[{"href":"https:\/\/linitiative.ca\/International\/wp-json\/wp\/v2\/media?parent=41152"}],"wp:term":[{"taxonomy":"category","embeddable":true,"href":"https:\/\/linitiative.ca\/International\/wp-json\/wp\/v2\/categories?post=41152"},{"taxonomy":"post_tag","embeddable":true,"href":"https:\/\/linitiative.ca\/International\/wp-json\/wp\/v2\/tags?post=41152"}],"curies":[{"name":"wp","href":"https:\/\/api.w.org\/{rel}","templated":true}]}}