{"id":41154,"date":"2019-06-17T07:04:35","date_gmt":"2019-06-17T11:04:35","guid":{"rendered":"https:\/\/linitiative.ca\/International\/lex-wali-dalger-abdelkader-zoukh-mis-sous-controle-judiciaire\/"},"modified":"2019-06-17T07:04:35","modified_gmt":"2019-06-17T11:04:35","slug":"lex-wali-dalger-abdelkader-zoukh-mis-sous-controle-judiciaire","status":"publish","type":"post","link":"https:\/\/linitiative.ca\/International\/lex-wali-dalger-abdelkader-zoukh-mis-sous-controle-judiciaire\/","title":{"rendered":"L\u2019ex-wali d\u2019Alger Abdelkader Zoukh mis sous contr\u00f4le judiciaire"},"content":{"rendered":"<h4 class=\"title-14\"\/>\n<p>Le juge d\u2019instruction pr\u00e8s la Cour supr\u00eame a ordonn\u00e9, lundi, la mise sous contr\u00f4le judiciaire de l\u2019ex-wali d\u2019Alger, Zoukh, apr\u00e8s son audition dans le cadre d\u2019une enqu\u00eate li\u00e9e \u00e0 des affaires de corruption, a-t-on appris aupr\u00e8s de la Cour supr\u00eame.<\/p>\n<p>Pour rappel, en application des dispositions de l\u2019article 573 du code de proc\u00e9dure p\u00e9nale, le parquet g\u00e9n\u00e9ral pr\u00e8s la Cour d\u2019Alger avait transmis au procureur g\u00e9n\u00e9ral pr\u00e8s la Cour supr\u00eame, le dossier d\u2019enqu\u00eate pr\u00e9liminaire instruite par la police judiciaire de la Gendarmerie nationale d\u2019Alger pour des faits \u00e0 caract\u00e8re p\u00e9nal, \u00e0 l\u2019encontre des nomm\u00e9s: Zaalane Abdelghani, Tou Amar, Tala\u00ef Boudjemaa, Ghoul Amar, Benyounes Amara, Bouazgui Abdelkader, Djoudi Karim, Bouchouareb Abdesslam, Zoukh Abdelkader, Khanfar\u00a0\u00a0 Mohamed Djamel, Sellal Abdelmalek et Ouyahia Ahmed, avait expliqu\u00e9 le Parquet g\u00e9n\u00e9ral pr\u00e8s la Cour d\u2019Alger. \u00a0$<\/p>\n<p>En raison de leurs fonctions au moment des faits, les susnomm\u00e9s b\u00e9n\u00e9ficient de la r\u00e8gle du privil\u00e8ge de juridiction consacr\u00e9e par le texte\u00a0\u00a0 de cette loi.<\/p>\n<p>Le juge d\u2019instruction pr\u00e8s la Cour supr\u00eame avait ordonn\u00e9, la semaine derni\u00e8re, le placement des deux anciens Premier ministres, Ahmed Ouyahia et Abdelmalek Sellal, ainsi que l\u2019ancien ministre du Commerce, Amara Benyounes en d\u00e9tention provisoire \u00e0 la prison d\u2019El Harrach \u00e0 Alger.<\/p>\n<p>Les anciens ministres des Transports et des Travaux publics, Abdelghani\u00a0\u00a0 Za\u00e2lane, et Amar Tou et l\u2019ancien ministre des Finances, Karim Djoudi ont, quant \u00e0 eux, \u00e9t\u00e9 plac\u00e9s sous contr\u00f4le judiciaire.<\/p>\n<p><span class=\"post-views-label\">Post Views:<\/span> <span class=\"post-views-count\">693<\/span><\/p>\n<p>Auteur: Farouk Djouadi<br \/>\n<a href=\"https:\/\/www.elwatan.com\/edition\/actualite\/lex-wali-dalger-abdelkader-zoukh-mis-sous-controle-judiciaire-17-06-2019\">Cliquez ici pour lire l&rsquo;article depuis sa source.<\/a><\/p>\n","protected":false},"excerpt":{"rendered":"<p>Le juge d\u2019instruction pr\u00e8s la Cour supr\u00eame a ordonn\u00e9, lundi, la mise sous contr\u00f4le judiciaire de l\u2019ex-wali d\u2019Alger, Zoukh, apr\u00e8s son audition dans le cadre d\u2019une enqu\u00eate li\u00e9e \u00e0 des affaires de corruption, a-t-on appris aupr\u00e8s de la Cour supr\u00eame. Pour rappel, en application des dispositions de l\u2019article 573 du code de proc\u00e9dure p\u00e9nale, le [&hellip;]<\/p>\n","protected":false},"author":1743,"featured_media":0,"comment_status":"closed","ping_status":"closed","sticky":false,"template":"","format":"standard","meta":{"fifu_image_url":"","fifu_image_alt":"","footnotes":""},"categories":[73,53],"tags":[],"class_list":["post-41154","post","type-post","status-publish","format-standard","hentry","category-actualite","category-algerie"],"_links":{"self":[{"href":"https:\/\/linitiative.ca\/International\/wp-json\/wp\/v2\/posts\/41154","targetHints":{"allow":["GET"]}}],"collection":[{"href":"https:\/\/linitiative.ca\/International\/wp-json\/wp\/v2\/posts"}],"about":[{"href":"https:\/\/linitiative.ca\/International\/wp-json\/wp\/v2\/types\/post"}],"author":[{"embeddable":true,"href":"https:\/\/linitiative.ca\/International\/wp-json\/wp\/v2\/users\/1743"}],"replies":[{"embeddable":true,"href":"https:\/\/linitiative.ca\/International\/wp-json\/wp\/v2\/comments?post=41154"}],"version-history":[{"count":0,"href":"https:\/\/linitiative.ca\/International\/wp-json\/wp\/v2\/posts\/41154\/revisions"}],"wp:attachment":[{"href":"https:\/\/linitiative.ca\/International\/wp-json\/wp\/v2\/media?parent=41154"}],"wp:term":[{"taxonomy":"category","embeddable":true,"href":"https:\/\/linitiative.ca\/International\/wp-json\/wp\/v2\/categories?post=41154"},{"taxonomy":"post_tag","embeddable":true,"href":"https:\/\/linitiative.ca\/International\/wp-json\/wp\/v2\/tags?post=41154"}],"curies":[{"name":"wp","href":"https:\/\/api.w.org\/{rel}","templated":true}]}}