{"id":41161,"date":"2019-06-17T08:29:03","date_gmt":"2019-06-17T12:29:03","guid":{"rendered":"https:\/\/linitiative.ca\/International\/ali-haddad-condamne-a-six-mois-de-prison-ferme\/"},"modified":"2019-06-17T08:29:03","modified_gmt":"2019-06-17T12:29:03","slug":"ali-haddad-condamne-a-six-mois-de-prison-ferme","status":"publish","type":"post","link":"https:\/\/linitiative.ca\/International\/ali-haddad-condamne-a-six-mois-de-prison-ferme\/","title":{"rendered":"Ali Haddad condamn\u00e9 \u00e0 six mois de prison ferme"},"content":{"rendered":"<h4 class=\"title-14\"\/>\n<div class=\"featured_image\"><img width=\"369\" height=\"325\" data-cfsrc=\"https:\/\/www.elwatan.com\/wp-content\/uploads\/2019\/06\/haddad-1.jpg\" class=\"attachment-post-thumbnail size-post-thumbnail wp-post-image c1\" alt=\"\" srcset=\"https:\/\/www.elwatan.com\/wp-content\/uploads\/2019\/06\/haddad-1.jpg 369w, https:\/\/www.elwatan.com\/wp-content\/uploads\/2019\/06\/haddad-1-300x264.jpg 300w\" sizes=\"(max-width: 369px) 100vw, 369px\"\/><noscript><\/p>\n<p><img loading=\"lazy\" decoding=\"async\" width=\"369\" height=\"325\" src=\"https:\/\/www.elwatan.com\/wp-content\/uploads\/2019\/06\/haddad-1.jpg\" class=\"attachment-post-thumbnail size-post-thumbnail wp-post-image\" alt=\"\" srcset=\"https:\/\/www.elwatan.com\/wp-content\/uploads\/2019\/06\/haddad-1.jpg 369w, https:\/\/www.elwatan.com\/wp-content\/uploads\/2019\/06\/haddad-1-300x264.jpg 300w\" sizes=\"auto, (max-width: 369px) 100vw, 369px\"\/><\/p>\n<p><\/noscript> <span class=\"featured-image-caption\">Ali Haddad. Photo : Souhil B\/ El Watan<\/span><\/div>\n<p>Le juge d\u2019application des peines pr\u00e8s le Tribunal de Bir Mourad Ra\u00efs (Alger), a prononc\u00e9, lundi, une peine de 6 mois de prison ferme assortie d\u2019une amende de 50.000 DA, \u00e0 l\u2019encontre de l\u2019homme d\u2019affaires Ali Haddad, poursuivi pour faux et usage de faux.<\/p>\n<p>Le juge a \u00e9galement prononc\u00e9 une peine de deux mois de prison avec sursis assortie d\u2019une amende de 20.000 Da \u00e0 l\u2019encontre du deuxi\u00e8me accus\u00e9 de cette affaire, en l\u2019occurrence Hassan Boualem, Directeur du Centre national de production des titres et documents s\u00e9curis\u00e9s d\u2019El Hamiz.<\/p>\n<p>Pour rappel, les accus\u00e9s pourront se pourvoir en appel, contre le jugement prononc\u00e9 \u00e0 leur encontre aujourd\u2019hui lundi, durant les 10 prochains jours. Les deux accus\u00e9s avaient \u00e9t\u00e9 entendus, le 3 juin dernier, sur les accusations d\u2019obtention indue de documents administratifs pour Ali Haddad et de d\u00e9livrance indue de documents pour Hassan Boualem.<\/p>\n<p>Le parquet avait requis une peine de 18 mois de prison ferme \u00e0 l\u2019encontre des deux accus\u00e9s assortie d\u2019une amende. La d\u00e9fense de Ali Haddad a requis son acquittement du chef d\u2019accusation de faux et usage de faux avec restitution de tous les documents et de la somme\u00a0\u00a0 d\u2019argent qu\u2019il avait en sa possession (pr\u00e8s de 4.000 euros et 400.000 da) lors de son arrestation au poste frontalier d\u2019Oum Teboul fin mars dernier,\u00a0 alors qu\u2019il s\u2019appr\u00eatait \u00e0 quitter le territoire national en direction de la Tunisie.<\/p>\n<p>La d\u00e9fense a soulev\u00e9 la \u00ab\u00a0nullit\u00e9 du PV d\u2019audition de l\u2019accus\u00e9\u00a0\u00bb, estimant que le dossier de cette affaire \u00e9tait \u00ab\u00a0vide et manquait de preuves et de\u00a0\u00a0 pi\u00e8ces \u00e0 conviction\u00a0\u00bb. Entendu par le juge, Ali Haddad a dit que sa d\u00e9tention de deux passeports\u00a0\u00a0 \u00e9tait \u00ab\u00a0normale\u00a0\u00bb, indiquant avoir utilis\u00e9 les deux passeports \u00ab\u00a0\u00e0 plusieurs reprises\u00a0\u00bb lors de ses d\u00e9placements \u00e0 l\u2019\u00e9tranger.<\/p>\n<p>Haddad a justifi\u00e9 la d\u00e9tention d\u2019un deuxi\u00e8me passeport biom\u00e9trique (48 pages) par le fait que sur son ancien passeport \u00e9tait appos\u00e9 un visa iranien, ce qui allait l\u2019emp\u00eacher de se d\u00e9placer librement aux Etats-Unis d\u2019Am\u00e9rique qui refusent \u00ab\u00a0d\u2019accorder un visa pour tout passeport o\u00f9 est\u00a0\u00a0 appos\u00e9 un visa iranien\u00a0\u00bb.\u00a0 Il a dit qu\u2019il n\u2019avait pas d\u00e9pos\u00e9 de dossier pour l\u2019obtention de son\u00a0\u00a0 nouveau passeport, obtenu suite \u00e0 \u00ab\u00a0une demande adress\u00e9e \u00e0 l\u2019ancien Premier-ministre, Abdelmalek Sellal\u00a0\u00bb.<\/p>\n<p>R\u00e9pondant \u00e0 la question du juge concernant son arrestation au niveau du poste frontalier d\u2019Oum Teboul, Ali Haddad a r\u00e9pondu qu\u2019il n\u2019\u00e9tait pas \u00ab\u00a0en fuite\u00a0\u00bb et qu\u2019il n\u2019\u00e9tait pas encore au courant de l\u2019\u00e9mission d\u2019une interdiction de sortie du territoire national (ISTN) \u00e0 son encontre.\u00a0\u00a0 Quant au deuxi\u00e8me accus\u00e9, Hassan Boualem qui a \u00e9t\u00e9 entendu en tant que t\u00e9moin lors des pr\u00e9c\u00e9dents proc\u00e8s, sa d\u00e9fense a plaid\u00e9 la relaxe lors de la pr\u00e9c\u00e9dente audience. \u00ab\u00a0Je suis responsable du Centre national de production des titres et\u00a0\u00a0 documents s\u00e9curis\u00e9s \u00e0 El Hamiz, depuis 2007\u00a0\u00bb, a affirm\u00e9 l\u2019accus\u00e9 qui ajoute que l\u2019\u00e9mission d\u2019un 2e passeport \u00e0 Haddad est \u00ab\u00a0une proc\u00e9dure juridique, prise sur instruction du minist\u00e8re de l\u2019Int\u00e9rieur en 2015, autorisant\u00a0\u00a0 l\u2019\u00e9mission d\u2019un nouveau passeport \u00e0 tout citoyen avec possibilit\u00e9 de conserver l\u2019ancien passeport, si un visa valable est appos\u00e9 sur ce dernier, r\u00e9v\u00e9lant \u00e0 ce propos, que \u00ab\u00a018.000 Alg\u00e9riens avaient b\u00e9n\u00e9fici\u00e9 de cette mesure\u00a0\u00bb.<\/p>\n<p>N\u00e9anmoins, poursuit l\u2019accus\u00e9, la loi \u00ab\u00a0interdit l\u2019utilisation de deux passeports en m\u00eame temps \u00ab\u00a0, imputant la responsabilit\u00e9 de contr\u00f4ler et de traiter cette infraction incombait \u00e0 \u00ab\u00a0la Police aux fronti\u00e8res (PAF) et aux postes frontaliers\u00bb.<\/p>\n<p>Concernant son accord pour la d\u00e9livrance d\u2019un nouveau passeport \u00e0 Ali Haddad sans que ce dernier ne pr\u00e9sente un dossier ni se soit acquitt\u00e9 des droits de timbres estim\u00e9s \u00e0 12.000 DA, Hassan Boualem a indiqu\u00e9 qu\u00a0\u00bbil avait re\u00e7u des instructions \u00e9manant directement de l\u2019ex-Secr\u00e9taire g\u00e9n\u00e9ral au minist\u00e8re de l\u2019Int\u00e9rieur, El Hocine Mazouz, \u00e0 l\u2019effet de d\u00e9livrer le passeport au concern\u00e9 \u00ab\u00a0, niant toutefois \u00ab\u00a0tout client\u00e9lisme en faveur de Haddad qui fut l\u2019un des premiers \u00e0 avoir b\u00e9n\u00e9fici\u00e9 du passeport biom\u00e9trique de 48 pages en Alg\u00e9rie\u00a0\u00bb.<\/p>\n<p>Il convient de rappeler que le tribunal de Bir Mourad Ra\u00efs (Alger) avait d\u00e9cid\u00e9, le 20 mai dernier, le report du proc\u00e8s d\u2019Ali Haddad, ,\u00a0\u00bbpour absence de t\u00e9moins\u00a0\u00bb. Ali Haddad avait comparu, le 3 avril dernier, devant le juge d\u2019instruction pr\u00e8s le m\u00eame tribunal, lequel avait ordonn\u00e9 son placement en d\u00e9tention provisoire \u00e0 l\u2019\u00e9tablissement <a href=\"https:\/\/www.elwatan.com\/a-la-une\/ali-haddad-arrete-au-poste-frontiere-doum-tboul-31-03-2019\">p\u00e9nitentiaire d\u2019El Harrach<\/a>.<\/p>\n<p><span class=\"post-views-label\">Post Views:<\/span> <span class=\"post-views-count\">949<\/span><\/p>\n<p>Auteur: Farouk Djouadi<br \/>\n<a href=\"https:\/\/www.elwatan.com\/edition\/actualite\/ali-haddad-condamne-a-six-mois-de-prison-ferme-17-06-2019\">Cliquez ici pour lire l&rsquo;article depuis sa source.<\/a><\/p>\n","protected":false},"excerpt":{"rendered":"<p>Ali Haddad. Photo : Souhil B\/ El Watan Le juge d\u2019application des peines pr\u00e8s le Tribunal de Bir Mourad Ra\u00efs (Alger), a prononc\u00e9, lundi, une peine de 6 mois de prison ferme assortie d\u2019une amende de 50.000 DA, \u00e0 l\u2019encontre de l\u2019homme d\u2019affaires Ali Haddad, poursuivi pour faux et usage de faux. Le juge a [&hellip;]<\/p>\n","protected":false},"author":1743,"featured_media":41162,"comment_status":"closed","ping_status":"closed","sticky":false,"template":"","format":"standard","meta":{"fifu_image_url":"","fifu_image_alt":"","footnotes":""},"categories":[73,53],"tags":[],"class_list":["post-41161","post","type-post","status-publish","format-standard","has-post-thumbnail","hentry","category-actualite","category-algerie"],"_links":{"self":[{"href":"https:\/\/linitiative.ca\/International\/wp-json\/wp\/v2\/posts\/41161","targetHints":{"allow":["GET"]}}],"collection":[{"href":"https:\/\/linitiative.ca\/International\/wp-json\/wp\/v2\/posts"}],"about":[{"href":"https:\/\/linitiative.ca\/International\/wp-json\/wp\/v2\/types\/post"}],"author":[{"embeddable":true,"href":"https:\/\/linitiative.ca\/International\/wp-json\/wp\/v2\/users\/1743"}],"replies":[{"embeddable":true,"href":"https:\/\/linitiative.ca\/International\/wp-json\/wp\/v2\/comments?post=41161"}],"version-history":[{"count":0,"href":"https:\/\/linitiative.ca\/International\/wp-json\/wp\/v2\/posts\/41161\/revisions"}],"wp:featuredmedia":[{"embeddable":true,"href":"https:\/\/linitiative.ca\/International\/wp-json\/"}],"wp:attachment":[{"href":"https:\/\/linitiative.ca\/International\/wp-json\/wp\/v2\/media?parent=41161"}],"wp:term":[{"taxonomy":"category","embeddable":true,"href":"https:\/\/linitiative.ca\/International\/wp-json\/wp\/v2\/categories?post=41161"},{"taxonomy":"post_tag","embeddable":true,"href":"https:\/\/linitiative.ca\/International\/wp-json\/wp\/v2\/tags?post=41161"}],"curies":[{"name":"wp","href":"https:\/\/api.w.org\/{rel}","templated":true}]}}