{"id":41172,"date":"2019-06-17T13:30:00","date_gmt":"2019-06-17T17:30:00","guid":{"rendered":"https:\/\/linitiative.ca\/International\/deces-de-mohamed-morsy-lancien-chef-de-letat-egyptien-2\/"},"modified":"2019-06-17T13:30:00","modified_gmt":"2019-06-17T17:30:00","slug":"deces-de-mohamed-morsy-lancien-chef-de-letat-egyptien-2","status":"publish","type":"post","link":"https:\/\/linitiative.ca\/International\/deces-de-mohamed-morsy-lancien-chef-de-letat-egyptien-2\/","title":{"rendered":"D\u00e9c\u00e8s de Mohamed Morsy, l&rsquo;ancien chef de l&rsquo;Etat \u00e9gyptien"},"content":{"rendered":"<p>Victime d\u2019un malaise pendant une comparution au tribunal, l\u2019ancien pr\u00e9sident \u00e9gyptien Mohamed Morsi est mort ce lundi.<br \/>Chef de file des Fr\u00e8res musulmans, Mohamed Morsi \u00e9tait devenu, en 2012, le premier pr\u00e9sident librement \u00e9lu de l\u2019histoire de l\u2019Egypte.<br \/>Il avait \u00e9t\u00e9 renvers\u00e9 par l\u2019arm\u00e9e un an plus tard apr\u00e8s de grandes manifestations anti islamistes.<\/p>\n<p>Auteur:<br \/>\n<a href=\"https:\/\/www.leaders.com.tn\/article\/27302-victime-d-un-malaise-pendant-une-comparution-au-tribuna-il-avait-67-ans\">Cliquez ici pour lire l&rsquo;article depuis sa source.<\/a><\/p>\n","protected":false},"excerpt":{"rendered":"<p>Victime d\u2019un malaise pendant une comparution au tribunal, l\u2019ancien pr\u00e9sident \u00e9gyptien Mohamed Morsi est mort ce lundi.Chef de file des Fr\u00e8res musulmans, Mohamed Morsi \u00e9tait devenu, en 2012, le premier pr\u00e9sident librement \u00e9lu de l\u2019histoire de l\u2019Egypte.Il avait \u00e9t\u00e9 renvers\u00e9 par l\u2019arm\u00e9e un an plus tard apr\u00e8s de grandes manifestations anti islamistes. Auteur: Cliquez ici [&hellip;]<\/p>\n","protected":false},"author":1772,"featured_media":0,"comment_status":"closed","ping_status":"closed","sticky":false,"template":"","format":"standard","meta":{"fifu_image_url":"","fifu_image_alt":"","footnotes":""},"categories":[73,55],"tags":[],"class_list":["post-41172","post","type-post","status-publish","format-standard","hentry","category-actualite","category-tunisie"],"_links":{"self":[{"href":"https:\/\/linitiative.ca\/International\/wp-json\/wp\/v2\/posts\/41172","targetHints":{"allow":["GET"]}}],"collection":[{"href":"https:\/\/linitiative.ca\/International\/wp-json\/wp\/v2\/posts"}],"about":[{"href":"https:\/\/linitiative.ca\/International\/wp-json\/wp\/v2\/types\/post"}],"author":[{"embeddable":true,"href":"https:\/\/linitiative.ca\/International\/wp-json\/wp\/v2\/users\/1772"}],"replies":[{"embeddable":true,"href":"https:\/\/linitiative.ca\/International\/wp-json\/wp\/v2\/comments?post=41172"}],"version-history":[{"count":0,"href":"https:\/\/linitiative.ca\/International\/wp-json\/wp\/v2\/posts\/41172\/revisions"}],"wp:attachment":[{"href":"https:\/\/linitiative.ca\/International\/wp-json\/wp\/v2\/media?parent=41172"}],"wp:term":[{"taxonomy":"category","embeddable":true,"href":"https:\/\/linitiative.ca\/International\/wp-json\/wp\/v2\/categories?post=41172"},{"taxonomy":"post_tag","embeddable":true,"href":"https:\/\/linitiative.ca\/International\/wp-json\/wp\/v2\/tags?post=41172"}],"curies":[{"name":"wp","href":"https:\/\/api.w.org\/{rel}","templated":true}]}}