{"id":41175,"date":"2019-06-17T06:00:00","date_gmt":"2019-06-17T10:00:00","guid":{"rendered":"https:\/\/linitiative.ca\/International\/lintrigante-eclipse-de-ghoul\/"},"modified":"2019-06-17T06:00:00","modified_gmt":"2019-06-17T10:00:00","slug":"lintrigante-eclipse-de-ghoul","status":"publish","type":"post","link":"https:\/\/linitiative.ca\/International\/lintrigante-eclipse-de-ghoul\/","title":{"rendered":"L\u2019intrigante \u00e9clipse de Ghoul"},"content":{"rendered":"<p>Alors que son nom revient de plus en plus souvent ces derniers temps parmi les personnalit\u00e9s concern\u00e9es par une lev\u00e9e d\u2019immunit\u00e9 parlementaire, Amar Ghoul semble s\u2019\u00eatre totalement volatilis\u00e9.<br \/>Ainsi, il semblerait que le patron de TAJ n\u2019a pas \u00e9t\u00e9 vu du c\u00f4t\u00e9 du si\u00e8ge de son parti depuis quelques jours, tout comme il n\u2019avait pas \u00e9t\u00e9 vu, de m\u00eame que ses proches, \u00e0 Club-des-Pins, o\u00f9 il r\u00e9side depuis des ann\u00e9es. Une \u00e9clipse qui ne cesse d\u2019alimenter les rumeurs.<\/p>\n<p>Auteur:<br \/>\n<a href=\"https:\/\/www.lesoirdalgerie.com\/periscoop\/lintrigante-eclipse-de-ghoul-25530\">Cliquez ici pour lire l&rsquo;article depuis sa source.<\/a><\/p>\n","protected":false},"excerpt":{"rendered":"<p>Alors que son nom revient de plus en plus souvent ces derniers temps parmi les personnalit\u00e9s concern\u00e9es par une lev\u00e9e d\u2019immunit\u00e9 parlementaire, Amar Ghoul semble s\u2019\u00eatre totalement volatilis\u00e9.Ainsi, il semblerait que le patron de TAJ n\u2019a pas \u00e9t\u00e9 vu du c\u00f4t\u00e9 du si\u00e8ge de son parti depuis quelques jours, tout comme il n\u2019avait pas \u00e9t\u00e9 [&hellip;]<\/p>\n","protected":false},"author":1741,"featured_media":0,"comment_status":"closed","ping_status":"closed","sticky":false,"template":"","format":"standard","meta":{"fifu_image_url":"","fifu_image_alt":"","footnotes":""},"categories":[73,53],"tags":[],"class_list":["post-41175","post","type-post","status-publish","format-standard","hentry","category-actualite","category-algerie"],"_links":{"self":[{"href":"https:\/\/linitiative.ca\/International\/wp-json\/wp\/v2\/posts\/41175","targetHints":{"allow":["GET"]}}],"collection":[{"href":"https:\/\/linitiative.ca\/International\/wp-json\/wp\/v2\/posts"}],"about":[{"href":"https:\/\/linitiative.ca\/International\/wp-json\/wp\/v2\/types\/post"}],"author":[{"embeddable":true,"href":"https:\/\/linitiative.ca\/International\/wp-json\/wp\/v2\/users\/1741"}],"replies":[{"embeddable":true,"href":"https:\/\/linitiative.ca\/International\/wp-json\/wp\/v2\/comments?post=41175"}],"version-history":[{"count":0,"href":"https:\/\/linitiative.ca\/International\/wp-json\/wp\/v2\/posts\/41175\/revisions"}],"wp:attachment":[{"href":"https:\/\/linitiative.ca\/International\/wp-json\/wp\/v2\/media?parent=41175"}],"wp:term":[{"taxonomy":"category","embeddable":true,"href":"https:\/\/linitiative.ca\/International\/wp-json\/wp\/v2\/categories?post=41175"},{"taxonomy":"post_tag","embeddable":true,"href":"https:\/\/linitiative.ca\/International\/wp-json\/wp\/v2\/tags?post=41175"}],"curies":[{"name":"wp","href":"https:\/\/api.w.org\/{rel}","templated":true}]}}