{"id":41176,"date":"2019-06-17T06:00:00","date_gmt":"2019-06-17T10:00:00","guid":{"rendered":"https:\/\/linitiative.ca\/International\/touche-pas-au-but-commun\/"},"modified":"2019-06-17T06:00:00","modified_gmt":"2019-06-17T10:00:00","slug":"touche-pas-au-but-commun","status":"publish","type":"post","link":"https:\/\/linitiative.ca\/International\/touche-pas-au-but-commun\/","title":{"rendered":"Touche pas au but commun !"},"content":{"rendered":"<p class=\"c3\">Depuis le 22 f\u00e9vrier dernier, toutes les tendances confondues se retrouvent dehors autour de slogans remis \u00e0 jour, mais personne ne propose de feuille de route cr\u00e9dible qui consacre une sortie de crise assur\u00e9e. Les propositions ne manquent pas, mais ce dont chaque acteur de la soci\u00e9t\u00e9 civile qui travaille \u00e0 faire triompher la revendication a bel et bien conscience, c\u2019est que les gens sont encore dans le rejet et le besoin de le dire.\u00a0<br \/>Le ras-le-bol \u00e9tant de mise et de m\u00eame nature pour tous, peut-\u00eatre faudra-t-il un peu plus de temps avant de renouer avec la confiance et accepter de s\u2019en remettre \u00e0 des profils ind\u00e9pendants de toute influence, engag\u00e9s en faveur du renouveau.\u00a0<br \/>Des collectifs compos\u00e9s de personnalit\u00e9s et d\u2019associations se r\u00e9unissent et r\u00e9fl\u00e9chissent \u00e0 des solutions. Ils s\u2019expriment et rendent publiques leurs positions.\u00a0<br \/>D\u2019aucuns affirment, cependant, que, pour l\u2019heure, personne ne peut certifier quand la rue sera enfin pr\u00eate \u00e0 se d\u00e9faire de sa m\u00e9fiance \u00e0 l\u2019\u00e9gard des solutions de sortie de crise qui lui sont offertes de part et d\u2019autre. Ce que, par contre, bon nombre d\u2019observateurs soulignent, c\u2019est le ressentiment \u00e9vident que les gens ont encore besoin d\u2019exprimer. Hier, tout au sommet de la pyramide, les choses\u00a0 se passaient dans une indiff\u00e9rence quasi g\u00e9n\u00e9rale. Aujourd\u2019hui, ce n\u2019est plus le cas. Les hauts responsables ont sans doute pens\u00e9 que si la contestation perdurait, c\u2019\u00e9tait parce qu\u2019ils avaient toujours c\u00e9d\u00e9 au premier signe de r\u00e9volte et revenaient, ponctuellement, sur presque chaque d\u00e9cision prise quelques heures auparavant. D\u00e9sormais et tandis que l\u2019on ne sait plus vraiment qui tient la corde et qui est habilit\u00e9 \u00e0 tirer dessus, il faut beaucoup de sang-froid pour vaincre la peur d\u2019un avenir qui ne serait pas prometteur et une m\u00e9moire mieux arm\u00e9e pour nous aider \u00e0 faire reculer les forces oppos\u00e9es au changement. En attendant que les choses se remettent \u00e0 fonctionner au profit de populations qui attendent de pouvoir vivre mieux \u00e0 tous points de vue, on continuera \u00e0 avoir, d\u2019un c\u00f4t\u00e9, un peuple qui r\u00e9siste et, de l\u2019autre, un clan qui continue \u00e0 d\u00e9pouiller all\u00e8grement le pays pour se construire des fortunes sous d\u2019autres cieux.\u00a0<br \/><em><strong>M. B.\u00a0<\/strong><\/em><\/p>\n<p>Auteur:<br \/>\n<a href=\"https:\/\/www.lesoirdalgerie.com\/soit-dit-en-passant\/touche-pas-au-but-commun-25529\">Cliquez ici pour lire l&rsquo;article depuis sa source.<\/a><\/p>\n","protected":false},"excerpt":{"rendered":"<p>Depuis le 22 f\u00e9vrier dernier, toutes les tendances confondues se retrouvent dehors autour de slogans remis \u00e0 jour, mais personne ne propose de feuille de route cr\u00e9dible qui consacre une sortie de crise assur\u00e9e. Les propositions ne manquent pas, mais ce dont chaque acteur de la soci\u00e9t\u00e9 civile qui travaille \u00e0 faire triompher la revendication [&hellip;]<\/p>\n","protected":false},"author":1741,"featured_media":0,"comment_status":"closed","ping_status":"closed","sticky":false,"template":"","format":"standard","meta":{"fifu_image_url":"","fifu_image_alt":"","footnotes":""},"categories":[73,53],"tags":[],"class_list":["post-41176","post","type-post","status-publish","format-standard","hentry","category-actualite","category-algerie"],"_links":{"self":[{"href":"https:\/\/linitiative.ca\/International\/wp-json\/wp\/v2\/posts\/41176","targetHints":{"allow":["GET"]}}],"collection":[{"href":"https:\/\/linitiative.ca\/International\/wp-json\/wp\/v2\/posts"}],"about":[{"href":"https:\/\/linitiative.ca\/International\/wp-json\/wp\/v2\/types\/post"}],"author":[{"embeddable":true,"href":"https:\/\/linitiative.ca\/International\/wp-json\/wp\/v2\/users\/1741"}],"replies":[{"embeddable":true,"href":"https:\/\/linitiative.ca\/International\/wp-json\/wp\/v2\/comments?post=41176"}],"version-history":[{"count":0,"href":"https:\/\/linitiative.ca\/International\/wp-json\/wp\/v2\/posts\/41176\/revisions"}],"wp:attachment":[{"href":"https:\/\/linitiative.ca\/International\/wp-json\/wp\/v2\/media?parent=41176"}],"wp:term":[{"taxonomy":"category","embeddable":true,"href":"https:\/\/linitiative.ca\/International\/wp-json\/wp\/v2\/categories?post=41176"},{"taxonomy":"post_tag","embeddable":true,"href":"https:\/\/linitiative.ca\/International\/wp-json\/wp\/v2\/tags?post=41176"}],"curies":[{"name":"wp","href":"https:\/\/api.w.org\/{rel}","templated":true}]}}