{"id":41180,"date":"2019-06-17T06:00:00","date_gmt":"2019-06-17T10:00:00","guid":{"rendered":"https:\/\/linitiative.ca\/International\/que-faire-contre-les-points-noirs\/"},"modified":"2019-06-17T06:00:00","modified_gmt":"2019-06-17T10:00:00","slug":"que-faire-contre-les-points-noirs","status":"publish","type":"post","link":"https:\/\/linitiative.ca\/International\/que-faire-contre-les-points-noirs\/","title":{"rendered":"Que faire contre les points noirs ?"},"content":{"rendered":"<p>Pour lutter contre les points noirs, il existe de tr\u00e8s vieux rem\u00e8des de grand-m\u00e8re. D\u00e9couvrez 2 astuces naturelles pour enfin se d\u00e9barrasser de l\u2019exc\u00e8s de s\u00e9bum de la peau.<br \/><strong>La pomme de terre<\/strong><br \/>Coupez une pomme de terre non trait\u00e9e en rondelles. Appliquez directement une rondelle sur vos points noirs tout en massant. A renouveler 2 \u00e0 3 fois par jour. Cette astuce permet d\u2019\u00e9liminer l\u2019exc\u00e8s de s\u00e9bum de la peau.<br \/><strong>Le citron<\/strong><br \/>Coupez un citron en deux. Prenez un coton-tige, puis imbibez-le de jus de citron. Tamponnez les zones \u00e0 points noirs de votre visage. A faire 2 ou 3 fois par jour pendant une semaine.<\/p>\n<p>Auteur:<br \/>\n<a href=\"https:\/\/www.lesoirdalgerie.com\/femme-magazine\/que-faire-contre-les-points-noirs-25525\">Cliquez ici pour lire l&rsquo;article depuis sa source.<\/a><\/p>\n","protected":false},"excerpt":{"rendered":"<p>Pour lutter contre les points noirs, il existe de tr\u00e8s vieux rem\u00e8des de grand-m\u00e8re. D\u00e9couvrez 2 astuces naturelles pour enfin se d\u00e9barrasser de l\u2019exc\u00e8s de s\u00e9bum de la peau.La pomme de terreCoupez une pomme de terre non trait\u00e9e en rondelles. Appliquez directement une rondelle sur vos points noirs tout en massant. A renouveler 2 \u00e0 [&hellip;]<\/p>\n","protected":false},"author":1741,"featured_media":0,"comment_status":"closed","ping_status":"closed","sticky":false,"template":"","format":"standard","meta":{"fifu_image_url":"","fifu_image_alt":"","footnotes":""},"categories":[73,53],"tags":[],"class_list":["post-41180","post","type-post","status-publish","format-standard","hentry","category-actualite","category-algerie"],"_links":{"self":[{"href":"https:\/\/linitiative.ca\/International\/wp-json\/wp\/v2\/posts\/41180","targetHints":{"allow":["GET"]}}],"collection":[{"href":"https:\/\/linitiative.ca\/International\/wp-json\/wp\/v2\/posts"}],"about":[{"href":"https:\/\/linitiative.ca\/International\/wp-json\/wp\/v2\/types\/post"}],"author":[{"embeddable":true,"href":"https:\/\/linitiative.ca\/International\/wp-json\/wp\/v2\/users\/1741"}],"replies":[{"embeddable":true,"href":"https:\/\/linitiative.ca\/International\/wp-json\/wp\/v2\/comments?post=41180"}],"version-history":[{"count":0,"href":"https:\/\/linitiative.ca\/International\/wp-json\/wp\/v2\/posts\/41180\/revisions"}],"wp:attachment":[{"href":"https:\/\/linitiative.ca\/International\/wp-json\/wp\/v2\/media?parent=41180"}],"wp:term":[{"taxonomy":"category","embeddable":true,"href":"https:\/\/linitiative.ca\/International\/wp-json\/wp\/v2\/categories?post=41180"},{"taxonomy":"post_tag","embeddable":true,"href":"https:\/\/linitiative.ca\/International\/wp-json\/wp\/v2\/tags?post=41180"}],"curies":[{"name":"wp","href":"https:\/\/api.w.org\/{rel}","templated":true}]}}