{"id":41187,"date":"2019-06-17T12:52:14","date_gmt":"2019-06-17T16:52:14","guid":{"rendered":"https:\/\/linitiative.ca\/International\/egypte-deces-de-lancien-president-mohamed-morsi\/"},"modified":"2019-06-17T12:52:14","modified_gmt":"2019-06-17T16:52:14","slug":"egypte-deces-de-lancien-president-mohamed-morsi","status":"publish","type":"post","link":"https:\/\/linitiative.ca\/International\/egypte-deces-de-lancien-president-mohamed-morsi\/","title":{"rendered":"Egypte : d\u00e9c\u00e8s de l\u2019ancien pr\u00e9sident Mohamed Morsi"},"content":{"rendered":"<p>L\u2019ancien pr\u00e9sident \u00e9gyptien Mohamed Morsi est d\u00e9c\u00e9d\u00e9, apr\u00e8s avoir \u00e9t\u00e9 victime d\u2019un malaise pendant une comparution au tribunal, rapportent lundi des m\u00e9dias locaux.<\/p>\n<div class=\"c10\"\/>\n<p>Mohamed Morsi \u00e9tait devenu en 2012 pr\u00e9sident de l\u2019Egypte, un an apr\u00e8s la chute de son pr\u00e9d\u00e9cesseur Hosni Moubarak.<\/p>\n<p>Selon la t\u00e9l\u00e9vision d\u2019\u00c9tat, le d\u00e9funt a \u00e9t\u00e9 victime d\u2019un malaise pendant une audience au tribunal et son d\u00e9c\u00e8s a \u00e9t\u00e9 constat\u00e9 peu apr\u00e8s. Il avait 67 ans.<\/p>\n<div class=\"c17\">\n<fieldset class=\"c16\">\n<legend><strong><span class=\"c11\">Challenge<\/span><span class=\"c12\">news<\/span><\/strong><\/legend>\n<div class=\"c15\">Le meilleur de la r\u00e9daction s\u00e9lectionn\u00e9 par Challenge :<\/p>\n<\/div>\n<\/fieldset>\n<\/div>\n<p>Auteur: challenge<br \/>\n<a href=\"https:\/\/www.challenge.ma\/egypte-deces-de-lancien-president-mohamed-morsi-110841\/\">Cliquez ici pour lire l&rsquo;article depuis sa source.<\/a><\/p>\n","protected":false},"excerpt":{"rendered":"<p>L\u2019ancien pr\u00e9sident \u00e9gyptien Mohamed Morsi est d\u00e9c\u00e9d\u00e9, apr\u00e8s avoir \u00e9t\u00e9 victime d\u2019un malaise pendant une comparution au tribunal, rapportent lundi des m\u00e9dias locaux. Mohamed Morsi \u00e9tait devenu en 2012 pr\u00e9sident de l\u2019Egypte, un an apr\u00e8s la chute de son pr\u00e9d\u00e9cesseur Hosni Moubarak. Selon la t\u00e9l\u00e9vision d\u2019\u00c9tat, le d\u00e9funt a \u00e9t\u00e9 victime d\u2019un malaise pendant une [&hellip;]<\/p>\n","protected":false},"author":1787,"featured_media":0,"comment_status":"closed","ping_status":"closed","sticky":false,"template":"","format":"standard","meta":{"fifu_image_url":"","fifu_image_alt":"","footnotes":""},"categories":[78,54],"tags":[],"class_list":["post-41187","post","type-post","status-publish","format-standard","hentry","category-economie","category-maroc"],"_links":{"self":[{"href":"https:\/\/linitiative.ca\/International\/wp-json\/wp\/v2\/posts\/41187","targetHints":{"allow":["GET"]}}],"collection":[{"href":"https:\/\/linitiative.ca\/International\/wp-json\/wp\/v2\/posts"}],"about":[{"href":"https:\/\/linitiative.ca\/International\/wp-json\/wp\/v2\/types\/post"}],"author":[{"embeddable":true,"href":"https:\/\/linitiative.ca\/International\/wp-json\/wp\/v2\/users\/1787"}],"replies":[{"embeddable":true,"href":"https:\/\/linitiative.ca\/International\/wp-json\/wp\/v2\/comments?post=41187"}],"version-history":[{"count":0,"href":"https:\/\/linitiative.ca\/International\/wp-json\/wp\/v2\/posts\/41187\/revisions"}],"wp:attachment":[{"href":"https:\/\/linitiative.ca\/International\/wp-json\/wp\/v2\/media?parent=41187"}],"wp:term":[{"taxonomy":"category","embeddable":true,"href":"https:\/\/linitiative.ca\/International\/wp-json\/wp\/v2\/categories?post=41187"},{"taxonomy":"post_tag","embeddable":true,"href":"https:\/\/linitiative.ca\/International\/wp-json\/wp\/v2\/tags?post=41187"}],"curies":[{"name":"wp","href":"https:\/\/api.w.org\/{rel}","templated":true}]}}